{"id":63745,"date":"2023-04-11T14:30:21","date_gmt":"2023-04-11T20:30:21","guid":{"rendered":"https:\/\/elmetropolitano.com.gt\/es\/?p=63745"},"modified":"2023-04-11T14:30:23","modified_gmt":"2023-04-11T20:30:23","slug":"entra-en-vigencia-las-reformas-a-la-ley-contra-la-delincuencia-organizada","status":"publish","type":"post","link":"https:\/\/elmetropolitano.com.gt\/es\/entra-en-vigencia-las-reformas-a-la-ley-contra-la-delincuencia-organizada\/","title":{"rendered":"Entra en vigencia las reformas a la Ley contra la delincuencia organizada"},"content":{"rendered":"\n<p>Entran en vigencia las reformas al C\u00f3digo Penal y a la Ley Contra la Delincuencia Organizada seg\u00fan el Decreto 8-2023.<\/p>\n\n\n\n<p>De <a><\/a>acuerdo con el Congreso de la Rep\u00fablica, este decreto reforma al decreto 17-73, C\u00f3digo Penal, y el Decreto 21-2006, Ley Contra la Delincuencia Organizada.<\/p><div class=\"elmet-contenido\" id=\"elmet-1322147619\"><div class=\"elmet-adlabel\">Anuncios<\/div><div style=\"margin-top: 20px;margin-right: 20px;margin-bottom: 20px;margin-left: 20px;\" id=\"elmet-3997971156\"><a href=\"https:\/\/www.facebook.com\/arrincuanantigua\/\" aria-label=\"cintillo-arrin-cual\"><img loading=\"lazy\" decoding=\"async\" src=\"https:\/\/elmetropolitano.com.gt\/es\/wp-content\/uploads\/2021\/11\/cintillo-arrin-cual-1.jpg\" alt=\"\"  srcset=\"https:\/\/elmetropolitano.com.gt\/es\/wp-content\/uploads\/2021\/11\/cintillo-arrin-cual-1.jpg 750w, https:\/\/elmetropolitano.com.gt\/es\/wp-content\/uploads\/2021\/11\/cintillo-arrin-cual-1-300x36.jpg 300w, https:\/\/elmetropolitano.com.gt\/es\/wp-content\/uploads\/2021\/11\/cintillo-arrin-cual-1-600x72.jpg 600w\" sizes=\"(max-width: 750px) 100vw, 750px\" width=\"750\" height=\"90\"   \/><\/a><\/div><\/div>\n\n\n\n<p>Esto con el fin de establecer mecanismos para perseguir penalmente y sancionar los delitos de robo y hurto de energ\u00eda el\u00e9ctrica en el pa\u00eds.<\/p>\n\n\n\n<p>Al respecto, las autoridades destacaron que el robo y hurto de energ\u00eda es un problema que afecta a muchas comunidades que se quedan sin este recurso para sus actividades diarias.<\/p>\n\n\n\n<p>Sobre las reformas<\/p>\n\n\n\n<p>Dentro del C\u00f3digo Penal ya se contemplaban algunos tipos delictivos que sancionaban el hurto y robo del fluido; sin embargo, no se estipulaban sanciones proporcionalmente equivalentes.<\/p>\n\n\n\n<p>Por ello, quienes se dedican a la interferencia y abuso de la prestaci\u00f3n de estos servicios no desist\u00edan de sus actos.<\/p>\n\n\n\n<p>En ese sentido, con la Ley aprobada, se modifica el Art\u00edculo 249 del C\u00f3digo Penal. Esto, para que quien de manera il\u00edcita robe energ\u00eda el\u00e9ctrica, agua, gas o cualquier otro fluido sea sancionado con prisi\u00f3n de dos a cuatro a\u00f1os y multa de 10 mil quetzales.<\/p>\n\n\n\n<p>Adem\u00e1s, esta reforma establece que si el delito fue cometido por un grupo delictivo organizado, ser\u00e1 sancionado con prisi\u00f3n de cuatro a ocho a\u00f1os y multa de 100 mil quetzales.<\/p>\n\n\n\n<p>Del mismo modo, se agreg\u00f3 a este art\u00edculo que quien cometa hurto de energ\u00eda el\u00e9ctrica mediante conexiones ilegales, sea sancionado con cinco a ocho a\u00f1os y una multa de 5 mil a 10 mil quetzales.<\/p>\n\n\n\n<p>Todo esto tiene como objetivo fortalecer la normativa penal en materia de hurto y robo de fluidos, as\u00ed como de conexiones ilegales.<\/p>\n\n\n\n<p>Lo anterior, para darle cumplimiento al mandato constitucional que busca la electrificaci\u00f3n del pa\u00eds.<\/p>\n\n\n\n<p>Texto: Veylin Herrera<\/p>\n\n\n\n<p><a href=\"https:\/\/www.facebook.com\/hashtag\/metroredes?__eep__=6&amp;__cft__[0]=AZVu2qhI7NY2j5IPNSZl-d8fivoK7Rjy3kjd3vxE0xFGyLaaXFDGhktHy0nWk0-AY5QiAeQRZXtKg-4uxDMNjR9xISxCFmrfMoTpLBCSUeZ7BRG53JM3FC-E5Is6AGB9fSv5gnLFg1z6OUgsHBYsUfDuq1Awm-OEn2aynTYW4CXPxAO8OqQsJCD6RmqCTyB3WSo&amp;__tn__=*NK-R\">#metroredes<\/a><\/p>\n\n\n\n<p><\/p>\n","protected":false},"excerpt":{"rendered":"<p>Entran en vigencia las reformas al C\u00f3digo Penal y a la Ley Contra la Delincuencia Organizada seg\u00fan el Decreto 8-2023. De acuerdo con el Congreso de la Rep\u00fablica, este decreto reforma al decreto 17-73, C\u00f3digo Penal, y el Decreto 21-2006, Ley Contra la Delincuencia Organizada. Esto con el fin de establecer mecanismos para perseguir penalmente <a class=\"read-more\" href=\"https:\/\/elmetropolitano.com.gt\/es\/entra-en-vigencia-las-reformas-a-la-ley-contra-la-delincuencia-organizada\/\">Leer m\u00e1s<\/a><\/p>\n","protected":false},"author":1,"featured_media":63746,"comment_status":"open","ping_status":"closed","sticky":false,"template":"","format":"standard","meta":{"footnotes":""},"categories":[2],"tags":[12],"class_list":["post-63745","post","type-post","status-publish","format-standard","has-post-thumbnail","hentry","category-nacionales","tag-nacionales"],"_links":{"self":[{"href":"https:\/\/elmetropolitano.com.gt\/es\/wp-json\/wp\/v2\/posts\/63745","targetHints":{"allow":["GET"]}}],"collection":[{"href":"https:\/\/elmetropolitano.com.gt\/es\/wp-json\/wp\/v2\/posts"}],"about":[{"href":"https:\/\/elmetropolitano.com.gt\/es\/wp-json\/wp\/v2\/types\/post"}],"author":[{"embeddable":true,"href":"https:\/\/elmetropolitano.com.gt\/es\/wp-json\/wp\/v2\/users\/1"}],"replies":[{"embeddable":true,"href":"https:\/\/elmetropolitano.com.gt\/es\/wp-json\/wp\/v2\/comments?post=63745"}],"version-history":[{"count":1,"href":"https:\/\/elmetropolitano.com.gt\/es\/wp-json\/wp\/v2\/posts\/63745\/revisions"}],"predecessor-version":[{"id":63747,"href":"https:\/\/elmetropolitano.com.gt\/es\/wp-json\/wp\/v2\/posts\/63745\/revisions\/63747"}],"wp:featuredmedia":[{"embeddable":true,"href":"https:\/\/elmetropolitano.com.gt\/es\/wp-json\/wp\/v2\/media\/63746"}],"wp:attachment":[{"href":"https:\/\/elmetropolitano.com.gt\/es\/wp-json\/wp\/v2\/media?parent=63745"}],"wp:term":[{"taxonomy":"category","embeddable":true,"href":"https:\/\/elmetropolitano.com.gt\/es\/wp-json\/wp\/v2\/categories?post=63745"},{"taxonomy":"post_tag","embeddable":true,"href":"https:\/\/elmetropolitano.com.gt\/es\/wp-json\/wp\/v2\/tags?post=63745"}],"curies":[{"name":"wp","href":"https:\/\/api.w.org\/{rel}","templated":true}]}}