{"id":63757,"date":"2023-04-12T08:55:45","date_gmt":"2023-04-12T14:55:45","guid":{"rendered":"https:\/\/elmetropolitano.com.gt\/es\/?p=63757"},"modified":"2023-04-12T08:55:50","modified_gmt":"2023-04-12T14:55:50","slug":"congreso-en-ano-electoral-continua-el-debate-del-indulto-a-la-pena-de-muerte","status":"publish","type":"post","link":"https:\/\/elmetropolitano.com.gt\/es\/congreso-en-ano-electoral-continua-el-debate-del-indulto-a-la-pena-de-muerte\/","title":{"rendered":"Congreso: En a\u00f1o electoral, contin\u00faa el debate del indulto a la pena de muerte"},"content":{"rendered":"\n<p>Aunque ma\u00f1ana podr\u00eda pasar en su segundo debate, hoy los jefes de bloque se enfrascaron en esa discusi\u00f3n. La izquierda no quiere, la derecha s\u00ed.<\/p>\n\n\n\n<p>Los <a><\/a>jefes de bloque se liaron a palabras si es v\u00e1lido o no aprobar el indulto a la pena de muerte, dejando atr\u00e1s, que podr\u00eda pasar en su tercer debate, por art\u00edculos y redacci\u00f3n final las enmiendas al protocolo de Montreal, relativo a las sustancias que agotan la Capa de Ozono.<\/p><div class=\"elmet-contenido\" id=\"elmet-2402849935\"><div class=\"elmet-adlabel\">Anuncios<\/div><div style=\"margin-top: 20px;margin-right: 20px;margin-bottom: 20px;margin-left: 20px;\" id=\"elmet-2956778505\"><a href=\"https:\/\/www.facebook.com\/arrincuanantigua\/\" aria-label=\"cintillo-arrin-cual\"><img loading=\"lazy\" decoding=\"async\" src=\"https:\/\/elmetropolitano.com.gt\/es\/wp-content\/uploads\/2021\/11\/cintillo-arrin-cual-1.jpg\" alt=\"\"  srcset=\"https:\/\/elmetropolitano.com.gt\/es\/wp-content\/uploads\/2021\/11\/cintillo-arrin-cual-1.jpg 750w, https:\/\/elmetropolitano.com.gt\/es\/wp-content\/uploads\/2021\/11\/cintillo-arrin-cual-1-300x36.jpg 300w, https:\/\/elmetropolitano.com.gt\/es\/wp-content\/uploads\/2021\/11\/cintillo-arrin-cual-1-600x72.jpg 600w\" sizes=\"(max-width: 750px) 100vw, 750px\" width=\"750\" height=\"90\"   \/><\/a><\/div><\/div>\n\n\n\n<p>Samuel P\u00e9rez, de Semilla y Sonia Guti\u00e9rrez Raguay, de Winaq, por la oposici\u00f3n y \u00c1lvaro Arz\u00fa Escobar, Unionista y Manuel Conde, del PAN, pero que va como presidenciable de VAMOS, quienes fueron los protagonistas de este cruce de palabras.<\/p>\n\n\n\n<p>Guti\u00e9rrez Raguay propuso que se sacara de agenda esa iniciativa de ley que va en su segundo debate, pues la otra semana si siguen as\u00ed podr\u00eda conocer en su tercera discusi\u00f3n y redacci\u00f3n final, para convertirse en Decreto. Y hasta dijo que era una medida populista.<\/p>\n\n\n\n<p>La primera reacci\u00f3n, fue del diputado Conde quien expreso que era bueno el debate, pero pidi\u00f3 que el mismo fuera de altura. El Congreso lo discute y se espera aprobar, para la llegada a la pena de muerte. Se podr\u00e1 aplicar cuando se tipifique y se haga una parte de renuncia al Pacto de San Jos\u00e9.<\/p>\n\n\n\n<p>Pero dijo que tampoco aceptaba que se dijera que es una medida populista y que ped\u00eda respeto al propio Legislativo y porque hay mayor\u00eda de la poblaci\u00f3n que as\u00ed lo quiere. El proceso est\u00e1 en marcha. Es una aplicaci\u00f3n justa por cegar la vida a un ser humano que le ceg\u00f3 la vida a otra. Sera un castigo ejemplar. Pero decir que es populismo, es creer a todo lo que ellos piensan.<\/p>\n\n\n\n<p>La diputada de Winaq indico que el diputado ni se atrev\u00eda a mencionar su nombre, pero que ella si ten\u00eda el valor de decir Manuel Conde, y que est\u00e1 en contra de la pena de muerte.<\/p>\n\n\n\n<p>Otro que la emprendi\u00f3 aprobando lo que dec\u00eda Guti\u00e9rrez fue Samuel P\u00e9rez quien dijo que no se pod\u00eda dejar en manos la pena de muerte a corruptos como Consuelo Porras o a los magistrados de la Corte Suprema de Justicia que ya llevaban ilegalmente m\u00e1s de cuatro a\u00f1os en el poder. Y tambi\u00e9n se refiri\u00f3 al ex ministro de Gobernaci\u00f3n de Jimmy Morales, por lo que le llamaron al orden.<\/p>\n\n\n\n<p>Arz\u00fa le respondi\u00f3 y dijo que no se puede hablar con los de Semilla que se creen superiores a todo, pero que le recordaba que su fundador estuvo involucrado en el caso del Transurbano y que su candidata a la presidencia tiene siete \u00f3rdenes de captura, adem\u00e1s de que reciben instrucciones en ingl\u00e9s.<\/p>\n\n\n\n<p>Pese a la oposici\u00f3n, por mayor\u00eda los jefes de bloque aprobaron el orden del d\u00eda que lleva novedades en su primer debate la reforma al C\u00f3digo Procesal Penal que le permitir\u00eda a gente convicta salir de prisi\u00f3n tiene m\u00e1s de 75 a\u00f1os o una enfermedad terminal.<\/p>\n\n\n\n<p>Otros temas legislativos<\/p>\n\n\n\n<p>Se desconoce las razones por las que no se metieron en la agenda legislativa para ma\u00f1ana los cuatro pr\u00e9stamos. El presidente de la Comisi\u00f3n de Finanzas, C\u00e1ndido Leal aseguro que esperaban conocer ma\u00f1ana.<\/p>\n\n\n\n<p>Hoy la diputada Ligia Hern\u00e1ndez se reuni\u00f3 con el viceministro de Gobernaci\u00f3n en inform\u00e1tica, Ram\u00f3n Cancinos, para conocer los avances en relaci\u00f3n a la violencia sexual contra las mujeres. Se concluy\u00f3 en la necesidad de tener una ley de ciberdelincuencia.<\/p>\n\n\n\n<p>El diputado Cristian \u00c1lvarez present\u00f3 una iniciativa de ley en relaci\u00f3n a las reformas al Impuesto \u00danico Sobre el Inmueble (IUSI), para que se pague una sola vez y no cuatro veces como ocurre actualmente.<\/p>\n\n\n\n<p>Texto Francisco Hurtarte<\/p>\n\n\n\n<p><a href=\"https:\/\/www.facebook.com\/hashtag\/metroredes?__eep__=6&amp;__cft__[0]=AZWh_Wq5qi0mZbAeQEUF2Zld9p9r-PuVCic_Wgp9QO44-gmld4vjUyWqxE3W0WP89-q49fHG42taTcQVyL8GG5Ddjojtq7MUtK9ScZyNQgjCmQXSxhrUaytOXaq2lXXLqE8lC4qZu0e3huJ0R238wWcVxnA3n-naJjOHxqoyJIRFEWc9TsltOz2b55Mo4SReZdo&amp;__tn__=*NK-R\">#metroredes<\/a><a href=\"https:\/\/www.facebook.com\/hashtag\/congresodelarepublicagt?__eep__=6&amp;__cft__[0]=AZWh_Wq5qi0mZbAeQEUF2Zld9p9r-PuVCic_Wgp9QO44-gmld4vjUyWqxE3W0WP89-q49fHG42taTcQVyL8GG5Ddjojtq7MUtK9ScZyNQgjCmQXSxhrUaytOXaq2lXXLqE8lC4qZu0e3huJ0R238wWcVxnA3n-naJjOHxqoyJIRFEWc9TsltOz2b55Mo4SReZdo&amp;__tn__=*NK-R\">#CongresoDeLaRepublicagt<\/a><\/p>\n\n\n\n<figure class=\"wp-block-gallery has-nested-images columns-default is-cropped wp-block-gallery-1 is-layout-flex wp-block-gallery-is-layout-flex\">\n<figure class=\"wp-block-image size-large\"><img loading=\"lazy\" decoding=\"async\" width=\"1024\" height=\"690\" data-id=\"63759\" src=\"https:\/\/elmetropolitano.com.gt\/es\/wp-content\/uploads\/2023\/04\/336311891_610146510976836_494560217241482589_n-1024x690.jpg\" alt=\"\" class=\"wp-image-63759\" srcset=\"https:\/\/elmetropolitano.com.gt\/es\/wp-content\/uploads\/2023\/04\/336311891_610146510976836_494560217241482589_n-1024x690.jpg 1024w, https:\/\/elmetropolitano.com.gt\/es\/wp-content\/uploads\/2023\/04\/336311891_610146510976836_494560217241482589_n-300x202.jpg 300w, https:\/\/elmetropolitano.com.gt\/es\/wp-content\/uploads\/2023\/04\/336311891_610146510976836_494560217241482589_n-768x517.jpg 768w, https:\/\/elmetropolitano.com.gt\/es\/wp-content\/uploads\/2023\/04\/336311891_610146510976836_494560217241482589_n-600x404.jpg 600w, https:\/\/elmetropolitano.com.gt\/es\/wp-content\/uploads\/2023\/04\/336311891_610146510976836_494560217241482589_n.jpg 1491w\" sizes=\"auto, (max-width: 1024px) 100vw, 1024px\" \/><\/figure>\n\n\n\n<figure class=\"wp-block-image size-large\"><img loading=\"lazy\" decoding=\"async\" width=\"960\" height=\"638\" data-id=\"63761\" src=\"https:\/\/elmetropolitano.com.gt\/es\/wp-content\/uploads\/2023\/04\/340939612_756883745975436_906258422812685586_n.jpg\" alt=\"\" class=\"wp-image-63761\" srcset=\"https:\/\/elmetropolitano.com.gt\/es\/wp-content\/uploads\/2023\/04\/340939612_756883745975436_906258422812685586_n.jpg 960w, https:\/\/elmetropolitano.com.gt\/es\/wp-content\/uploads\/2023\/04\/340939612_756883745975436_906258422812685586_n-300x199.jpg 300w, https:\/\/elmetropolitano.com.gt\/es\/wp-content\/uploads\/2023\/04\/340939612_756883745975436_906258422812685586_n-768x510.jpg 768w, https:\/\/elmetropolitano.com.gt\/es\/wp-content\/uploads\/2023\/04\/340939612_756883745975436_906258422812685586_n-600x399.jpg 600w\" sizes=\"auto, (max-width: 960px) 100vw, 960px\" \/><\/figure>\n\n\n\n<figure class=\"wp-block-image size-large\"><img loading=\"lazy\" decoding=\"async\" width=\"960\" height=\"640\" data-id=\"63760\" src=\"https:\/\/elmetropolitano.com.gt\/es\/wp-content\/uploads\/2023\/04\/340949684_175682678712236_1694843476545585884_n.jpg\" alt=\"\" class=\"wp-image-63760\" srcset=\"https:\/\/elmetropolitano.com.gt\/es\/wp-content\/uploads\/2023\/04\/340949684_175682678712236_1694843476545585884_n.jpg 960w, https:\/\/elmetropolitano.com.gt\/es\/wp-content\/uploads\/2023\/04\/340949684_175682678712236_1694843476545585884_n-300x200.jpg 300w, https:\/\/elmetropolitano.com.gt\/es\/wp-content\/uploads\/2023\/04\/340949684_175682678712236_1694843476545585884_n-768x512.jpg 768w, https:\/\/elmetropolitano.com.gt\/es\/wp-content\/uploads\/2023\/04\/340949684_175682678712236_1694843476545585884_n-600x400.jpg 600w\" sizes=\"auto, (max-width: 960px) 100vw, 960px\" \/><\/figure>\n<\/figure>\n","protected":false},"excerpt":{"rendered":"<p>Aunque ma\u00f1ana podr\u00eda pasar en su segundo debate, hoy los jefes de bloque se enfrascaron en esa discusi\u00f3n. La izquierda no quiere, la derecha s\u00ed. Los jefes de bloque se liaron a palabras si es v\u00e1lido o no aprobar el indulto a la pena de muerte, dejando atr\u00e1s, que podr\u00eda pasar en su tercer debate, <a class=\"read-more\" href=\"https:\/\/elmetropolitano.com.gt\/es\/congreso-en-ano-electoral-continua-el-debate-del-indulto-a-la-pena-de-muerte\/\">Leer m\u00e1s<\/a><\/p>\n","protected":false},"author":1,"featured_media":63758,"comment_status":"open","ping_status":"closed","sticky":false,"template":"","format":"standard","meta":{"footnotes":""},"categories":[2],"tags":[12],"class_list":["post-63757","post","type-post","status-publish","format-standard","has-post-thumbnail","hentry","category-nacionales","tag-nacionales"],"_links":{"self":[{"href":"https:\/\/elmetropolitano.com.gt\/es\/wp-json\/wp\/v2\/posts\/63757","targetHints":{"allow":["GET"]}}],"collection":[{"href":"https:\/\/elmetropolitano.com.gt\/es\/wp-json\/wp\/v2\/posts"}],"about":[{"href":"https:\/\/elmetropolitano.com.gt\/es\/wp-json\/wp\/v2\/types\/post"}],"author":[{"embeddable":true,"href":"https:\/\/elmetropolitano.com.gt\/es\/wp-json\/wp\/v2\/users\/1"}],"replies":[{"embeddable":true,"href":"https:\/\/elmetropolitano.com.gt\/es\/wp-json\/wp\/v2\/comments?post=63757"}],"version-history":[{"count":1,"href":"https:\/\/elmetropolitano.com.gt\/es\/wp-json\/wp\/v2\/posts\/63757\/revisions"}],"predecessor-version":[{"id":63762,"href":"https:\/\/elmetropolitano.com.gt\/es\/wp-json\/wp\/v2\/posts\/63757\/revisions\/63762"}],"wp:featuredmedia":[{"embeddable":true,"href":"https:\/\/elmetropolitano.com.gt\/es\/wp-json\/wp\/v2\/media\/63758"}],"wp:attachment":[{"href":"https:\/\/elmetropolitano.com.gt\/es\/wp-json\/wp\/v2\/media?parent=63757"}],"wp:term":[{"taxonomy":"category","embeddable":true,"href":"https:\/\/elmetropolitano.com.gt\/es\/wp-json\/wp\/v2\/categories?post=63757"},{"taxonomy":"post_tag","embeddable":true,"href":"https:\/\/elmetropolitano.com.gt\/es\/wp-json\/wp\/v2\/tags?post=63757"}],"curies":[{"name":"wp","href":"https:\/\/api.w.org\/{rel}","templated":true}]}}