{"id":63763,"date":"2023-04-12T08:57:46","date_gmt":"2023-04-12T14:57:46","guid":{"rendered":"https:\/\/elmetropolitano.com.gt\/es\/?p=63763"},"modified":"2023-04-12T08:57:48","modified_gmt":"2023-04-12T14:57:48","slug":"repatrian-cuerpos-de-connacionales-fallecidos-en-chihuahua-mexico","status":"publish","type":"post","link":"https:\/\/elmetropolitano.com.gt\/es\/repatrian-cuerpos-de-connacionales-fallecidos-en-chihuahua-mexico\/","title":{"rendered":"Repatrian cuerpos de connacionales fallecidos en Chihuahua M\u00e9xico"},"content":{"rendered":"\n<p>El Gobierno de Guatemala, a trav\u00e9s del Ministerio de Relaciones Exteriores (Minex), efectu\u00f3 el proceso de repatriaci\u00f3n de 17 connacionales que perdieron la vida en un incendio en Ciudad Ju\u00e1rez, Chihuahua, M\u00e9xico, el pasado 27 de marzo.<\/p>\n\n\n\n<p>Por medio de una coordinaci\u00f3n con autoridades mexicanas, los cuerpos arribaron en un vuelo de la Fuerza A\u00e9rea Mexicana alrededor de las 18:00 horas de este martes, en la zona 13 de <a><\/a>la capital.<\/p><div class=\"elmet-contenido\" id=\"elmet-3861358526\"><div class=\"elmet-adlabel\">Anuncios<\/div><div style=\"margin-top: 20px;margin-right: 20px;margin-bottom: 20px;margin-left: 20px;\" id=\"elmet-1585008651\"><a href=\"https:\/\/www.facebook.com\/arrincuanantigua\/\" aria-label=\"cintillo-arrin-cual\"><img loading=\"lazy\" decoding=\"async\" src=\"https:\/\/elmetropolitano.com.gt\/es\/wp-content\/uploads\/2021\/11\/cintillo-arrin-cual-1.jpg\" alt=\"\"  srcset=\"https:\/\/elmetropolitano.com.gt\/es\/wp-content\/uploads\/2021\/11\/cintillo-arrin-cual-1.jpg 750w, https:\/\/elmetropolitano.com.gt\/es\/wp-content\/uploads\/2021\/11\/cintillo-arrin-cual-1-300x36.jpg 300w, https:\/\/elmetropolitano.com.gt\/es\/wp-content\/uploads\/2021\/11\/cintillo-arrin-cual-1-600x72.jpg 600w\" sizes=\"(max-width: 750px) 100vw, 750px\" width=\"750\" height=\"90\"   \/><\/a><\/div><\/div>\n\n\n\n<p>En mi calidad de canciller de Guatemala y en nombre del Presidente, hoy reiteramos el compromiso de solidaridad, fraternidad y luto que estamos viviendo por la terrible tragedia, cit\u00f3 el titular del Minex.<\/p>\n\n\n\n<p>Asimismo, destac\u00f3 el trabajo realizado junto a las autoridades de M\u00e9xico, con el fin de lograr un proceso de identificaci\u00f3n y repatriaci\u00f3n de los connacionales.<\/p>\n\n\n\n<p>Adem\u00e1s, expres\u00f3 que el Gobierno de Guatemala, de conformidad con el art\u00edculo 339 del C\u00f3digo Nacional de Procedimientos Penales de M\u00e9xico, es coadyuvante del proceso penal federal que se abri\u00f3.<\/p>\n\n\n\n<p>Hoy agradecemos a todo el personal mexicano y guatemalteco que permiti\u00f3 que nuestros connacionales regresaran con dignidad y solidaridad, agreg\u00f3 el canciller.<\/p>\n\n\n\n<p>Aparte, las autoridades del Minex enviaron el p\u00e9same a cada una de las familias afectadas por la tragedia y reiteraron el compromiso para lograr una reparaci\u00f3n integral.<\/p>\n\n\n\n<p>Traslado de los cuerpos<\/p>\n\n\n\n<p>Luego del arribo, se agiliz\u00f3 el traslado de los restos, en veh\u00edculos funerarios, a las comunidades de origen, donde ser\u00e1n recibidos por familiares.<\/p>\n\n\n\n<p>En ese sentido, el Gobierno guatemalteco se solidariz\u00f3 con las familias de los afectados y refrend\u00f3 su compromiso de dar seguimiento al caso hasta que todos los migrantes que perdieron la vida sean repatriados y los heridos sean dados de alta.<\/p>\n\n\n\n<p>Los guatemaltecos cuyos cuerpos se repatriaron este d\u00eda fueron:<\/p>\n\n\n\n<p>-Miguel Cebastian Pedro Mateo de Huehuetenango<\/p>\n\n\n\n<p>-Byron Manuel L\u00f3pez Xol de El Estor, Izabal<\/p>\n\n\n\n<p>-Marxos Abdon Tziquin Cuc de Nahuala, Solola<\/p>\n\n\n\n<p>-Roberto Gonzalez Hern\u00e1ndez de San Francisco el Alto, Totonicap\u00e1n<\/p>\n\n\n\n<p>-Basilio Sutuj Sarabia de San Mart\u00edn Jilotepeque, Chimaltenango<\/p>\n\n\n\n<p>-Francisco Gaspar Rojche Chiquival de Chicacao, Suchitepequez<\/p>\n\n\n\n<p>-Miguel Rojche zapatu de Chicacao,Suchitepequez<\/p>\n\n\n\n<p>-Francisco Javier Sohom Tezoc de Nahuala, Solola<\/p>\n\n\n\n<p>-Gaspar Josue Cun Tiziquin de Nahuala Solola<\/p>\n\n\n\n<p>-Cruz Ernesto Chich Marroquin de Santa Cruz del Quiche, Quiche<\/p>\n\n\n\n<p>-Edwin Gilberto Ixpertay Macario de Olintepeque, Quetzaltenango<\/p>\n\n\n\n<p>-Santiago Caal Tzul de San Oedro Carcha, Alta Verapaz<\/p>\n\n\n\n<p>-Juan Fernando Qui\u00f1\u00f3nez Montejo de Jacaltenango, Huehuetenango<\/p>\n\n\n\n<p>-Raimundo Quib Tzalam de Cobal Alta Verapaz<\/p>\n\n\n\n<p>-Elvis Adelmar P\u00e9rez Esteban de Malacatancillo Huehuetenango<\/p>\n\n\n\n<p>-Manuel Alexander Chox Tambriz de Nahuala, Solola<\/p>\n\n\n\n<p>-Diego Tzaj Ixtos de Nahuala, Solola<\/p>\n\n\n\n<p>Las acciones<\/p>\n\n\n\n<p>Desde que ocurri\u00f3 el incidente, el Gobierno, por instrucciones del Presidente de la Rep\u00fablica, ha trabajado sin cesar para brindar asistencia y protecci\u00f3n a los connacionales heridos que a\u00fan se recuperan en distintos hospitales de M\u00e9xico. Adem\u00e1s, ha gestionado que familiares de los lesionados viajen a ese pa\u00eds para acompa\u00f1arlos.<\/p>\n\n\n\n<p>Estas acciones se han llevado a cabo por medio de la Direcci\u00f3n General de Asuntos Consulares y Migratorios del Minex y su red consular.<\/p>\n\n\n\n<p>Durante la repatriaci\u00f3n, Laura Elena Carrillo, directora ejecutiva de la Agencia Mexicana de Cooperaci\u00f3n Internacional para el Desarrollo, indic\u00f3 que el Gobierno de M\u00e9xico lamenta lo sucedido en la tragedia.<\/p>\n\n\n\n<p>Asimismo, afirm\u00f3 que se contin\u00faan intensificando los programas de desarrollo y sociales, con la finalidad de que la migraci\u00f3n en la regi\u00f3n no sea forzada.<\/p>\n\n\n\n<p>Finalmente, se agradeci\u00f3 al pueblo guatemalteco por el compromiso de seguir fortaleciendo las acciones y evitar la migraci\u00f3n irregular.<\/p>\n\n\n\n<p>Texto: Julio Morales<\/p>\n\n\n\n<p>#metroredes<\/p>\n\n\n\n<figure class=\"wp-block-gallery has-nested-images columns-default is-cropped wp-block-gallery-1 is-layout-flex wp-block-gallery-is-layout-flex\">\n<figure class=\"wp-block-image size-large\"><img loading=\"lazy\" decoding=\"async\" width=\"1024\" height=\"523\" data-id=\"63766\" src=\"https:\/\/elmetropolitano.com.gt\/es\/wp-content\/uploads\/2023\/04\/336389527_897170451391054_7749811429573213221_n-1024x523.jpg\" alt=\"\" class=\"wp-image-63766\" srcset=\"https:\/\/elmetropolitano.com.gt\/es\/wp-content\/uploads\/2023\/04\/336389527_897170451391054_7749811429573213221_n-1024x523.jpg 1024w, https:\/\/elmetropolitano.com.gt\/es\/wp-content\/uploads\/2023\/04\/336389527_897170451391054_7749811429573213221_n-300x153.jpg 300w, https:\/\/elmetropolitano.com.gt\/es\/wp-content\/uploads\/2023\/04\/336389527_897170451391054_7749811429573213221_n-768x392.jpg 768w, https:\/\/elmetropolitano.com.gt\/es\/wp-content\/uploads\/2023\/04\/336389527_897170451391054_7749811429573213221_n-600x306.jpg 600w, https:\/\/elmetropolitano.com.gt\/es\/wp-content\/uploads\/2023\/04\/336389527_897170451391054_7749811429573213221_n.jpg 1116w\" sizes=\"auto, (max-width: 1024px) 100vw, 1024px\" \/><\/figure>\n\n\n\n<figure class=\"wp-block-image size-large\"><img loading=\"lazy\" decoding=\"async\" width=\"1024\" height=\"683\" data-id=\"63765\" src=\"https:\/\/elmetropolitano.com.gt\/es\/wp-content\/uploads\/2023\/04\/336533498_242118014890403_1145890562234954322_n-1024x683.jpg\" alt=\"\" class=\"wp-image-63765\" srcset=\"https:\/\/elmetropolitano.com.gt\/es\/wp-content\/uploads\/2023\/04\/336533498_242118014890403_1145890562234954322_n-1024x683.jpg 1024w, https:\/\/elmetropolitano.com.gt\/es\/wp-content\/uploads\/2023\/04\/336533498_242118014890403_1145890562234954322_n-300x200.jpg 300w, https:\/\/elmetropolitano.com.gt\/es\/wp-content\/uploads\/2023\/04\/336533498_242118014890403_1145890562234954322_n-768x512.jpg 768w, https:\/\/elmetropolitano.com.gt\/es\/wp-content\/uploads\/2023\/04\/336533498_242118014890403_1145890562234954322_n-600x400.jpg 600w, https:\/\/elmetropolitano.com.gt\/es\/wp-content\/uploads\/2023\/04\/336533498_242118014890403_1145890562234954322_n.jpg 1116w\" sizes=\"auto, (max-width: 1024px) 100vw, 1024px\" \/><\/figure>\n\n\n\n<figure class=\"wp-block-image size-large\"><img loading=\"lazy\" decoding=\"async\" width=\"1024\" height=\"683\" data-id=\"63767\" src=\"https:\/\/elmetropolitano.com.gt\/es\/wp-content\/uploads\/2023\/04\/336658966_198634412909955_2959576251555807115_n-1024x683.jpg\" alt=\"\" class=\"wp-image-63767\" srcset=\"https:\/\/elmetropolitano.com.gt\/es\/wp-content\/uploads\/2023\/04\/336658966_198634412909955_2959576251555807115_n-1024x683.jpg 1024w, https:\/\/elmetropolitano.com.gt\/es\/wp-content\/uploads\/2023\/04\/336658966_198634412909955_2959576251555807115_n-300x200.jpg 300w, https:\/\/elmetropolitano.com.gt\/es\/wp-content\/uploads\/2023\/04\/336658966_198634412909955_2959576251555807115_n-768x512.jpg 768w, https:\/\/elmetropolitano.com.gt\/es\/wp-content\/uploads\/2023\/04\/336658966_198634412909955_2959576251555807115_n-600x400.jpg 600w, https:\/\/elmetropolitano.com.gt\/es\/wp-content\/uploads\/2023\/04\/336658966_198634412909955_2959576251555807115_n.jpg 1116w\" sizes=\"auto, (max-width: 1024px) 100vw, 1024px\" \/><\/figure>\n<\/figure>\n","protected":false},"excerpt":{"rendered":"<p>El Gobierno de Guatemala, a trav\u00e9s del Ministerio de Relaciones Exteriores (Minex), efectu\u00f3 el proceso de repatriaci\u00f3n de 17 connacionales que perdieron la vida en un incendio en Ciudad Ju\u00e1rez, Chihuahua, M\u00e9xico, el pasado 27 de marzo. Por medio de una coordinaci\u00f3n con autoridades mexicanas, los cuerpos arribaron en un vuelo de la Fuerza A\u00e9rea <a class=\"read-more\" href=\"https:\/\/elmetropolitano.com.gt\/es\/repatrian-cuerpos-de-connacionales-fallecidos-en-chihuahua-mexico\/\">Leer m\u00e1s<\/a><\/p>\n","protected":false},"author":1,"featured_media":63764,"comment_status":"open","ping_status":"closed","sticky":false,"template":"","format":"standard","meta":{"footnotes":""},"categories":[2],"tags":[12],"class_list":["post-63763","post","type-post","status-publish","format-standard","has-post-thumbnail","hentry","category-nacionales","tag-nacionales"],"_links":{"self":[{"href":"https:\/\/elmetropolitano.com.gt\/es\/wp-json\/wp\/v2\/posts\/63763","targetHints":{"allow":["GET"]}}],"collection":[{"href":"https:\/\/elmetropolitano.com.gt\/es\/wp-json\/wp\/v2\/posts"}],"about":[{"href":"https:\/\/elmetropolitano.com.gt\/es\/wp-json\/wp\/v2\/types\/post"}],"author":[{"embeddable":true,"href":"https:\/\/elmetropolitano.com.gt\/es\/wp-json\/wp\/v2\/users\/1"}],"replies":[{"embeddable":true,"href":"https:\/\/elmetropolitano.com.gt\/es\/wp-json\/wp\/v2\/comments?post=63763"}],"version-history":[{"count":1,"href":"https:\/\/elmetropolitano.com.gt\/es\/wp-json\/wp\/v2\/posts\/63763\/revisions"}],"predecessor-version":[{"id":63768,"href":"https:\/\/elmetropolitano.com.gt\/es\/wp-json\/wp\/v2\/posts\/63763\/revisions\/63768"}],"wp:featuredmedia":[{"embeddable":true,"href":"https:\/\/elmetropolitano.com.gt\/es\/wp-json\/wp\/v2\/media\/63764"}],"wp:attachment":[{"href":"https:\/\/elmetropolitano.com.gt\/es\/wp-json\/wp\/v2\/media?parent=63763"}],"wp:term":[{"taxonomy":"category","embeddable":true,"href":"https:\/\/elmetropolitano.com.gt\/es\/wp-json\/wp\/v2\/categories?post=63763"},{"taxonomy":"post_tag","embeddable":true,"href":"https:\/\/elmetropolitano.com.gt\/es\/wp-json\/wp\/v2\/tags?post=63763"}],"curies":[{"name":"wp","href":"https:\/\/api.w.org\/{rel}","templated":true}]}}