{"id":63798,"date":"2023-04-13T09:18:26","date_gmt":"2023-04-13T15:18:26","guid":{"rendered":"https:\/\/elmetropolitano.com.gt\/es\/?p=63798"},"modified":"2023-04-13T09:18:28","modified_gmt":"2023-04-13T15:18:28","slug":"congreso-con-jornada-productiva","status":"publish","type":"post","link":"https:\/\/elmetropolitano.com.gt\/es\/congreso-con-jornada-productiva\/","title":{"rendered":"Congreso con jornada productiva"},"content":{"rendered":"\n<p>El Congreso de la Rep\u00fablica, presidido por la diputada Shirley Rivera, tuvo este mi\u00e9rcoles una plenaria productiva con el avance de varios proyectos de ley y la aprobaci\u00f3n del Decreto 9-2023 Enmienda del Protocolo de Montreal enfocado en la protecci\u00f3n de medio ambiente e impulsar el desarrollo sostenible.<\/p>\n\n\n\n<p>Durante la plenaria se jurament\u00f3 a la ciudadana Yesm\u00edn Mar\u00eda Poroj Orellana, como diputada al Congreso de la Rep\u00fablica en sustituci\u00f3n del <a><\/a>congresista Hugo Rodr\u00edguez Chinchilla, quien falleci\u00f3 recientemente. El pleno ofreci\u00f3 sus respetos y condolencias a la familia del legislador.<\/p><div class=\"elmet-contenido\" id=\"elmet-216279387\"><div class=\"elmet-adlabel\">Anuncios<\/div><div style=\"margin-top: 20px;margin-right: 20px;margin-bottom: 20px;margin-left: 20px;\" id=\"elmet-386778975\"><a href=\"https:\/\/www.facebook.com\/arrincuanantigua\/\" aria-label=\"cintillo-arrin-cual\"><img loading=\"lazy\" decoding=\"async\" src=\"https:\/\/elmetropolitano.com.gt\/es\/wp-content\/uploads\/2021\/11\/cintillo-arrin-cual-1.jpg\" alt=\"\"  srcset=\"https:\/\/elmetropolitano.com.gt\/es\/wp-content\/uploads\/2021\/11\/cintillo-arrin-cual-1.jpg 750w, https:\/\/elmetropolitano.com.gt\/es\/wp-content\/uploads\/2021\/11\/cintillo-arrin-cual-1-300x36.jpg 300w, https:\/\/elmetropolitano.com.gt\/es\/wp-content\/uploads\/2021\/11\/cintillo-arrin-cual-1-600x72.jpg 600w\" sizes=\"(max-width: 750px) 100vw, 750px\" width=\"750\" height=\"90\"   \/><\/a><\/div><\/div>\n\n\n\n<p>Asimismo, fue conocida en su primer debate la iniciativa 6185 que propone reformar el C\u00f3digo Procesal Penal para regular la prisi\u00f3n preventiva, y pas\u00f3 en su segundo debate la iniciativa 6218 de ampliaci\u00f3n al Programa de Aporte Econ\u00f3mico del Adulto Mayor, el cual se espera quede aprobado la pr\u00f3xima semana.<\/p>\n\n\n\n<p>Los diputados tambi\u00e9n avanzaron con la discusi\u00f3n del segundo debate del proyecto de decreto que dispone aprobar la Ley para la Aplicaci\u00f3n del Recurso de Gracia o Indulto de la Pena de Muerte.<\/p>\n\n\n\n<p>En el pleno tambi\u00e9n fue le\u00edda una iniciativa presentada por la diputada Shirley Rivera, que propone aumentar la asignaci\u00f3n para la alimentaci\u00f3n escolar para mejorar la nutrici\u00f3n de los ni\u00f1os. La propuesta fue enviada a la Comisi\u00f3n de Finanzas P\u00fablicas y Moneda que podr\u00eda dar dictamen en los pr\u00f3ximos d\u00edas.<\/p>\n\n\n\n<p>#metroredes<\/p>\n\n\n\n<figure class=\"wp-block-gallery has-nested-images columns-default is-cropped wp-block-gallery-1 is-layout-flex wp-block-gallery-is-layout-flex\">\n<figure class=\"wp-block-image size-large\"><img loading=\"lazy\" decoding=\"async\" width=\"1024\" height=\"1024\" data-id=\"63802\" src=\"https:\/\/elmetropolitano.com.gt\/es\/wp-content\/uploads\/2023\/04\/336371723_933906061372533_2591402166119050267_n-1024x1024.jpg\" alt=\"\" class=\"wp-image-63802\" srcset=\"https:\/\/elmetropolitano.com.gt\/es\/wp-content\/uploads\/2023\/04\/336371723_933906061372533_2591402166119050267_n-1024x1024.jpg 1024w, https:\/\/elmetropolitano.com.gt\/es\/wp-content\/uploads\/2023\/04\/336371723_933906061372533_2591402166119050267_n-300x300.jpg 300w, https:\/\/elmetropolitano.com.gt\/es\/wp-content\/uploads\/2023\/04\/336371723_933906061372533_2591402166119050267_n-150x150.jpg 150w, https:\/\/elmetropolitano.com.gt\/es\/wp-content\/uploads\/2023\/04\/336371723_933906061372533_2591402166119050267_n-768x768.jpg 768w, https:\/\/elmetropolitano.com.gt\/es\/wp-content\/uploads\/2023\/04\/336371723_933906061372533_2591402166119050267_n-1536x1536.jpg 1536w, https:\/\/elmetropolitano.com.gt\/es\/wp-content\/uploads\/2023\/04\/336371723_933906061372533_2591402166119050267_n-600x600.jpg 600w, https:\/\/elmetropolitano.com.gt\/es\/wp-content\/uploads\/2023\/04\/336371723_933906061372533_2591402166119050267_n-100x100.jpg 100w, https:\/\/elmetropolitano.com.gt\/es\/wp-content\/uploads\/2023\/04\/336371723_933906061372533_2591402166119050267_n.jpg 1600w\" sizes=\"auto, (max-width: 1024px) 100vw, 1024px\" \/><\/figure>\n\n\n\n<figure class=\"wp-block-image size-large\"><img loading=\"lazy\" decoding=\"async\" width=\"1024\" height=\"683\" data-id=\"63800\" src=\"https:\/\/elmetropolitano.com.gt\/es\/wp-content\/uploads\/2023\/04\/336530628_214016214572351_2352699529836567159_n-1024x683.jpg\" alt=\"\" class=\"wp-image-63800\" srcset=\"https:\/\/elmetropolitano.com.gt\/es\/wp-content\/uploads\/2023\/04\/336530628_214016214572351_2352699529836567159_n-1024x683.jpg 1024w, https:\/\/elmetropolitano.com.gt\/es\/wp-content\/uploads\/2023\/04\/336530628_214016214572351_2352699529836567159_n-300x200.jpg 300w, https:\/\/elmetropolitano.com.gt\/es\/wp-content\/uploads\/2023\/04\/336530628_214016214572351_2352699529836567159_n-768x512.jpg 768w, https:\/\/elmetropolitano.com.gt\/es\/wp-content\/uploads\/2023\/04\/336530628_214016214572351_2352699529836567159_n-600x400.jpg 600w, https:\/\/elmetropolitano.com.gt\/es\/wp-content\/uploads\/2023\/04\/336530628_214016214572351_2352699529836567159_n.jpg 1280w\" sizes=\"auto, (max-width: 1024px) 100vw, 1024px\" \/><\/figure>\n\n\n\n<figure class=\"wp-block-image size-large\"><img loading=\"lazy\" decoding=\"async\" width=\"1024\" height=\"681\" data-id=\"63801\" src=\"https:\/\/elmetropolitano.com.gt\/es\/wp-content\/uploads\/2023\/04\/336917241_904688450634086_6412886336610066323_n-1024x681.jpg\" alt=\"\" class=\"wp-image-63801\" srcset=\"https:\/\/elmetropolitano.com.gt\/es\/wp-content\/uploads\/2023\/04\/336917241_904688450634086_6412886336610066323_n-1024x681.jpg 1024w, https:\/\/elmetropolitano.com.gt\/es\/wp-content\/uploads\/2023\/04\/336917241_904688450634086_6412886336610066323_n-300x200.jpg 300w, https:\/\/elmetropolitano.com.gt\/es\/wp-content\/uploads\/2023\/04\/336917241_904688450634086_6412886336610066323_n-768x511.jpg 768w, https:\/\/elmetropolitano.com.gt\/es\/wp-content\/uploads\/2023\/04\/336917241_904688450634086_6412886336610066323_n-1536x1021.jpg 1536w, https:\/\/elmetropolitano.com.gt\/es\/wp-content\/uploads\/2023\/04\/336917241_904688450634086_6412886336610066323_n-600x399.jpg 600w, https:\/\/elmetropolitano.com.gt\/es\/wp-content\/uploads\/2023\/04\/336917241_904688450634086_6412886336610066323_n.jpg 1600w\" sizes=\"auto, (max-width: 1024px) 100vw, 1024px\" \/><\/figure>\n<\/figure>\n","protected":false},"excerpt":{"rendered":"<p>El Congreso de la Rep\u00fablica, presidido por la diputada Shirley Rivera, tuvo este mi\u00e9rcoles una plenaria productiva con el avance de varios proyectos de ley y la aprobaci\u00f3n del Decreto 9-2023 Enmienda del Protocolo de Montreal enfocado en la protecci\u00f3n de medio ambiente e impulsar el desarrollo sostenible. Durante la plenaria se jurament\u00f3 a la <a class=\"read-more\" href=\"https:\/\/elmetropolitano.com.gt\/es\/congreso-con-jornada-productiva\/\">Leer m\u00e1s<\/a><\/p>\n","protected":false},"author":1,"featured_media":63799,"comment_status":"open","ping_status":"closed","sticky":false,"template":"","format":"standard","meta":{"footnotes":""},"categories":[2],"tags":[12],"class_list":["post-63798","post","type-post","status-publish","format-standard","has-post-thumbnail","hentry","category-nacionales","tag-nacionales"],"_links":{"self":[{"href":"https:\/\/elmetropolitano.com.gt\/es\/wp-json\/wp\/v2\/posts\/63798","targetHints":{"allow":["GET"]}}],"collection":[{"href":"https:\/\/elmetropolitano.com.gt\/es\/wp-json\/wp\/v2\/posts"}],"about":[{"href":"https:\/\/elmetropolitano.com.gt\/es\/wp-json\/wp\/v2\/types\/post"}],"author":[{"embeddable":true,"href":"https:\/\/elmetropolitano.com.gt\/es\/wp-json\/wp\/v2\/users\/1"}],"replies":[{"embeddable":true,"href":"https:\/\/elmetropolitano.com.gt\/es\/wp-json\/wp\/v2\/comments?post=63798"}],"version-history":[{"count":1,"href":"https:\/\/elmetropolitano.com.gt\/es\/wp-json\/wp\/v2\/posts\/63798\/revisions"}],"predecessor-version":[{"id":63803,"href":"https:\/\/elmetropolitano.com.gt\/es\/wp-json\/wp\/v2\/posts\/63798\/revisions\/63803"}],"wp:featuredmedia":[{"embeddable":true,"href":"https:\/\/elmetropolitano.com.gt\/es\/wp-json\/wp\/v2\/media\/63799"}],"wp:attachment":[{"href":"https:\/\/elmetropolitano.com.gt\/es\/wp-json\/wp\/v2\/media?parent=63798"}],"wp:term":[{"taxonomy":"category","embeddable":true,"href":"https:\/\/elmetropolitano.com.gt\/es\/wp-json\/wp\/v2\/categories?post=63798"},{"taxonomy":"post_tag","embeddable":true,"href":"https:\/\/elmetropolitano.com.gt\/es\/wp-json\/wp\/v2\/tags?post=63798"}],"curies":[{"name":"wp","href":"https:\/\/api.w.org\/{rel}","templated":true}]}}