{"id":63963,"date":"2023-04-14T23:39:11","date_gmt":"2023-04-15T05:39:11","guid":{"rendered":"https:\/\/elmetropolitano.com.gt\/es\/?p=63963"},"modified":"2023-04-14T23:39:12","modified_gmt":"2023-04-15T05:39:12","slug":"hector-hugo-perez-aguilera-asume-presidencia-de-la-corte-de-constitucional","status":"publish","type":"post","link":"https:\/\/elmetropolitano.com.gt\/es\/hector-hugo-perez-aguilera-asume-presidencia-de-la-corte-de-constitucional\/","title":{"rendered":"H\u00e9ctor Hugo P\u00e9rez Aguilera asume presidencia de la Corte de Constitucional"},"content":{"rendered":"\n<p>En la Gran Sala Efra\u00edn Recinos, del Centro Cultural Miguel \u00c1ngel Asturias, este viernes el magistrado H\u00e9ctor Hugo P\u00e9rez Aguilera tom\u00f3 posesi\u00f3n como presidente de la Corte de Constitucionalidad de Guatemala.<\/p>\n\n\n\n<p>En el evento oficial particip\u00f3 el Presidente de la Rep\u00fablica; autoridades de los organismos Ejecutivo, Judicial y Legislativo; cooperantes internacionales y representantes del sector privado, entre <a><\/a>otros.<\/p><div class=\"elmet-contenido\" id=\"elmet-1681239166\"><div class=\"elmet-adlabel\">Anuncios<\/div><div style=\"margin-top: 20px;margin-right: 20px;margin-bottom: 20px;margin-left: 20px;\" id=\"elmet-3957245090\"><a href=\"https:\/\/www.facebook.com\/arrincuanantigua\/\" aria-label=\"cintillo-arrin-cual\"><img loading=\"lazy\" decoding=\"async\" src=\"https:\/\/elmetropolitano.com.gt\/es\/wp-content\/uploads\/2021\/11\/cintillo-arrin-cual-1.jpg\" alt=\"\"  srcset=\"https:\/\/elmetropolitano.com.gt\/es\/wp-content\/uploads\/2021\/11\/cintillo-arrin-cual-1.jpg 750w, https:\/\/elmetropolitano.com.gt\/es\/wp-content\/uploads\/2021\/11\/cintillo-arrin-cual-1-300x36.jpg 300w, https:\/\/elmetropolitano.com.gt\/es\/wp-content\/uploads\/2021\/11\/cintillo-arrin-cual-1-600x72.jpg 600w\" sizes=\"(max-width: 750px) 100vw, 750px\" width=\"750\" height=\"90\"   \/><\/a><\/div><\/div>\n\n\n\n<p>A 10 a\u00f1os de haber asumido como presidente de esta Corte de Constitucionalidad, vuelvo a tener el honor en 2023, en esta octava magistratura. Renuevo mis votos para ejercer esta Presidencia con eficiencia y responsabilidad, indic\u00f3 el magistrado.<\/p>\n\n\n\n<p>P\u00e9rez Aguilera presidi\u00f3 la Corte de Constitucionalidad en 2013 y ahora vuelve a fungir este cargo, para trabajar por la independencia e imparcialidad, garantizando el respeto de los derechos humanos.<\/p>\n\n\n\n<p>Presidenta saliente<\/p>\n\n\n\n<p>Durante el evento, la magistrada Dina Ochoa, presidenta del organismo durante el per\u00edodo 2022-2023, agradeci\u00f3 a los presentes por el apoyo durante su gesti\u00f3n y destac\u00f3 algunos de los logros alcanzados en este a\u00f1o.<\/p>\n\n\n\n<p>Fortalecimos la atenci\u00f3n del recurso humano con condiciones dignas y respetamos el cumplimiento de los derechos humanos de los guatemaltecos, indic\u00f3 la magistrada.<\/p>\n\n\n\n<p>Entre los avances figura la realizaci\u00f3n de dos congresos internacionales sobre derecho constitucional, el primero en diciembre del 2022 y el segundo en marzo del presente a\u00f1o.<\/p>\n\n\n\n<p>Asimismo, se capacit\u00f3 al personal de la Corte de Constitucionalidad de 18 departamentos del pa\u00eds, sobre valores constitucionales, a trav\u00e9s de jornadas acad\u00e9micas.<\/p>\n\n\n\n<p>Adem\u00e1s, en estas jornadas participaron al menos 6 mil abogados y notarios, quienes fortalecieron sus conocimientos en valores constitucionales.<\/p>\n\n\n\n<p>En cuanto a actualizaci\u00f3n, se public\u00f3 el diccionario con t\u00e9rminos jur\u00eddicos y se public\u00f3 la Constituci\u00f3n Pol\u00edtica de la Rep\u00fablica en diferentes idiomas del pa\u00eds, como el mam, cakchiquel y quekch\u00ed, entre otros.<\/p>\n\n\n\n<p>Tras un a\u00f1o de gesti\u00f3n, puedo decir que cumpl\u00ed con mi deber como presidenta de la Corte de Constitucionalidad, dejando una instituci\u00f3n m\u00e1s renovada, destac\u00f3 Ochoa.<\/p>\n\n\n\n<p>Adem\u00e1s, felicit\u00f3 al nuevo presidente de este \u00f3rgano y le dese\u00f3 lo mejor en este a\u00f1o de gesti\u00f3n.<\/p>\n\n\n\n<p>Sobre la CC<\/p>\n\n\n\n<p>La Corte de Constitucionalidad es un tribunal permanente que tiene como funci\u00f3n principal la defensa del orden constitucional.<\/p>\n\n\n\n<p>Sin embargo, tiene otras funciones tales como:<\/p>\n\n\n\n<p>Conocer en \u00fanica instancia las impugnaciones interpuestas contra leyes o disposiciones de car\u00e1cter general, objetadas parcial o totalmente de inconstitucionalidad.<\/p>\n\n\n\n<p>Emitir opini\u00f3n sobre la constitucionalidad de tratados, convenios y proyectos de ley a solicitud de cualquiera de los organismos del Estado.<\/p>\n\n\n\n<p>Conocer y resolver lo relativo a cualquier conflicto de jurisdicci\u00f3n en materia de constitucionalidad.<\/p>\n\n\n\n<p>Emitir opini\u00f3n sobre la inconstitucionalidad de las leyes vetadas por el Ejecutivo, alegando inconstitucionalidad.<\/p>\n\n\n\n<p>Seg\u00fan la Constituci\u00f3n Pol\u00edtica de la Rep\u00fablica de Guatemala, la corte debe integrarse por cinco magistrados, quienes son designados por:<\/p>\n\n\n\n<p>pleno de la Corte Suprema de Justicia<\/p>\n\n\n\n<p>pleno del Congreso de la Rep\u00fablica<\/p>\n\n\n\n<p>Presidente de la Rep\u00fablica<\/p>\n\n\n\n<p>Consejo Superior Universitario de la Universidad de San Carlos de Guatemala<\/p>\n\n\n\n<p>Asamblea del Colegio de Abogados<\/p>\n\n\n\n<p>Estas cinco instancias designan un titular cada una, as\u00ed como el respectivo suplente.<\/p>\n\n\n\n<p>En cuanto a la presidencia de la Corte de Constitucionalidad, se establece que ser\u00e1 desempe\u00f1ada por los magistrados titulares que la integran. Cada magistrado funge como presidente del organismo durante un a\u00f1o.<\/p>\n\n\n\n<p>Texto: Brenda Larios<\/p>\n\n\n\n<p>Fotos: \u00c1lvaro Interiano<\/p>\n\n\n\n<p>#metroredes<\/p>\n\n\n\n<figure class=\"wp-block-gallery has-nested-images columns-default is-cropped wp-block-gallery-1 is-layout-flex wp-block-gallery-is-layout-flex\">\n<figure class=\"wp-block-image size-large\"><img loading=\"lazy\" decoding=\"async\" width=\"1024\" height=\"682\" data-id=\"63965\" src=\"https:\/\/elmetropolitano.com.gt\/es\/wp-content\/uploads\/2023\/04\/336576019_980472719628153_6917939532172984117_n-1024x682.jpg\" alt=\"\" class=\"wp-image-63965\" srcset=\"https:\/\/elmetropolitano.com.gt\/es\/wp-content\/uploads\/2023\/04\/336576019_980472719628153_6917939532172984117_n-1024x682.jpg 1024w, https:\/\/elmetropolitano.com.gt\/es\/wp-content\/uploads\/2023\/04\/336576019_980472719628153_6917939532172984117_n-300x200.jpg 300w, https:\/\/elmetropolitano.com.gt\/es\/wp-content\/uploads\/2023\/04\/336576019_980472719628153_6917939532172984117_n-768x512.jpg 768w, https:\/\/elmetropolitano.com.gt\/es\/wp-content\/uploads\/2023\/04\/336576019_980472719628153_6917939532172984117_n-1536x1023.jpg 1536w, https:\/\/elmetropolitano.com.gt\/es\/wp-content\/uploads\/2023\/04\/336576019_980472719628153_6917939532172984117_n-600x400.jpg 600w, https:\/\/elmetropolitano.com.gt\/es\/wp-content\/uploads\/2023\/04\/336576019_980472719628153_6917939532172984117_n.jpg 1600w\" sizes=\"auto, (max-width: 1024px) 100vw, 1024px\" \/><\/figure>\n\n\n\n<figure class=\"wp-block-image size-large\"><img loading=\"lazy\" decoding=\"async\" width=\"1024\" height=\"682\" data-id=\"63967\" src=\"https:\/\/elmetropolitano.com.gt\/es\/wp-content\/uploads\/2023\/04\/336668789_3362474487415519_5677961411607500095_n-1024x682.jpg\" alt=\"\" class=\"wp-image-63967\" srcset=\"https:\/\/elmetropolitano.com.gt\/es\/wp-content\/uploads\/2023\/04\/336668789_3362474487415519_5677961411607500095_n-1024x682.jpg 1024w, https:\/\/elmetropolitano.com.gt\/es\/wp-content\/uploads\/2023\/04\/336668789_3362474487415519_5677961411607500095_n-300x200.jpg 300w, https:\/\/elmetropolitano.com.gt\/es\/wp-content\/uploads\/2023\/04\/336668789_3362474487415519_5677961411607500095_n-768x512.jpg 768w, https:\/\/elmetropolitano.com.gt\/es\/wp-content\/uploads\/2023\/04\/336668789_3362474487415519_5677961411607500095_n-1536x1023.jpg 1536w, https:\/\/elmetropolitano.com.gt\/es\/wp-content\/uploads\/2023\/04\/336668789_3362474487415519_5677961411607500095_n-600x400.jpg 600w, https:\/\/elmetropolitano.com.gt\/es\/wp-content\/uploads\/2023\/04\/336668789_3362474487415519_5677961411607500095_n.jpg 1600w\" sizes=\"auto, (max-width: 1024px) 100vw, 1024px\" \/><\/figure>\n\n\n\n<figure class=\"wp-block-image size-large\"><img loading=\"lazy\" decoding=\"async\" width=\"1024\" height=\"682\" data-id=\"63966\" src=\"https:\/\/elmetropolitano.com.gt\/es\/wp-content\/uploads\/2023\/04\/337286805_2372575546246835_1358901540020331605_n-1024x682.jpg\" alt=\"\" class=\"wp-image-63966\" srcset=\"https:\/\/elmetropolitano.com.gt\/es\/wp-content\/uploads\/2023\/04\/337286805_2372575546246835_1358901540020331605_n-1024x682.jpg 1024w, https:\/\/elmetropolitano.com.gt\/es\/wp-content\/uploads\/2023\/04\/337286805_2372575546246835_1358901540020331605_n-300x200.jpg 300w, https:\/\/elmetropolitano.com.gt\/es\/wp-content\/uploads\/2023\/04\/337286805_2372575546246835_1358901540020331605_n-768x512.jpg 768w, https:\/\/elmetropolitano.com.gt\/es\/wp-content\/uploads\/2023\/04\/337286805_2372575546246835_1358901540020331605_n-1536x1023.jpg 1536w, https:\/\/elmetropolitano.com.gt\/es\/wp-content\/uploads\/2023\/04\/337286805_2372575546246835_1358901540020331605_n-600x400.jpg 600w, https:\/\/elmetropolitano.com.gt\/es\/wp-content\/uploads\/2023\/04\/337286805_2372575546246835_1358901540020331605_n.jpg 1600w\" sizes=\"auto, (max-width: 1024px) 100vw, 1024px\" \/><\/figure>\n<\/figure>\n","protected":false},"excerpt":{"rendered":"<p>En la Gran Sala Efra\u00edn Recinos, del Centro Cultural Miguel \u00c1ngel Asturias, este viernes el magistrado H\u00e9ctor Hugo P\u00e9rez Aguilera tom\u00f3 posesi\u00f3n como presidente de la Corte de Constitucionalidad de Guatemala. En el evento oficial particip\u00f3 el Presidente de la Rep\u00fablica; autoridades de los organismos Ejecutivo, Judicial y Legislativo; cooperantes internacionales y representantes del sector <a class=\"read-more\" href=\"https:\/\/elmetropolitano.com.gt\/es\/hector-hugo-perez-aguilera-asume-presidencia-de-la-corte-de-constitucional\/\">Leer m\u00e1s<\/a><\/p>\n","protected":false},"author":1,"featured_media":63964,"comment_status":"open","ping_status":"closed","sticky":false,"template":"","format":"standard","meta":{"footnotes":""},"categories":[2],"tags":[12],"class_list":["post-63963","post","type-post","status-publish","format-standard","has-post-thumbnail","hentry","category-nacionales","tag-nacionales"],"_links":{"self":[{"href":"https:\/\/elmetropolitano.com.gt\/es\/wp-json\/wp\/v2\/posts\/63963","targetHints":{"allow":["GET"]}}],"collection":[{"href":"https:\/\/elmetropolitano.com.gt\/es\/wp-json\/wp\/v2\/posts"}],"about":[{"href":"https:\/\/elmetropolitano.com.gt\/es\/wp-json\/wp\/v2\/types\/post"}],"author":[{"embeddable":true,"href":"https:\/\/elmetropolitano.com.gt\/es\/wp-json\/wp\/v2\/users\/1"}],"replies":[{"embeddable":true,"href":"https:\/\/elmetropolitano.com.gt\/es\/wp-json\/wp\/v2\/comments?post=63963"}],"version-history":[{"count":1,"href":"https:\/\/elmetropolitano.com.gt\/es\/wp-json\/wp\/v2\/posts\/63963\/revisions"}],"predecessor-version":[{"id":63968,"href":"https:\/\/elmetropolitano.com.gt\/es\/wp-json\/wp\/v2\/posts\/63963\/revisions\/63968"}],"wp:featuredmedia":[{"embeddable":true,"href":"https:\/\/elmetropolitano.com.gt\/es\/wp-json\/wp\/v2\/media\/63964"}],"wp:attachment":[{"href":"https:\/\/elmetropolitano.com.gt\/es\/wp-json\/wp\/v2\/media?parent=63963"}],"wp:term":[{"taxonomy":"category","embeddable":true,"href":"https:\/\/elmetropolitano.com.gt\/es\/wp-json\/wp\/v2\/categories?post=63963"},{"taxonomy":"post_tag","embeddable":true,"href":"https:\/\/elmetropolitano.com.gt\/es\/wp-json\/wp\/v2\/tags?post=63963"}],"curies":[{"name":"wp","href":"https:\/\/api.w.org\/{rel}","templated":true}]}}