{"id":63976,"date":"2023-04-14T23:42:31","date_gmt":"2023-04-15T05:42:31","guid":{"rendered":"https:\/\/elmetropolitano.com.gt\/es\/?p=63976"},"modified":"2023-04-14T23:42:32","modified_gmt":"2023-04-15T05:42:32","slug":"reportan-una-explosion-cerca-del-lugar-de-discurso-del-primer-ministro-de-japon","status":"publish","type":"post","link":"https:\/\/elmetropolitano.com.gt\/es\/reportan-una-explosion-cerca-del-lugar-de-discurso-del-primer-ministro-de-japon\/","title":{"rendered":"Reportan una explosi\u00f3n cerca del lugar de discurso del primer ministro de Jap\u00f3n"},"content":{"rendered":"\n<p>Se informa que el primer ministro de Jap\u00f3n Fumio Kishida evacu\u00f3 la escena.Reportan una explosi\u00f3n cerca del lugar de discurso del primer ministro japon\u00e9s<\/p>\n\n\n\n<p>La <a><\/a>ciudad japonesa de Wakayama fue escenario de una aparente explosi\u00f3n entorno a las 11:30 (hora local) de este s\u00e1bado, justo antes de que el primer ministro del pa\u00eds, Fumio Kishida, terminara su visita a un puerto pesquero de la urbe, reportan medios locales. La potente explosi\u00f3n en el puerto se escuch\u00f3 despu\u00e9s del arresto de un sujeto.<\/p><div class=\"elmet-contenido\" id=\"elmet-1561117676\"><div class=\"elmet-adlabel\">Anuncios<\/div><div style=\"margin-top: 20px;margin-right: 20px;margin-bottom: 20px;margin-left: 20px;\" id=\"elmet-1845067183\"><a href=\"https:\/\/www.facebook.com\/arrincuanantigua\/\" aria-label=\"cintillo-arrin-cual\"><img loading=\"lazy\" decoding=\"async\" src=\"https:\/\/elmetropolitano.com.gt\/es\/wp-content\/uploads\/2021\/11\/cintillo-arrin-cual-1.jpg\" alt=\"\"  srcset=\"https:\/\/elmetropolitano.com.gt\/es\/wp-content\/uploads\/2021\/11\/cintillo-arrin-cual-1.jpg 750w, https:\/\/elmetropolitano.com.gt\/es\/wp-content\/uploads\/2021\/11\/cintillo-arrin-cual-1-300x36.jpg 300w, https:\/\/elmetropolitano.com.gt\/es\/wp-content\/uploads\/2021\/11\/cintillo-arrin-cual-1-600x72.jpg 600w\" sizes=\"(max-width: 750px) 100vw, 750px\" width=\"750\" height=\"90\"   \/><\/a><\/div><\/div>\n\n\n\n<p>Aparentemente, el individuo lanz\u00f3 una bomba de humo contra Kishida, pero el mandatario se encuentra a salvo, reporta la agencia Kyodo.<\/p>\n\n\n\n<p>Noticia en desarrollo de este s\u00e1bado en Jap\u00f3n\u2026<\/p>\n\n\n\n<p><\/p>\n","protected":false},"excerpt":{"rendered":"<p>Se informa que el primer ministro de Jap\u00f3n Fumio Kishida evacu\u00f3 la escena.Reportan una explosi\u00f3n cerca del lugar de discurso del primer ministro japon\u00e9s La ciudad japonesa de Wakayama fue escenario de una aparente explosi\u00f3n entorno a las 11:30 (hora local) de este s\u00e1bado, justo antes de que el primer ministro del pa\u00eds, Fumio Kishida, <a class=\"read-more\" href=\"https:\/\/elmetropolitano.com.gt\/es\/reportan-una-explosion-cerca-del-lugar-de-discurso-del-primer-ministro-de-japon\/\">Leer m\u00e1s<\/a><\/p>\n","protected":false},"author":1,"featured_media":63977,"comment_status":"open","ping_status":"closed","sticky":false,"template":"","format":"standard","meta":{"footnotes":""},"categories":[14],"tags":[15],"class_list":["post-63976","post","type-post","status-publish","format-standard","has-post-thumbnail","hentry","category-internacionales","tag-internacionales"],"_links":{"self":[{"href":"https:\/\/elmetropolitano.com.gt\/es\/wp-json\/wp\/v2\/posts\/63976","targetHints":{"allow":["GET"]}}],"collection":[{"href":"https:\/\/elmetropolitano.com.gt\/es\/wp-json\/wp\/v2\/posts"}],"about":[{"href":"https:\/\/elmetropolitano.com.gt\/es\/wp-json\/wp\/v2\/types\/post"}],"author":[{"embeddable":true,"href":"https:\/\/elmetropolitano.com.gt\/es\/wp-json\/wp\/v2\/users\/1"}],"replies":[{"embeddable":true,"href":"https:\/\/elmetropolitano.com.gt\/es\/wp-json\/wp\/v2\/comments?post=63976"}],"version-history":[{"count":1,"href":"https:\/\/elmetropolitano.com.gt\/es\/wp-json\/wp\/v2\/posts\/63976\/revisions"}],"predecessor-version":[{"id":63978,"href":"https:\/\/elmetropolitano.com.gt\/es\/wp-json\/wp\/v2\/posts\/63976\/revisions\/63978"}],"wp:featuredmedia":[{"embeddable":true,"href":"https:\/\/elmetropolitano.com.gt\/es\/wp-json\/wp\/v2\/media\/63977"}],"wp:attachment":[{"href":"https:\/\/elmetropolitano.com.gt\/es\/wp-json\/wp\/v2\/media?parent=63976"}],"wp:term":[{"taxonomy":"category","embeddable":true,"href":"https:\/\/elmetropolitano.com.gt\/es\/wp-json\/wp\/v2\/categories?post=63976"},{"taxonomy":"post_tag","embeddable":true,"href":"https:\/\/elmetropolitano.com.gt\/es\/wp-json\/wp\/v2\/tags?post=63976"}],"curies":[{"name":"wp","href":"https:\/\/api.w.org\/{rel}","templated":true}]}}