{"id":64198,"date":"2023-04-18T13:59:09","date_gmt":"2023-04-18T19:59:09","guid":{"rendered":"https:\/\/elmetropolitano.com.gt\/es\/?p=64198"},"modified":"2023-04-18T13:59:11","modified_gmt":"2023-04-18T19:59:11","slug":"guatemala-y-francia-celebran-reunion-de-consultas-politicas","status":"publish","type":"post","link":"https:\/\/elmetropolitano.com.gt\/es\/guatemala-y-francia-celebran-reunion-de-consultas-politicas\/","title":{"rendered":"Guatemala y Francia celebran reuni\u00f3n de consultas pol\u00edticas"},"content":{"rendered":"\n<p>Se cont\u00f3 con la participaci\u00f3n del director adjunto para las Am\u00e9ricas y el Caribe del Ministerio de Europa y Asuntos Exteriores de Francia.<\/p>\n\n\n\n<p>Los Gobiernos de Guatemala y Francia celebraron la III Reuni\u00f3n del Mecanismo de Consultas Pol\u00edticas, a fin de continuar estrechando v\u00ednculos.<\/p><div class=\"elmet-contenido\" id=\"elmet-3508693424\"><div class=\"elmet-adlabel\">Anuncios<\/div><div style=\"margin-top: 20px;margin-right: 20px;margin-bottom: 20px;margin-left: 20px;\" id=\"elmet-3839128642\"><a href=\"https:\/\/www.facebook.com\/arrincuanantigua\/\" aria-label=\"cintillo-arrin-cual\"><img loading=\"lazy\" decoding=\"async\" src=\"https:\/\/elmetropolitano.com.gt\/es\/wp-content\/uploads\/2021\/11\/cintillo-arrin-cual-1.jpg\" alt=\"\"  srcset=\"https:\/\/elmetropolitano.com.gt\/es\/wp-content\/uploads\/2021\/11\/cintillo-arrin-cual-1.jpg 750w, https:\/\/elmetropolitano.com.gt\/es\/wp-content\/uploads\/2021\/11\/cintillo-arrin-cual-1-300x36.jpg 300w, https:\/\/elmetropolitano.com.gt\/es\/wp-content\/uploads\/2021\/11\/cintillo-arrin-cual-1-600x72.jpg 600w\" sizes=\"(max-width: 750px) 100vw, 750px\" width=\"750\" height=\"90\"   \/><\/a><\/div><\/div>\n\n\n\n<p>La directora general de Relaciones Internacionales Bilaterales del Ministerio de Relaciones Exteriores (Minex) presidi\u00f3 la reuni\u00f3n. La acompa\u00f1\u00f3 el director adjunto para las Am\u00e9ricas y el Caribe del Ministerio de Europa y Asuntos Exteriores de Francia, Philippe L\u00e9trilliart.<\/p>\n\n\n\n<p>Los diplom\u00e1ticos coincidieron en la importancia que revisten las positivas y provechosas relaciones bilaterales guatemalteco-francesas.<\/p>\n\n\n\n<p>Adem\u00e1s, aprovecharon la oportunidad para manifestar el deseo de continuar haciendo esfuerzos conjuntos para profundizar en la cooperaci\u00f3n en todos los aspectos posibles del desarrollo.<\/p>\n\n\n\n<p>Tem\u00e1tica<\/p>\n\n\n\n<p>En el encuentro tambi\u00e9n se abordaron temas bilaterales, multilaterales y consulares. Adem\u00e1s, la pr\u00f3xima conmemoraci\u00f3n del bicentenario de relaciones diplom\u00e1ticas de Francia-Guatemala.<\/p>\n\n\n\n<p>Otro de los temas fue la posici\u00f3n diplom\u00e1tica con Ucrania, el an\u00e1lisis de la situaci\u00f3n bilateral de Guatemala-Francia, la protecci\u00f3n del medio ambiente, el cambio clim\u00e1tico y la seguridad.<\/p>\n\n\n\n<p>Finalmente, agenda azul, candidaturas, los oc\u00e9anos, las operaciones del mantenimiento de la paz y el intercambio mutuo de candidaturas ante organismos internacionales.<\/p>\n\n\n\n<p>Tambi\u00e9n, el Foro Global sobre Migraci\u00f3n y Desarrollo, la Declaraci\u00f3n de Los \u00c1ngeles, migraci\u00f3n laboral y el Marco Integral Regional para la Protecci\u00f3n y Soluciones (MIRPS).<\/p>\n\n\n\n<p>El compromiso<\/p>\n\n\n\n<p>El funcionario franc\u00e9s visit\u00f3 como parte de su agenda en Guatemala la Biblioteca Mario Monteforte Toledo, del Minex, en donde convers\u00f3 sobre intercambio de experiencias y cooperaci\u00f3n acad\u00e9mica.<\/p>\n\n\n\n<p>Asimismo, se hizo referencia a la Cumbre de Jefes de Estados y Jefes de Gobierno de la Asociaci\u00f3n de Estados del Caribe (AEC), que se desarrollar\u00e1 en mayo pr\u00f3ximo en Guatemala. Adem\u00e1s, se dialog\u00f3 sobre el Sistema de la Integraci\u00f3n Centroamericana (SICA).<\/p>\n\n\n\n<p>Los funcionarios coincidieron en el respaldo pol\u00edtico-diplom\u00e1tico a Ucrania ante la invasi\u00f3n injustificada de Rusia.<\/p>\n\n\n\n<p>Al respecto, abogaron por que se logre alcanzar la anhelada paz y el pronto cese de la guerra. Consideraron, adem\u00e1s, los efectos negativos en la seguridad alimentaria y energ\u00e9tica, y en los \u00edndices de inflaci\u00f3n en la mayor\u00eda de pa\u00edses.<\/p>\n\n\n\n<p>Guatemala y Francia conmemoran en 2023 los 192 a\u00f1os del establecimiento de relaciones diplom\u00e1ticas.\u00a0 #metroredes<\/p>\n\n\n\n<p><\/p>\n","protected":false},"excerpt":{"rendered":"<p>Se cont\u00f3 con la participaci\u00f3n del director adjunto para las Am\u00e9ricas y el Caribe del Ministerio de Europa y Asuntos Exteriores de Francia. Los Gobiernos de Guatemala y Francia celebraron la III Reuni\u00f3n del Mecanismo de Consultas Pol\u00edticas, a fin de continuar estrechando v\u00ednculos. La directora general de Relaciones Internacionales Bilaterales del Ministerio de Relaciones <a class=\"read-more\" href=\"https:\/\/elmetropolitano.com.gt\/es\/guatemala-y-francia-celebran-reunion-de-consultas-politicas\/\">Leer m\u00e1s<\/a><\/p>\n","protected":false},"author":1,"featured_media":64199,"comment_status":"open","ping_status":"closed","sticky":false,"template":"","format":"standard","meta":{"footnotes":""},"categories":[2],"tags":[12],"class_list":["post-64198","post","type-post","status-publish","format-standard","has-post-thumbnail","hentry","category-nacionales","tag-nacionales"],"_links":{"self":[{"href":"https:\/\/elmetropolitano.com.gt\/es\/wp-json\/wp\/v2\/posts\/64198","targetHints":{"allow":["GET"]}}],"collection":[{"href":"https:\/\/elmetropolitano.com.gt\/es\/wp-json\/wp\/v2\/posts"}],"about":[{"href":"https:\/\/elmetropolitano.com.gt\/es\/wp-json\/wp\/v2\/types\/post"}],"author":[{"embeddable":true,"href":"https:\/\/elmetropolitano.com.gt\/es\/wp-json\/wp\/v2\/users\/1"}],"replies":[{"embeddable":true,"href":"https:\/\/elmetropolitano.com.gt\/es\/wp-json\/wp\/v2\/comments?post=64198"}],"version-history":[{"count":1,"href":"https:\/\/elmetropolitano.com.gt\/es\/wp-json\/wp\/v2\/posts\/64198\/revisions"}],"predecessor-version":[{"id":64200,"href":"https:\/\/elmetropolitano.com.gt\/es\/wp-json\/wp\/v2\/posts\/64198\/revisions\/64200"}],"wp:featuredmedia":[{"embeddable":true,"href":"https:\/\/elmetropolitano.com.gt\/es\/wp-json\/wp\/v2\/media\/64199"}],"wp:attachment":[{"href":"https:\/\/elmetropolitano.com.gt\/es\/wp-json\/wp\/v2\/media?parent=64198"}],"wp:term":[{"taxonomy":"category","embeddable":true,"href":"https:\/\/elmetropolitano.com.gt\/es\/wp-json\/wp\/v2\/categories?post=64198"},{"taxonomy":"post_tag","embeddable":true,"href":"https:\/\/elmetropolitano.com.gt\/es\/wp-json\/wp\/v2\/tags?post=64198"}],"curies":[{"name":"wp","href":"https:\/\/api.w.org\/{rel}","templated":true}]}}