{"id":64225,"date":"2023-04-19T09:21:01","date_gmt":"2023-04-19T15:21:01","guid":{"rendered":"https:\/\/elmetropolitano.com.gt\/es\/?p=64225"},"modified":"2023-04-19T09:21:05","modified_gmt":"2023-04-19T15:21:05","slug":"congreso-buscara-aprobar-un-aporte-para-el-adulto-mayor","status":"publish","type":"post","link":"https:\/\/elmetropolitano.com.gt\/es\/congreso-buscara-aprobar-un-aporte-para-el-adulto-mayor\/","title":{"rendered":"Congreso buscar\u00e1 aprobar un aporte para el adulto mayor"},"content":{"rendered":"\n<p>El Congreso espera aprobar ma\u00f1ana en su tercer debate, por art\u00edculos y redacci\u00f3n final el proyecto de la iniciativa 6218 Decreto con el que se dispone aprobar Ampliaci\u00f3n para el Programa de Aporte Econ\u00f3mico del Adulto Mayor, haciendo uso del saldo de recursos otorgados para atender la emergencia provocada por el Covid-19.<\/p>\n\n\n\n<p>De <a><\/a>esa forma, el partido oficial y sus aliados buscar\u00edan aprobar dicha Ley para beneficiar a unas 500 mil personas de la tercera edad y aunque el diputado Unionista, \u00c1lvaro Arz\u00fa, considera que esta ley ser\u00e1 clientelista, anunci\u00f3 que propondr\u00e1 candados.<\/p><div class=\"elmet-contenido\" id=\"elmet-1573574504\"><div class=\"elmet-adlabel\">Anuncios<\/div><div style=\"margin-top: 20px;margin-right: 20px;margin-bottom: 20px;margin-left: 20px;\" id=\"elmet-662392219\"><a href=\"https:\/\/www.facebook.com\/arrincuanantigua\/\" aria-label=\"cintillo-arrin-cual\"><img loading=\"lazy\" decoding=\"async\" src=\"https:\/\/elmetropolitano.com.gt\/es\/wp-content\/uploads\/2021\/11\/cintillo-arrin-cual-1.jpg\" alt=\"\"  srcset=\"https:\/\/elmetropolitano.com.gt\/es\/wp-content\/uploads\/2021\/11\/cintillo-arrin-cual-1.jpg 750w, https:\/\/elmetropolitano.com.gt\/es\/wp-content\/uploads\/2021\/11\/cintillo-arrin-cual-1-300x36.jpg 300w, https:\/\/elmetropolitano.com.gt\/es\/wp-content\/uploads\/2021\/11\/cintillo-arrin-cual-1-600x72.jpg 600w\" sizes=\"(max-width: 750px) 100vw, 750px\" width=\"750\" height=\"90\"   \/><\/a><\/div><\/div>\n\n\n\n<p>Esta decisi\u00f3n se tom\u00f3 hoy durante la sesi\u00f3n de los jefes de bloque y en la que tambi\u00e9n se dispuso conocer la discusi\u00f3n en tercer debate del proyecto de decreto que dispone aprobar Ley 6189 para la Aplicaci\u00f3n del Recurso de Gracia o Indulto de la Pena de Muerte.<\/p>\n\n\n\n<p>Otra iniciativa se conocer\u00e1 en primer debate y se trata del dictamen y proyecto de decreto que dispone aprobar reforma al Decreto 51-2022 del Congreso de la Rep\u00fablica, Ley Temporal de Desarrollo Integral que ser\u00eda un apoyo por 30 d\u00edas m\u00e1s para que los veteranos militares puedan inscribirse en el Ministerio de la Defensa.<\/p>\n\n\n\n<p>Los jefes de bloque tambi\u00e9n esperan conocer en primer debate el Protocolo como Enmienda al Convenio Firmado en Par\u00eds del 22 de Noviembre de 1928 sobre Exposiciones Internacionales y en segundo debate reforma al Decreto N\u00famero 51-92 del 6185 Congreso de la Rep\u00fablica, C\u00f3digo Procesal Penal y la iniciativa que declara el d\u00eda del Qu\u00edmico Farmac\u00e9utico, Nutricionista y Qu\u00edmico Bi\u00f3logo.<\/p>\n\n\n\n<p>BID llega a jefes de bloque<\/p>\n\n\n\n<p>La representante del Banco Internacional de Desarrollo (BID) en Guatemala, Ignez Miranda Tristao, se present\u00f3 a la instancia de jefes de bloque para recomendarles que aprueben un pr\u00e9stamo por 8.5 millones de d\u00f3lares en apoyo a nueve mil sembradores de \u00e1rboles que, en 15 a\u00f1os, estar\u00edan recibiendo Q194 millones.<\/p>\n\n\n\n<p>Sin embargo, los diferentes diputados se\u00f1alaron que no apoyan m\u00e1s pr\u00e9stamos y algunos se atrevieron a pedir m\u00e1s dinero, siempre con cero intereses.<\/p>\n\n\n\n<p>Otras actividades legislativas<\/p>\n\n\n\n<p>La diputada Sonia Guti\u00e9rrez Raguay de Winaq, con el apoyo de diputados de Semilla y URNG, pidi\u00f3 conocer la situaci\u00f3n de la Autopista de Pal\u00edn, Escuintla. La directora de concesiones del Ministerio de Comunicaciones, Silvia Rivas, aclar\u00f3 que, a partir del 1 de mayo, la Direcci\u00f3n General de Caminos se har\u00e1 cargo de esa carretera y que podr\u00eda bajar el precio del peaje.<\/p>\n\n\n\n<p>Los diputados de CREO presentaron una iniciativa de Ley para detener los cibercriminales y se propondr\u00eda c\u00e1rceles dedos a ocho a\u00f1os. El prop\u00f3sito es que no se utilice los datos personales de una persona, robados, para cometer amenazas, extorsiones y hasta asesinatos.<\/p>\n\n\n\n<p>El diputado An\u00edbal Samayoa tambi\u00e9n present\u00f3 una iniciativa de ley para la Ley de modernizaci\u00f3n del Registro de la Propiedad y darle certeza jur\u00eddica a la propiedad, con la digitalizaci\u00f3n con el primer testimonio del duplicado de toda inscripci\u00f3n de un inmueble.<\/p>\n\n\n\n<p>Texto Francisco Javier Hurtarte<\/p>\n\n\n\n<p><a href=\"https:\/\/www.facebook.com\/hashtag\/metroredes?__eep__=6&amp;__cft__[0]=AZVJrLkCdGWNJnNoDblgeSQBfr0j0y0FwClgqQPE8pwsuRBMUsl6HRmTmiwfbH7vLvsHVCefE3ZOCaf2Bw__qqU0cTQtzFjgx7h2ZL7S2BM91tbv7lBGUm4OuaODMbijuXWdny0DIEWs9xe2PrylyyT-VIihtVwXiCQVB9boVhsGnSXuNsPbBO1FI0L4yN5RLCE&amp;__tn__=*NK-R\">#metroredes<\/a><a href=\"https:\/\/www.facebook.com\/hashtag\/congresodelarep%C3%BAblica?__eep__=6&amp;__cft__[0]=AZVJrLkCdGWNJnNoDblgeSQBfr0j0y0FwClgqQPE8pwsuRBMUsl6HRmTmiwfbH7vLvsHVCefE3ZOCaf2Bw__qqU0cTQtzFjgx7h2ZL7S2BM91tbv7lBGUm4OuaODMbijuXWdny0DIEWs9xe2PrylyyT-VIihtVwXiCQVB9boVhsGnSXuNsPbBO1FI0L4yN5RLCE&amp;__tn__=*NK-R\">#CongresoDeLaRep\u00fablica<\/a><\/p>\n\n\n\n<figure class=\"wp-block-gallery has-nested-images columns-default is-cropped wp-block-gallery-1 is-layout-flex wp-block-gallery-is-layout-flex\">\n<figure class=\"wp-block-image size-large\"><img loading=\"lazy\" decoding=\"async\" width=\"1024\" height=\"699\" data-id=\"64227\" src=\"https:\/\/elmetropolitano.com.gt\/es\/wp-content\/uploads\/2023\/04\/337883715_181262011463673_705025991809541547_n-1024x699.jpg\" alt=\"\" class=\"wp-image-64227\" srcset=\"https:\/\/elmetropolitano.com.gt\/es\/wp-content\/uploads\/2023\/04\/337883715_181262011463673_705025991809541547_n-1024x699.jpg 1024w, https:\/\/elmetropolitano.com.gt\/es\/wp-content\/uploads\/2023\/04\/337883715_181262011463673_705025991809541547_n-300x205.jpg 300w, https:\/\/elmetropolitano.com.gt\/es\/wp-content\/uploads\/2023\/04\/337883715_181262011463673_705025991809541547_n-768x524.jpg 768w, https:\/\/elmetropolitano.com.gt\/es\/wp-content\/uploads\/2023\/04\/337883715_181262011463673_705025991809541547_n-600x410.jpg 600w, https:\/\/elmetropolitano.com.gt\/es\/wp-content\/uploads\/2023\/04\/337883715_181262011463673_705025991809541547_n.jpg 1447w\" sizes=\"auto, (max-width: 1024px) 100vw, 1024px\" \/><\/figure>\n\n\n\n<figure class=\"wp-block-image size-large\"><img loading=\"lazy\" decoding=\"async\" width=\"1024\" height=\"681\" data-id=\"64231\" src=\"https:\/\/elmetropolitano.com.gt\/es\/wp-content\/uploads\/2023\/04\/338254667_206201718819923_5611405315077554423_n-1024x681.jpg\" alt=\"\" class=\"wp-image-64231\" srcset=\"https:\/\/elmetropolitano.com.gt\/es\/wp-content\/uploads\/2023\/04\/338254667_206201718819923_5611405315077554423_n-1024x681.jpg 1024w, https:\/\/elmetropolitano.com.gt\/es\/wp-content\/uploads\/2023\/04\/338254667_206201718819923_5611405315077554423_n-300x200.jpg 300w, https:\/\/elmetropolitano.com.gt\/es\/wp-content\/uploads\/2023\/04\/338254667_206201718819923_5611405315077554423_n-768x511.jpg 768w, https:\/\/elmetropolitano.com.gt\/es\/wp-content\/uploads\/2023\/04\/338254667_206201718819923_5611405315077554423_n-1536x1021.jpg 1536w, https:\/\/elmetropolitano.com.gt\/es\/wp-content\/uploads\/2023\/04\/338254667_206201718819923_5611405315077554423_n-600x399.jpg 600w, https:\/\/elmetropolitano.com.gt\/es\/wp-content\/uploads\/2023\/04\/338254667_206201718819923_5611405315077554423_n.jpg 1600w\" sizes=\"auto, (max-width: 1024px) 100vw, 1024px\" \/><\/figure>\n\n\n\n<figure class=\"wp-block-image size-large\"><img loading=\"lazy\" decoding=\"async\" width=\"1024\" height=\"687\" data-id=\"64228\" src=\"https:\/\/elmetropolitano.com.gt\/es\/wp-content\/uploads\/2023\/04\/338422096_545611141067469_6835232903294224628_n-1024x687.jpg\" alt=\"\" class=\"wp-image-64228\" srcset=\"https:\/\/elmetropolitano.com.gt\/es\/wp-content\/uploads\/2023\/04\/338422096_545611141067469_6835232903294224628_n-1024x687.jpg 1024w, https:\/\/elmetropolitano.com.gt\/es\/wp-content\/uploads\/2023\/04\/338422096_545611141067469_6835232903294224628_n-300x201.jpg 300w, https:\/\/elmetropolitano.com.gt\/es\/wp-content\/uploads\/2023\/04\/338422096_545611141067469_6835232903294224628_n-768x515.jpg 768w, https:\/\/elmetropolitano.com.gt\/es\/wp-content\/uploads\/2023\/04\/338422096_545611141067469_6835232903294224628_n-600x402.jpg 600w, https:\/\/elmetropolitano.com.gt\/es\/wp-content\/uploads\/2023\/04\/338422096_545611141067469_6835232903294224628_n.jpg 1105w\" sizes=\"auto, (max-width: 1024px) 100vw, 1024px\" \/><\/figure>\n\n\n\n<figure class=\"wp-block-image size-large\"><img loading=\"lazy\" decoding=\"async\" width=\"1024\" height=\"682\" data-id=\"64230\" src=\"https:\/\/elmetropolitano.com.gt\/es\/wp-content\/uploads\/2023\/04\/342187095_191660803679664_8852249805441632831_n-1024x682.jpg\" alt=\"\" class=\"wp-image-64230\" srcset=\"https:\/\/elmetropolitano.com.gt\/es\/wp-content\/uploads\/2023\/04\/342187095_191660803679664_8852249805441632831_n-1024x682.jpg 1024w, https:\/\/elmetropolitano.com.gt\/es\/wp-content\/uploads\/2023\/04\/342187095_191660803679664_8852249805441632831_n-300x200.jpg 300w, https:\/\/elmetropolitano.com.gt\/es\/wp-content\/uploads\/2023\/04\/342187095_191660803679664_8852249805441632831_n-768x512.jpg 768w, https:\/\/elmetropolitano.com.gt\/es\/wp-content\/uploads\/2023\/04\/342187095_191660803679664_8852249805441632831_n-600x400.jpg 600w, https:\/\/elmetropolitano.com.gt\/es\/wp-content\/uploads\/2023\/04\/342187095_191660803679664_8852249805441632831_n.jpg 1280w\" sizes=\"auto, (max-width: 1024px) 100vw, 1024px\" \/><\/figure>\n\n\n\n<figure class=\"wp-block-image size-large\"><img loading=\"lazy\" decoding=\"async\" width=\"1024\" height=\"683\" data-id=\"64229\" src=\"https:\/\/elmetropolitano.com.gt\/es\/wp-content\/uploads\/2023\/04\/342208338_172950448586041_1216972369387528578_n-1024x683.jpg\" alt=\"\" class=\"wp-image-64229\" srcset=\"https:\/\/elmetropolitano.com.gt\/es\/wp-content\/uploads\/2023\/04\/342208338_172950448586041_1216972369387528578_n-1024x683.jpg 1024w, https:\/\/elmetropolitano.com.gt\/es\/wp-content\/uploads\/2023\/04\/342208338_172950448586041_1216972369387528578_n-300x200.jpg 300w, https:\/\/elmetropolitano.com.gt\/es\/wp-content\/uploads\/2023\/04\/342208338_172950448586041_1216972369387528578_n-768x512.jpg 768w, https:\/\/elmetropolitano.com.gt\/es\/wp-content\/uploads\/2023\/04\/342208338_172950448586041_1216972369387528578_n-600x400.jpg 600w, https:\/\/elmetropolitano.com.gt\/es\/wp-content\/uploads\/2023\/04\/342208338_172950448586041_1216972369387528578_n.jpg 1280w\" sizes=\"auto, (max-width: 1024px) 100vw, 1024px\" \/><\/figure>\n\n\n\n<figure class=\"wp-block-image size-large\"><img loading=\"lazy\" decoding=\"async\" width=\"1024\" height=\"786\" data-id=\"64232\" src=\"https:\/\/elmetropolitano.com.gt\/es\/wp-content\/uploads\/2023\/04\/342213523_614955080181960_4819078135684858631_n-1024x786.jpg\" alt=\"\" class=\"wp-image-64232\" srcset=\"https:\/\/elmetropolitano.com.gt\/es\/wp-content\/uploads\/2023\/04\/342213523_614955080181960_4819078135684858631_n-1024x786.jpg 1024w, https:\/\/elmetropolitano.com.gt\/es\/wp-content\/uploads\/2023\/04\/342213523_614955080181960_4819078135684858631_n-300x230.jpg 300w, https:\/\/elmetropolitano.com.gt\/es\/wp-content\/uploads\/2023\/04\/342213523_614955080181960_4819078135684858631_n-768x590.jpg 768w, https:\/\/elmetropolitano.com.gt\/es\/wp-content\/uploads\/2023\/04\/342213523_614955080181960_4819078135684858631_n-600x461.jpg 600w, https:\/\/elmetropolitano.com.gt\/es\/wp-content\/uploads\/2023\/04\/342213523_614955080181960_4819078135684858631_n.jpg 1280w\" sizes=\"auto, (max-width: 1024px) 100vw, 1024px\" \/><\/figure>\n<\/figure>\n","protected":false},"excerpt":{"rendered":"<p>El Congreso espera aprobar ma\u00f1ana en su tercer debate, por art\u00edculos y redacci\u00f3n final el proyecto de la iniciativa 6218 Decreto con el que se dispone aprobar Ampliaci\u00f3n para el Programa de Aporte Econ\u00f3mico del Adulto Mayor, haciendo uso del saldo de recursos otorgados para atender la emergencia provocada por el Covid-19. De esa forma, <a class=\"read-more\" href=\"https:\/\/elmetropolitano.com.gt\/es\/congreso-buscara-aprobar-un-aporte-para-el-adulto-mayor\/\">Leer m\u00e1s<\/a><\/p>\n","protected":false},"author":1,"featured_media":64226,"comment_status":"open","ping_status":"closed","sticky":false,"template":"","format":"standard","meta":{"footnotes":""},"categories":[2],"tags":[12],"class_list":["post-64225","post","type-post","status-publish","format-standard","has-post-thumbnail","hentry","category-nacionales","tag-nacionales"],"_links":{"self":[{"href":"https:\/\/elmetropolitano.com.gt\/es\/wp-json\/wp\/v2\/posts\/64225","targetHints":{"allow":["GET"]}}],"collection":[{"href":"https:\/\/elmetropolitano.com.gt\/es\/wp-json\/wp\/v2\/posts"}],"about":[{"href":"https:\/\/elmetropolitano.com.gt\/es\/wp-json\/wp\/v2\/types\/post"}],"author":[{"embeddable":true,"href":"https:\/\/elmetropolitano.com.gt\/es\/wp-json\/wp\/v2\/users\/1"}],"replies":[{"embeddable":true,"href":"https:\/\/elmetropolitano.com.gt\/es\/wp-json\/wp\/v2\/comments?post=64225"}],"version-history":[{"count":1,"href":"https:\/\/elmetropolitano.com.gt\/es\/wp-json\/wp\/v2\/posts\/64225\/revisions"}],"predecessor-version":[{"id":64233,"href":"https:\/\/elmetropolitano.com.gt\/es\/wp-json\/wp\/v2\/posts\/64225\/revisions\/64233"}],"wp:featuredmedia":[{"embeddable":true,"href":"https:\/\/elmetropolitano.com.gt\/es\/wp-json\/wp\/v2\/media\/64226"}],"wp:attachment":[{"href":"https:\/\/elmetropolitano.com.gt\/es\/wp-json\/wp\/v2\/media?parent=64225"}],"wp:term":[{"taxonomy":"category","embeddable":true,"href":"https:\/\/elmetropolitano.com.gt\/es\/wp-json\/wp\/v2\/categories?post=64225"},{"taxonomy":"post_tag","embeddable":true,"href":"https:\/\/elmetropolitano.com.gt\/es\/wp-json\/wp\/v2\/tags?post=64225"}],"curies":[{"name":"wp","href":"https:\/\/api.w.org\/{rel}","templated":true}]}}