{"id":64242,"date":"2023-04-19T09:30:50","date_gmt":"2023-04-19T15:30:50","guid":{"rendered":"https:\/\/elmetropolitano.com.gt\/es\/?p=64242"},"modified":"2023-04-19T09:30:52","modified_gmt":"2023-04-19T15:30:52","slug":"reconocen-a-john-c-maxwell-por-su-contribucion-a-la-formacion-de-lideres-guatemaltecos","status":"publish","type":"post","link":"https:\/\/elmetropolitano.com.gt\/es\/reconocen-a-john-c-maxwell-por-su-contribucion-a-la-formacion-de-lideres-guatemaltecos\/","title":{"rendered":"Reconocen a John C. Maxwell por su contribuci\u00f3n a la formaci\u00f3n de l\u00edderes guatemaltecos"},"content":{"rendered":"\n<p>En reconocimiento al trabajo que ejecuta John C. Maxwell en Guatemala, autoridades del Gobierno de Guatemala entregaron reconocimientos al escritor.<\/p>\n\n\n\n<p>Principalmente, las autoridades resaltaron que este trabajo en conjunto se inici\u00f3 hace 10 a\u00f1os y que, a trav\u00e9s de al menos 16 visitas del tambi\u00e9n conferencista, se ha ido fortaleciendo.<\/p><div class=\"elmet-contenido\" id=\"elmet-1281926022\"><div class=\"elmet-adlabel\">Anuncios<\/div><div style=\"margin-top: 20px;margin-right: 20px;margin-bottom: 20px;margin-left: 20px;\" id=\"elmet-4254897915\"><a href=\"https:\/\/www.facebook.com\/arrincuanantigua\/\" aria-label=\"cintillo-arrin-cual\"><img loading=\"lazy\" decoding=\"async\" src=\"https:\/\/elmetropolitano.com.gt\/es\/wp-content\/uploads\/2021\/11\/cintillo-arrin-cual-1.jpg\" alt=\"\"  srcset=\"https:\/\/elmetropolitano.com.gt\/es\/wp-content\/uploads\/2021\/11\/cintillo-arrin-cual-1.jpg 750w, https:\/\/elmetropolitano.com.gt\/es\/wp-content\/uploads\/2021\/11\/cintillo-arrin-cual-1-300x36.jpg 300w, https:\/\/elmetropolitano.com.gt\/es\/wp-content\/uploads\/2021\/11\/cintillo-arrin-cual-1-600x72.jpg 600w\" sizes=\"(max-width: 750px) 100vw, 750px\" width=\"750\" height=\"90\"   \/><\/a><\/div><\/div>\n\n\n\n<p>Al <a><\/a>respecto, se dio a conocer que el trabajo del escritor se ha logrado con la alianza que se tiene entre Guatemala Pr\u00f3spera y Maxwell Leadership Foundation.<\/p>\n\n\n\n<p>Por lo que representantes de diferentes sectores hicieron entrega de reconocimientos especiales en un acto celebrado en el Palacio Nacional de la Cultura.<\/p>\n\n\n\n<p>Turismo<\/p>\n\n\n\n<p>Por su parte, el Instituto Guatemalteco de Turismo (Inguat) dio a conocer que la trayectoria que tiene Maxwell como escritor y conferencista lo posiciona como uno de los l\u00edderes m\u00e1s importantes en el mundo.<\/p>\n\n\n\n<p>En ese sentido, durante una d\u00e9cada el autor ha realizado diversas visitas al pa\u00eds que adem\u00e1s de impulsar programas educativos han realzado la belleza tur\u00edstica nacional.<\/p>\n\n\n\n<p>Por lo que el Inguat nombr\u00f3 a John C. Maxwell como un embajador de honor para el turismo de Guatemala. Con ello, Maxwell es el primer extranjero en recibir este reconocimiento. Esto debido a su trayectoria, amor y difusi\u00f3n que hace de Guatemala de forma internacional.<\/p>\n\n\n\n<p>Impulso de la educaci\u00f3n<\/p>\n\n\n\n<p>El Ministerio de Educaci\u00f3n (Mineduc) dio a conocer que con apoyo del Gobierno de Guatemala los programas de la fundaci\u00f3n Maxwell han llegado a los estudiantes del sector p\u00fablico. Esto a trav\u00e9s de esfuerzos que han permitido que sus libros sobre liderazgo sean traducidos a diferentes idiomas, incluyendo el sistema braille para que ni\u00f1os con discapacidad visual puedan aprovechar su contenido.<\/p>\n\n\n\n<p>Por ello, el Mineduc le entreg\u00f3 la Orden Pedag\u00f3gica Juan Jos\u00e9 Ar\u00e9valo Bermejo. Dicha condecoraci\u00f3n representa la gratitud de los ni\u00f1os, j\u00f3venes y maestros guatemaltecos que han sido beneficiados.<\/p>\n\n\n\n<p>Adem\u00e1s, contempla un s\u00edmbolo de honor y dignificaci\u00f3n que se entrega a intelectuales que tienen una trayectoria destacada en el desarrollo de la educaci\u00f3n y la ciencia.<\/p>\n\n\n\n<p>Promoci\u00f3n de la paz<\/p>\n\n\n\n<p>Como parte del acto de condecoraci\u00f3n, el Ministerio de Cultura y Deportes (MCD) llev\u00f3 a cabo el cambio de la Rosa de la Paz y el nombramiento de John C. Maxwell como mensajero de la paz.<\/p>\n\n\n\n<p>De acuerdo con el MCD, este reconocimiento se hace como agradecimiento a sus esfuerzos para transformar vidas y entorno de miles de guatemaltecos.<\/p>\n\n\n\n<p>En ese sentido, se resalt\u00f3 que al inicio de la alianza de trabajo hace 10 a\u00f1os, este personaje tuvo la oportunidad de realizar el mismo acto simb\u00f3lico.<\/p>\n\n\n\n<p>Por ello, el realizarlo nuevamente, una d\u00e9cada despu\u00e9s, reafirma su compromiso de seguir trabajando de la mano con Guatemala para impulsar un mejor pa\u00eds.<\/p>\n\n\n\n<p>Servicio a la humanidad<\/p>\n\n\n\n<p>El \u00faltimo de los cuatro reconocimientos fue la entrega de la Orden Antonio Jos\u00e9 de Irisarri, por parte del Ministerio de Relaciones Exteriores.<\/p>\n\n\n\n<p>De esa cuenta, las autoridades resaltaron que este reconocimiento se brinda a personajes destacados por sus acciones, servicio a la soberan\u00eda, humanidad y promoci\u00f3n de la libertad.<\/p>\n\n\n\n<p>Por ello, el Presidente de Guatemala Alejandro Giammattei manifest\u00f3 su agradecimiento por el trabajo que ha realizado el escritor a lo largo de los a\u00f1os y les ha permitido a los guatemaltecos fortalecer sus valores y principios para el ejercicio del liderazgo.<\/p>\n\n\n\n<p>Asimismo, el mandatario destac\u00f3 que todos estos reconocimientos son entregados de manera simb\u00f3lica para agradecer por el trabajo realizado en la capacitaci\u00f3n a m\u00e1s de 3 millones de guatemaltecos.<\/p>\n\n\n\n<p>De todo coraz\u00f3n, esto es un homenaje de pa\u00eds, no de gobierno, en nombre de esos 3 millones de guatemaltecos que han sido beneficiados, destac\u00f3.<\/p>\n\n\n\n<p>Igualmente, el Presidente Giammattei coment\u00f3 que el modelo de trabajo de Maxwell ir\u00e1 en crecimiento para seguir transformando vidas, familias y naciones.<\/p>\n\n\n\n<p>Agradecimiento de Maxwell<\/p>\n\n\n\n<p>Por su parte, John C. Maxwell reiter\u00f3 su compromiso de seguir trabajando para aumentar los resultados obtenidos en Guatemala.<\/p>\n\n\n\n<p>Estamos viendo grandes \u00e9xitos y escuchando historias de vida transformadoras, pero les recuerdo que estos 10 a\u00f1os no significan que la transformaci\u00f3n termine, al contrario, est\u00e1 iniciando, mencion\u00f3 Maxwell.<\/p>\n\n\n\n<p>Por lo que reiter\u00f3 su compromiso de seguir llevando este modelo de trabajo a m\u00e1s pa\u00edses de Centroam\u00e9rica y de ese modo impulsar una cultura de valores que mejoren la vida de los ciudadanos.<\/p>\n\n\n\n<p>Texto: Veylin Herrera<\/p>\n\n\n\n<p><a href=\"https:\/\/www.facebook.com\/hashtag\/metroredes?__eep__=6&amp;__cft__[0]=AZULYNu2kL-9PkPdSwo99nEcAwiRVlDTx3EaFkcna8n3iH2GIs3px3IWuwi2UyzGV1UCVcYh3xd8p7GufiX0WGWqCcruIB3RHyO5125J2xbkaXGLuzMI_Q90Jd4pFad4t71wYO7ohYkYC2jFDGDQujzArDSSCxeR5-EjFPPAYHflg3mHTlSXcLA2ZY9Ga3V0kOk&amp;__tn__=*NK-R\">#metroredes<\/a><\/p>\n\n\n\n<figure class=\"wp-block-gallery has-nested-images columns-default is-cropped wp-block-gallery-1 is-layout-flex wp-block-gallery-is-layout-flex\">\n<figure class=\"wp-block-image size-large\"><img loading=\"lazy\" decoding=\"async\" width=\"1024\" height=\"635\" data-id=\"64246\" src=\"https:\/\/elmetropolitano.com.gt\/es\/wp-content\/uploads\/2023\/04\/338246804_245393554650951_4017507712451312978_n-1024x635.jpg\" alt=\"\" class=\"wp-image-64246\" srcset=\"https:\/\/elmetropolitano.com.gt\/es\/wp-content\/uploads\/2023\/04\/338246804_245393554650951_4017507712451312978_n-1024x635.jpg 1024w, https:\/\/elmetropolitano.com.gt\/es\/wp-content\/uploads\/2023\/04\/338246804_245393554650951_4017507712451312978_n-300x186.jpg 300w, https:\/\/elmetropolitano.com.gt\/es\/wp-content\/uploads\/2023\/04\/338246804_245393554650951_4017507712451312978_n-768x476.jpg 768w, https:\/\/elmetropolitano.com.gt\/es\/wp-content\/uploads\/2023\/04\/338246804_245393554650951_4017507712451312978_n-600x372.jpg 600w, https:\/\/elmetropolitano.com.gt\/es\/wp-content\/uploads\/2023\/04\/338246804_245393554650951_4017507712451312978_n.jpg 1170w\" sizes=\"auto, (max-width: 1024px) 100vw, 1024px\" \/><\/figure>\n\n\n\n<figure class=\"wp-block-image size-large\"><img loading=\"lazy\" decoding=\"async\" width=\"1024\" height=\"512\" data-id=\"64244\" src=\"https:\/\/elmetropolitano.com.gt\/es\/wp-content\/uploads\/2023\/04\/342197648_960887448267283_3626632919434020650_n-1024x512.jpg\" alt=\"\" class=\"wp-image-64244\" srcset=\"https:\/\/elmetropolitano.com.gt\/es\/wp-content\/uploads\/2023\/04\/342197648_960887448267283_3626632919434020650_n-1024x512.jpg 1024w, https:\/\/elmetropolitano.com.gt\/es\/wp-content\/uploads\/2023\/04\/342197648_960887448267283_3626632919434020650_n-300x150.jpg 300w, https:\/\/elmetropolitano.com.gt\/es\/wp-content\/uploads\/2023\/04\/342197648_960887448267283_3626632919434020650_n-768x384.jpg 768w, https:\/\/elmetropolitano.com.gt\/es\/wp-content\/uploads\/2023\/04\/342197648_960887448267283_3626632919434020650_n-600x300.jpg 600w, https:\/\/elmetropolitano.com.gt\/es\/wp-content\/uploads\/2023\/04\/342197648_960887448267283_3626632919434020650_n.jpg 1140w\" sizes=\"auto, (max-width: 1024px) 100vw, 1024px\" \/><\/figure>\n\n\n\n<figure class=\"wp-block-image size-large\"><img loading=\"lazy\" decoding=\"async\" width=\"1024\" height=\"712\" data-id=\"64245\" src=\"https:\/\/elmetropolitano.com.gt\/es\/wp-content\/uploads\/2023\/04\/342333634_789963919365614_804365349104066597_n-1024x712.jpg\" alt=\"\" class=\"wp-image-64245\" srcset=\"https:\/\/elmetropolitano.com.gt\/es\/wp-content\/uploads\/2023\/04\/342333634_789963919365614_804365349104066597_n-1024x712.jpg 1024w, https:\/\/elmetropolitano.com.gt\/es\/wp-content\/uploads\/2023\/04\/342333634_789963919365614_804365349104066597_n-300x209.jpg 300w, https:\/\/elmetropolitano.com.gt\/es\/wp-content\/uploads\/2023\/04\/342333634_789963919365614_804365349104066597_n-768x534.jpg 768w, https:\/\/elmetropolitano.com.gt\/es\/wp-content\/uploads\/2023\/04\/342333634_789963919365614_804365349104066597_n-600x417.jpg 600w, https:\/\/elmetropolitano.com.gt\/es\/wp-content\/uploads\/2023\/04\/342333634_789963919365614_804365349104066597_n.jpg 1124w\" sizes=\"auto, (max-width: 1024px) 100vw, 1024px\" \/><\/figure>\n\n\n\n<figure class=\"wp-block-image size-large\"><img loading=\"lazy\" decoding=\"async\" width=\"680\" height=\"383\" data-id=\"64247\" src=\"https:\/\/elmetropolitano.com.gt\/es\/wp-content\/uploads\/2023\/04\/342352321_242019238321893_6208133398981059148_n.jpg\" alt=\"\" class=\"wp-image-64247\" srcset=\"https:\/\/elmetropolitano.com.gt\/es\/wp-content\/uploads\/2023\/04\/342352321_242019238321893_6208133398981059148_n.jpg 680w, https:\/\/elmetropolitano.com.gt\/es\/wp-content\/uploads\/2023\/04\/342352321_242019238321893_6208133398981059148_n-300x169.jpg 300w, https:\/\/elmetropolitano.com.gt\/es\/wp-content\/uploads\/2023\/04\/342352321_242019238321893_6208133398981059148_n-600x338.jpg 600w\" sizes=\"auto, (max-width: 680px) 100vw, 680px\" \/><\/figure>\n<\/figure>\n","protected":false},"excerpt":{"rendered":"<p>En reconocimiento al trabajo que ejecuta John C. Maxwell en Guatemala, autoridades del Gobierno de Guatemala entregaron reconocimientos al escritor. Principalmente, las autoridades resaltaron que este trabajo en conjunto se inici\u00f3 hace 10 a\u00f1os y que, a trav\u00e9s de al menos 16 visitas del tambi\u00e9n conferencista, se ha ido fortaleciendo. Al respecto, se dio a <a class=\"read-more\" href=\"https:\/\/elmetropolitano.com.gt\/es\/reconocen-a-john-c-maxwell-por-su-contribucion-a-la-formacion-de-lideres-guatemaltecos\/\">Leer m\u00e1s<\/a><\/p>\n","protected":false},"author":1,"featured_media":64243,"comment_status":"open","ping_status":"closed","sticky":false,"template":"","format":"standard","meta":{"footnotes":""},"categories":[2],"tags":[12],"class_list":["post-64242","post","type-post","status-publish","format-standard","has-post-thumbnail","hentry","category-nacionales","tag-nacionales"],"_links":{"self":[{"href":"https:\/\/elmetropolitano.com.gt\/es\/wp-json\/wp\/v2\/posts\/64242","targetHints":{"allow":["GET"]}}],"collection":[{"href":"https:\/\/elmetropolitano.com.gt\/es\/wp-json\/wp\/v2\/posts"}],"about":[{"href":"https:\/\/elmetropolitano.com.gt\/es\/wp-json\/wp\/v2\/types\/post"}],"author":[{"embeddable":true,"href":"https:\/\/elmetropolitano.com.gt\/es\/wp-json\/wp\/v2\/users\/1"}],"replies":[{"embeddable":true,"href":"https:\/\/elmetropolitano.com.gt\/es\/wp-json\/wp\/v2\/comments?post=64242"}],"version-history":[{"count":1,"href":"https:\/\/elmetropolitano.com.gt\/es\/wp-json\/wp\/v2\/posts\/64242\/revisions"}],"predecessor-version":[{"id":64248,"href":"https:\/\/elmetropolitano.com.gt\/es\/wp-json\/wp\/v2\/posts\/64242\/revisions\/64248"}],"wp:featuredmedia":[{"embeddable":true,"href":"https:\/\/elmetropolitano.com.gt\/es\/wp-json\/wp\/v2\/media\/64243"}],"wp:attachment":[{"href":"https:\/\/elmetropolitano.com.gt\/es\/wp-json\/wp\/v2\/media?parent=64242"}],"wp:term":[{"taxonomy":"category","embeddable":true,"href":"https:\/\/elmetropolitano.com.gt\/es\/wp-json\/wp\/v2\/categories?post=64242"},{"taxonomy":"post_tag","embeddable":true,"href":"https:\/\/elmetropolitano.com.gt\/es\/wp-json\/wp\/v2\/tags?post=64242"}],"curies":[{"name":"wp","href":"https:\/\/api.w.org\/{rel}","templated":true}]}}