{"id":64249,"date":"2023-04-19T09:34:24","date_gmt":"2023-04-19T15:34:24","guid":{"rendered":"https:\/\/elmetropolitano.com.gt\/es\/?p=64249"},"modified":"2023-04-19T09:34:26","modified_gmt":"2023-04-19T15:34:26","slug":"migracion-no-permite-ingreso-de-pakistani-con-antecedentes-de-participar-en-actos-de-terrorismo","status":"publish","type":"post","link":"https:\/\/elmetropolitano.com.gt\/es\/migracion-no-permite-ingreso-de-pakistani-con-antecedentes-de-participar-en-actos-de-terrorismo\/","title":{"rendered":"Migraci\u00f3n no permite ingreso de pakistani con antecedentes de participar en actos de terrorismo"},"content":{"rendered":"\n<p>En un vuelo comercial, arrib\u00f3 al pa\u00eds un hombre de 33 a\u00f1os de nacionalidad pakistan\u00ed; a quien Migracion le neg\u00f3 la noche de este martes el ingreso al pa\u00eds.<\/p>\n\n\n\n<p>Al realizar el control migratorio se activ\u00f3 una alerta internacional por lo que delegados migratorios realizaron una revisi\u00f3n secundaria, en d\u00f3nde se confirm\u00f3 que la persona tiene antecedentes de participar en actos relacionados <a><\/a>con el terrorismo.<\/p><div class=\"elmet-contenido\" id=\"elmet-683854764\"><div class=\"elmet-adlabel\">Anuncios<\/div><div style=\"margin-top: 20px;margin-right: 20px;margin-bottom: 20px;margin-left: 20px;\" id=\"elmet-3415046169\"><a href=\"https:\/\/www.facebook.com\/arrincuanantigua\/\" aria-label=\"cintillo-arrin-cual\"><img loading=\"lazy\" decoding=\"async\" src=\"https:\/\/elmetropolitano.com.gt\/es\/wp-content\/uploads\/2021\/11\/cintillo-arrin-cual-1.jpg\" alt=\"\"  srcset=\"https:\/\/elmetropolitano.com.gt\/es\/wp-content\/uploads\/2021\/11\/cintillo-arrin-cual-1.jpg 750w, https:\/\/elmetropolitano.com.gt\/es\/wp-content\/uploads\/2021\/11\/cintillo-arrin-cual-1-300x36.jpg 300w, https:\/\/elmetropolitano.com.gt\/es\/wp-content\/uploads\/2021\/11\/cintillo-arrin-cual-1-600x72.jpg 600w\" sizes=\"(max-width: 750px) 100vw, 750px\" width=\"750\" height=\"90\"   \/><\/a><\/div><\/div>\n\n\n\n<p>Durante este a\u00f1o se ha inadmitido el ingreso de 1,115 personas en su mayor\u00eda de Colombia, Brasil y Rep\u00fablica Dominicana.<\/p>\n\n\n\n<p>En cumplimiento a lo establecido en el C\u00f3digo de Migraci\u00f3n y con los compromisos adquiridos en materia de seguridad. El Instituto Guatemalteco de Migraci\u00f3n, coordin\u00f3 con Interpol Guatemala el retorno de la persona hacia el pa\u00eds de procedencia<\/p>\n\n\n\n<p><a href=\"https:\/\/www.facebook.com\/hashtag\/metroredes?__eep__=6&amp;__cft__[0]=AZXCm4KGZP1RoopTqemu8-Lt9tgvwkQ6VT0OCI546do7zz7RPM0cWyEwbvpC-EHKECyJH8NU4LQbqpOtxmaRIrlNU1oQIjDk-MB4ojl_S8jBtl_fdcS-XH7eRG_YWgdg-YSly1_Ik8Od9fiTGeKKtjDPyvDRIkfqQJ4XFg5u1_y8aMPhvrebolNOmRCbX5JZa38&amp;__tn__=*NK-R\">#metroredes<\/a><a href=\"https:\/\/www.facebook.com\/hashtag\/migraciongt?__eep__=6&amp;__cft__[0]=AZXCm4KGZP1RoopTqemu8-Lt9tgvwkQ6VT0OCI546do7zz7RPM0cWyEwbvpC-EHKECyJH8NU4LQbqpOtxmaRIrlNU1oQIjDk-MB4ojl_S8jBtl_fdcS-XH7eRG_YWgdg-YSly1_Ik8Od9fiTGeKKtjDPyvDRIkfqQJ4XFg5u1_y8aMPhvrebolNOmRCbX5JZa38&amp;__tn__=*NK-R\">#migraciongt<\/a><\/p>\n\n\n\n<figure class=\"wp-block-gallery has-nested-images columns-default is-cropped wp-block-gallery-1 is-layout-flex wp-block-gallery-is-layout-flex\">\n<figure class=\"wp-block-image size-large\"><img loading=\"lazy\" decoding=\"async\" width=\"554\" height=\"554\" data-id=\"64252\" src=\"https:\/\/elmetropolitano.com.gt\/es\/wp-content\/uploads\/2023\/04\/342426134_230881549521212_4627071909737347674_n.jpg\" alt=\"\" class=\"wp-image-64252\" srcset=\"https:\/\/elmetropolitano.com.gt\/es\/wp-content\/uploads\/2023\/04\/342426134_230881549521212_4627071909737347674_n.jpg 554w, https:\/\/elmetropolitano.com.gt\/es\/wp-content\/uploads\/2023\/04\/342426134_230881549521212_4627071909737347674_n-300x300.jpg 300w, https:\/\/elmetropolitano.com.gt\/es\/wp-content\/uploads\/2023\/04\/342426134_230881549521212_4627071909737347674_n-150x150.jpg 150w, https:\/\/elmetropolitano.com.gt\/es\/wp-content\/uploads\/2023\/04\/342426134_230881549521212_4627071909737347674_n-100x100.jpg 100w\" sizes=\"auto, (max-width: 554px) 100vw, 554px\" \/><\/figure>\n\n\n\n<figure class=\"wp-block-image size-large\"><img loading=\"lazy\" decoding=\"async\" width=\"461\" height=\"1024\" data-id=\"64253\" src=\"https:\/\/elmetropolitano.com.gt\/es\/wp-content\/uploads\/2023\/04\/342431655_899607171268661_8034395644141968506_n-461x1024.jpg\" alt=\"\" class=\"wp-image-64253\" srcset=\"https:\/\/elmetropolitano.com.gt\/es\/wp-content\/uploads\/2023\/04\/342431655_899607171268661_8034395644141968506_n-461x1024.jpg 461w, https:\/\/elmetropolitano.com.gt\/es\/wp-content\/uploads\/2023\/04\/342431655_899607171268661_8034395644141968506_n-135x300.jpg 135w, https:\/\/elmetropolitano.com.gt\/es\/wp-content\/uploads\/2023\/04\/342431655_899607171268661_8034395644141968506_n-600x1333.jpg 600w, https:\/\/elmetropolitano.com.gt\/es\/wp-content\/uploads\/2023\/04\/342431655_899607171268661_8034395644141968506_n.jpg 640w\" sizes=\"auto, (max-width: 461px) 100vw, 461px\" \/><\/figure>\n<\/figure>\n\n\n\n<figure class=\"wp-block-image size-full\"><img loading=\"lazy\" decoding=\"async\" width=\"768\" height=\"768\" src=\"https:\/\/elmetropolitano.com.gt\/es\/wp-content\/uploads\/2023\/04\/342443312_218448314130253_7257483700479703437_n-1.jpg\" alt=\"\" class=\"wp-image-64254\" srcset=\"https:\/\/elmetropolitano.com.gt\/es\/wp-content\/uploads\/2023\/04\/342443312_218448314130253_7257483700479703437_n-1.jpg 768w, https:\/\/elmetropolitano.com.gt\/es\/wp-content\/uploads\/2023\/04\/342443312_218448314130253_7257483700479703437_n-1-300x300.jpg 300w, https:\/\/elmetropolitano.com.gt\/es\/wp-content\/uploads\/2023\/04\/342443312_218448314130253_7257483700479703437_n-1-150x150.jpg 150w, https:\/\/elmetropolitano.com.gt\/es\/wp-content\/uploads\/2023\/04\/342443312_218448314130253_7257483700479703437_n-1-600x600.jpg 600w, https:\/\/elmetropolitano.com.gt\/es\/wp-content\/uploads\/2023\/04\/342443312_218448314130253_7257483700479703437_n-1-100x100.jpg 100w\" sizes=\"auto, (max-width: 768px) 100vw, 768px\" \/><\/figure>\n","protected":false},"excerpt":{"rendered":"<p>En un vuelo comercial, arrib\u00f3 al pa\u00eds un hombre de 33 a\u00f1os de nacionalidad pakistan\u00ed; a quien Migracion le neg\u00f3 la noche de este martes el ingreso al pa\u00eds. Al realizar el control migratorio se activ\u00f3 una alerta internacional por lo que delegados migratorios realizaron una revisi\u00f3n secundaria, en d\u00f3nde se confirm\u00f3 que la persona <a class=\"read-more\" href=\"https:\/\/elmetropolitano.com.gt\/es\/migracion-no-permite-ingreso-de-pakistani-con-antecedentes-de-participar-en-actos-de-terrorismo\/\">Leer m\u00e1s<\/a><\/p>\n","protected":false},"author":1,"featured_media":64250,"comment_status":"open","ping_status":"closed","sticky":false,"template":"","format":"standard","meta":{"footnotes":""},"categories":[2],"tags":[12],"class_list":["post-64249","post","type-post","status-publish","format-standard","has-post-thumbnail","hentry","category-nacionales","tag-nacionales"],"_links":{"self":[{"href":"https:\/\/elmetropolitano.com.gt\/es\/wp-json\/wp\/v2\/posts\/64249","targetHints":{"allow":["GET"]}}],"collection":[{"href":"https:\/\/elmetropolitano.com.gt\/es\/wp-json\/wp\/v2\/posts"}],"about":[{"href":"https:\/\/elmetropolitano.com.gt\/es\/wp-json\/wp\/v2\/types\/post"}],"author":[{"embeddable":true,"href":"https:\/\/elmetropolitano.com.gt\/es\/wp-json\/wp\/v2\/users\/1"}],"replies":[{"embeddable":true,"href":"https:\/\/elmetropolitano.com.gt\/es\/wp-json\/wp\/v2\/comments?post=64249"}],"version-history":[{"count":1,"href":"https:\/\/elmetropolitano.com.gt\/es\/wp-json\/wp\/v2\/posts\/64249\/revisions"}],"predecessor-version":[{"id":64255,"href":"https:\/\/elmetropolitano.com.gt\/es\/wp-json\/wp\/v2\/posts\/64249\/revisions\/64255"}],"wp:featuredmedia":[{"embeddable":true,"href":"https:\/\/elmetropolitano.com.gt\/es\/wp-json\/wp\/v2\/media\/64250"}],"wp:attachment":[{"href":"https:\/\/elmetropolitano.com.gt\/es\/wp-json\/wp\/v2\/media?parent=64249"}],"wp:term":[{"taxonomy":"category","embeddable":true,"href":"https:\/\/elmetropolitano.com.gt\/es\/wp-json\/wp\/v2\/categories?post=64249"},{"taxonomy":"post_tag","embeddable":true,"href":"https:\/\/elmetropolitano.com.gt\/es\/wp-json\/wp\/v2\/tags?post=64249"}],"curies":[{"name":"wp","href":"https:\/\/api.w.org\/{rel}","templated":true}]}}