{"id":64269,"date":"2023-04-19T09:40:28","date_gmt":"2023-04-19T15:40:28","guid":{"rendered":"https:\/\/elmetropolitano.com.gt\/es\/?p=64269"},"modified":"2023-04-19T09:40:29","modified_gmt":"2023-04-19T15:40:29","slug":"presidente-anuncia-visita-a-la-republica-de-china-taiwan","status":"publish","type":"post","link":"https:\/\/elmetropolitano.com.gt\/es\/presidente-anuncia-visita-a-la-republica-de-china-taiwan\/","title":{"rendered":"Presidente anuncia visita a la Rep\u00fablica de China (Taiw\u00e1n)"},"content":{"rendered":"\n<p>El Presidente de Guatemala dio a conocer que este s\u00e1bado 22 inicia su viaje a la Rep\u00fablica de China (Taiw\u00e1n) para el fortalecimiento de las relaciones bilaterales.<\/p>\n\n\n\n<p>De acuerdo con el jefe del Ejecutivo, su visita oficial en la naci\u00f3n asi\u00e1tica durar\u00e1 dos d\u00edas y medio, durante los cuales se abordar\u00e1n temas de cooperaci\u00f3n.<\/p><div class=\"elmet-contenido\" id=\"elmet-3739411001\"><div class=\"elmet-adlabel\">Anuncios<\/div><div style=\"margin-top: 20px;margin-right: 20px;margin-bottom: 20px;margin-left: 20px;\" id=\"elmet-648438608\"><a href=\"https:\/\/www.facebook.com\/arrincuanantigua\/\" aria-label=\"cintillo-arrin-cual\"><img loading=\"lazy\" decoding=\"async\" src=\"https:\/\/elmetropolitano.com.gt\/es\/wp-content\/uploads\/2021\/11\/cintillo-arrin-cual-1.jpg\" alt=\"\"  srcset=\"https:\/\/elmetropolitano.com.gt\/es\/wp-content\/uploads\/2021\/11\/cintillo-arrin-cual-1.jpg 750w, https:\/\/elmetropolitano.com.gt\/es\/wp-content\/uploads\/2021\/11\/cintillo-arrin-cual-1-300x36.jpg 300w, https:\/\/elmetropolitano.com.gt\/es\/wp-content\/uploads\/2021\/11\/cintillo-arrin-cual-1-600x72.jpg 600w\" sizes=\"(max-width: 750px) 100vw, 750px\" width=\"750\" height=\"90\"   \/><\/a><\/div><\/div>\n\n\n\n<p>Es <a><\/a>un viaje de pr\u00e1cticamente dos d\u00edas y medio en tierra, y tres y medio entre aeropuertos y aviones, indic\u00f3 el mandatario.<\/p>\n\n\n\n<p>Asimismo, destac\u00f3 que este d\u00eda se definir\u00e1 la agenda con el embajador de la Rep\u00fablica de China (Taiw\u00e1n) en Guatemala, para aprovechar su visita.<\/p>\n\n\n\n<p>Dichas acciones buscan mejorar el apoyo bilateral para mantener el desarrollo de ambas naciones.<\/p>\n\n\n\n<p>Agenda de trabajo<\/p>\n\n\n\n<p>Por otro lado, el Presidente comparti\u00f3 algunos de los puntos priorizados que se dialogar\u00e1n con las autoridades de la Rep\u00fablica de China (Taiw\u00e1n).<\/p>\n\n\n\n<p>Entre estos se mencion\u00f3 un apoyo en caso de desastres naturales por parte de la naci\u00f3n asi\u00e1tica, para trabajar con la Coordinadora Nacional para la Reducci\u00f3n de Desastres (Conred).<\/p>\n\n\n\n<p>De ese modo, se espera contar con un fondo para afrontar los efectos negativos que pueda ocasionar la variaci\u00f3n clim\u00e1tica en el territorio nacional.<\/p>\n\n\n\n<p>Asimismo, se destac\u00f3 que se encuentra en proceso de an\u00e1lisis un convenio de nearshoring con la naci\u00f3n amiga, para el fortalecimiento en la producci\u00f3n de art\u00edculos importantes para ambos.<\/p>\n\n\n\n<p>Inversiones para Guatemala<\/p>\n\n\n\n<p>Otra de las acciones previstas son las visitas a las empresas taiwanesas m\u00e1s grandes del pa\u00eds, que est\u00e1n interesadas en instalarse en Guatemala.<\/p>\n\n\n\n<p>Asimismo, se abrir\u00e1 la primera coffee shop de Guatemala en la Rep\u00fablica de China (Taiw\u00e1n) para impulsar all\u00ed el caf\u00e9 guatemalteco.<\/p>\n\n\n\n<p>Todo esto busca atraer inversionistas y, de ese modo, impulsar la econom\u00eda guatemalteca frente un mercado internacional importante.<\/p>\n\n\n\n<p>Fortalecimiento de relaciones<\/p>\n\n\n\n<p>Las autoridades guatemaltecas resaltaron que la llegada del Presidente a la Rep\u00fablica de China (Taiw\u00e1n) representa el compromiso de Guatemala para el fortalecimiento de las relaciones bilaterales.<\/p>\n\n\n\n<p>Asimismo, reafirma el apoyo a la Rep\u00fablica de China (Taiw\u00e1n) como una naci\u00f3n independiente y soberana para el mundo.<\/p>\n\n\n\n<p>Por esta raz\u00f3n, se espera que los dos d\u00edas de visita sean de beneficio para mejorar las condiciones de vida de ambas poblaciones.<\/p>\n\n\n\n<p>Texto: Veylin Herrera<\/p>\n\n\n\n<p><\/p>\n","protected":false},"excerpt":{"rendered":"<p>El Presidente de Guatemala dio a conocer que este s\u00e1bado 22 inicia su viaje a la Rep\u00fablica de China (Taiw\u00e1n) para el fortalecimiento de las relaciones bilaterales. De acuerdo con el jefe del Ejecutivo, su visita oficial en la naci\u00f3n asi\u00e1tica durar\u00e1 dos d\u00edas y medio, durante los cuales se abordar\u00e1n temas de cooperaci\u00f3n. Es <a class=\"read-more\" href=\"https:\/\/elmetropolitano.com.gt\/es\/presidente-anuncia-visita-a-la-republica-de-china-taiwan\/\">Leer m\u00e1s<\/a><\/p>\n","protected":false},"author":1,"featured_media":64270,"comment_status":"open","ping_status":"closed","sticky":false,"template":"","format":"standard","meta":{"footnotes":""},"categories":[2],"tags":[12],"class_list":["post-64269","post","type-post","status-publish","format-standard","has-post-thumbnail","hentry","category-nacionales","tag-nacionales"],"_links":{"self":[{"href":"https:\/\/elmetropolitano.com.gt\/es\/wp-json\/wp\/v2\/posts\/64269","targetHints":{"allow":["GET"]}}],"collection":[{"href":"https:\/\/elmetropolitano.com.gt\/es\/wp-json\/wp\/v2\/posts"}],"about":[{"href":"https:\/\/elmetropolitano.com.gt\/es\/wp-json\/wp\/v2\/types\/post"}],"author":[{"embeddable":true,"href":"https:\/\/elmetropolitano.com.gt\/es\/wp-json\/wp\/v2\/users\/1"}],"replies":[{"embeddable":true,"href":"https:\/\/elmetropolitano.com.gt\/es\/wp-json\/wp\/v2\/comments?post=64269"}],"version-history":[{"count":1,"href":"https:\/\/elmetropolitano.com.gt\/es\/wp-json\/wp\/v2\/posts\/64269\/revisions"}],"predecessor-version":[{"id":64271,"href":"https:\/\/elmetropolitano.com.gt\/es\/wp-json\/wp\/v2\/posts\/64269\/revisions\/64271"}],"wp:featuredmedia":[{"embeddable":true,"href":"https:\/\/elmetropolitano.com.gt\/es\/wp-json\/wp\/v2\/media\/64270"}],"wp:attachment":[{"href":"https:\/\/elmetropolitano.com.gt\/es\/wp-json\/wp\/v2\/media?parent=64269"}],"wp:term":[{"taxonomy":"category","embeddable":true,"href":"https:\/\/elmetropolitano.com.gt\/es\/wp-json\/wp\/v2\/categories?post=64269"},{"taxonomy":"post_tag","embeddable":true,"href":"https:\/\/elmetropolitano.com.gt\/es\/wp-json\/wp\/v2\/tags?post=64269"}],"curies":[{"name":"wp","href":"https:\/\/api.w.org\/{rel}","templated":true}]}}