{"id":64277,"date":"2023-04-19T14:22:06","date_gmt":"2023-04-19T20:22:06","guid":{"rendered":"https:\/\/elmetropolitano.com.gt\/es\/?p=64277"},"modified":"2023-04-19T14:22:07","modified_gmt":"2023-04-19T20:22:07","slug":"firman-convenio-par-apoyar-a-madres-privadas-de-libertad","status":"publish","type":"post","link":"https:\/\/elmetropolitano.com.gt\/es\/firman-convenio-par-apoyar-a-madres-privadas-de-libertad\/","title":{"rendered":"Firman convenio par apoyar a madres privadas de libertad"},"content":{"rendered":"\n<p>El director general del Consejo Nacional de Adopciones, Antonio Campos, firm\u00f3 un convenio para la cooperaci\u00f3n institucional con el comisionado presidente de la Oficina Nacional de Prevenci\u00f3n contra la Tortura y otros tratos crueles e inhumanos, doctor Lester Castellanos.<\/p>\n\n\n\n<p>El objetivo es para trabajar en forma conjunta a trav\u00e9s de la cooperaci\u00f3n interinstitucional para la creaci\u00f3n del plan institucional de segregaci\u00f3n de servicios, orientado a madres y sus hijos, quienes se <a><\/a>encuentran privadas de libertad y adultos mayores.<\/p><div class=\"elmet-contenido\" id=\"elmet-731670775\"><div class=\"elmet-adlabel\">Anuncios<\/div><div style=\"margin-top: 20px;margin-right: 20px;margin-bottom: 20px;margin-left: 20px;\" id=\"elmet-4172883392\"><a href=\"https:\/\/www.facebook.com\/arrincuanantigua\/\" aria-label=\"cintillo-arrin-cual\"><img loading=\"lazy\" decoding=\"async\" src=\"https:\/\/elmetropolitano.com.gt\/es\/wp-content\/uploads\/2021\/11\/cintillo-arrin-cual-1.jpg\" alt=\"\"  srcset=\"https:\/\/elmetropolitano.com.gt\/es\/wp-content\/uploads\/2021\/11\/cintillo-arrin-cual-1.jpg 750w, https:\/\/elmetropolitano.com.gt\/es\/wp-content\/uploads\/2021\/11\/cintillo-arrin-cual-1-300x36.jpg 300w, https:\/\/elmetropolitano.com.gt\/es\/wp-content\/uploads\/2021\/11\/cintillo-arrin-cual-1-600x72.jpg 600w\" sizes=\"(max-width: 750px) 100vw, 750px\" width=\"750\" height=\"90\"   \/><\/a><\/div><\/div>\n\n\n\n<p><a href=\"https:\/\/www.facebook.com\/hashtag\/metroredes?__eep__=6&amp;__cft__[0]=AZXPY3pfZUUUQC81DTlMgL7nnnedjAan1Tt6dsAHJ3Ny8gsBkYVGpIUFrEmyxxVwOvrUUU2dTM1AFMPKVRFgLw86Qm1aYzyx5N6QBX7wIXWv5OteKTjRkB9iR5Ag58HX7IJsXt_qUVVSXoxDXWx5XmDb8_j6V_tph2pbeiTTITdS-J9vVJlu11RYynEpQukIUVY&amp;__tn__=*NK-R\">#metroredes<\/a><\/p>\n\n\n\n<figure class=\"wp-block-gallery has-nested-images columns-default is-cropped wp-block-gallery-1 is-layout-flex wp-block-gallery-is-layout-flex\">\n<figure class=\"wp-block-image size-large\"><img loading=\"lazy\" decoding=\"async\" width=\"1024\" height=\"576\" data-id=\"64279\" src=\"https:\/\/elmetropolitano.com.gt\/es\/wp-content\/uploads\/2023\/04\/342171634_1965872197092192_5050127247084500851_n-1024x576.jpg\" alt=\"\" class=\"wp-image-64279\" srcset=\"https:\/\/elmetropolitano.com.gt\/es\/wp-content\/uploads\/2023\/04\/342171634_1965872197092192_5050127247084500851_n-1024x576.jpg 1024w, https:\/\/elmetropolitano.com.gt\/es\/wp-content\/uploads\/2023\/04\/342171634_1965872197092192_5050127247084500851_n-300x169.jpg 300w, https:\/\/elmetropolitano.com.gt\/es\/wp-content\/uploads\/2023\/04\/342171634_1965872197092192_5050127247084500851_n-768x432.jpg 768w, https:\/\/elmetropolitano.com.gt\/es\/wp-content\/uploads\/2023\/04\/342171634_1965872197092192_5050127247084500851_n-1536x864.jpg 1536w, https:\/\/elmetropolitano.com.gt\/es\/wp-content\/uploads\/2023\/04\/342171634_1965872197092192_5050127247084500851_n-600x337.jpg 600w, https:\/\/elmetropolitano.com.gt\/es\/wp-content\/uploads\/2023\/04\/342171634_1965872197092192_5050127247084500851_n.jpg 1599w\" sizes=\"auto, (max-width: 1024px) 100vw, 1024px\" \/><\/figure>\n<\/figure>\n","protected":false},"excerpt":{"rendered":"<p>El director general del Consejo Nacional de Adopciones, Antonio Campos, firm\u00f3 un convenio para la cooperaci\u00f3n institucional con el comisionado presidente de la Oficina Nacional de Prevenci\u00f3n contra la Tortura y otros tratos crueles e inhumanos, doctor Lester Castellanos. El objetivo es para trabajar en forma conjunta a trav\u00e9s de la cooperaci\u00f3n interinstitucional para la <a class=\"read-more\" href=\"https:\/\/elmetropolitano.com.gt\/es\/firman-convenio-par-apoyar-a-madres-privadas-de-libertad\/\">Leer m\u00e1s<\/a><\/p>\n","protected":false},"author":1,"featured_media":64278,"comment_status":"open","ping_status":"closed","sticky":false,"template":"","format":"standard","meta":{"footnotes":""},"categories":[2],"tags":[12],"class_list":["post-64277","post","type-post","status-publish","format-standard","has-post-thumbnail","hentry","category-nacionales","tag-nacionales"],"_links":{"self":[{"href":"https:\/\/elmetropolitano.com.gt\/es\/wp-json\/wp\/v2\/posts\/64277","targetHints":{"allow":["GET"]}}],"collection":[{"href":"https:\/\/elmetropolitano.com.gt\/es\/wp-json\/wp\/v2\/posts"}],"about":[{"href":"https:\/\/elmetropolitano.com.gt\/es\/wp-json\/wp\/v2\/types\/post"}],"author":[{"embeddable":true,"href":"https:\/\/elmetropolitano.com.gt\/es\/wp-json\/wp\/v2\/users\/1"}],"replies":[{"embeddable":true,"href":"https:\/\/elmetropolitano.com.gt\/es\/wp-json\/wp\/v2\/comments?post=64277"}],"version-history":[{"count":1,"href":"https:\/\/elmetropolitano.com.gt\/es\/wp-json\/wp\/v2\/posts\/64277\/revisions"}],"predecessor-version":[{"id":64280,"href":"https:\/\/elmetropolitano.com.gt\/es\/wp-json\/wp\/v2\/posts\/64277\/revisions\/64280"}],"wp:featuredmedia":[{"embeddable":true,"href":"https:\/\/elmetropolitano.com.gt\/es\/wp-json\/wp\/v2\/media\/64278"}],"wp:attachment":[{"href":"https:\/\/elmetropolitano.com.gt\/es\/wp-json\/wp\/v2\/media?parent=64277"}],"wp:term":[{"taxonomy":"category","embeddable":true,"href":"https:\/\/elmetropolitano.com.gt\/es\/wp-json\/wp\/v2\/categories?post=64277"},{"taxonomy":"post_tag","embeddable":true,"href":"https:\/\/elmetropolitano.com.gt\/es\/wp-json\/wp\/v2\/tags?post=64277"}],"curies":[{"name":"wp","href":"https:\/\/api.w.org\/{rel}","templated":true}]}}