{"id":64301,"date":"2023-04-20T09:21:53","date_gmt":"2023-04-20T15:21:53","guid":{"rendered":"https:\/\/elmetropolitano.com.gt\/es\/?p=64301"},"modified":"2023-04-20T09:22:59","modified_gmt":"2023-04-20T15:22:59","slug":"candidatura-de-neto-bran-esta-firme","status":"publish","type":"post","link":"https:\/\/elmetropolitano.com.gt\/es\/candidatura-de-neto-bran-esta-firme\/","title":{"rendered":"Candidatura de Neto Bran est\u00e1 firme"},"content":{"rendered":"\n<p>El Pleno de la Corte Suprema de Justicia CSJ no otorga amparo provisional al candidato a alcalde del Partido Todos Juan Ramon Lau, con el cual pretend\u00eda que se ordenara al Tribunal Supremo Electoral TSE conocer una serie de denuncias interpuestas contra el actual alcalde de Mixco, Neto Bran y cancelar su candidatura.<\/p>\n\n\n\n<p>Bran <a><\/a>buscar\u00e1 la reelecci\u00f3n por el Partido Popular Guatemalteco PPG y ocupa los primeros lugares de las encuestas de opini\u00f3n p\u00fablica.<\/p><div class=\"elmet-contenido\" id=\"elmet-3009334822\"><div class=\"elmet-adlabel\">Anuncios<\/div><div style=\"margin-top: 20px;margin-right: 20px;margin-bottom: 20px;margin-left: 20px;\" id=\"elmet-3116251766\"><a href=\"https:\/\/www.facebook.com\/arrincuanantigua\/\" aria-label=\"cintillo-arrin-cual\"><img loading=\"lazy\" decoding=\"async\" src=\"https:\/\/elmetropolitano.com.gt\/es\/wp-content\/uploads\/2021\/11\/cintillo-arrin-cual-1.jpg\" alt=\"\"  srcset=\"https:\/\/elmetropolitano.com.gt\/es\/wp-content\/uploads\/2021\/11\/cintillo-arrin-cual-1.jpg 750w, https:\/\/elmetropolitano.com.gt\/es\/wp-content\/uploads\/2021\/11\/cintillo-arrin-cual-1-300x36.jpg 300w, https:\/\/elmetropolitano.com.gt\/es\/wp-content\/uploads\/2021\/11\/cintillo-arrin-cual-1-600x72.jpg 600w\" sizes=\"(max-width: 750px) 100vw, 750px\" width=\"750\" height=\"90\"   \/><\/a><\/div><\/div>\n\n\n\n<p><a href=\"https:\/\/www.facebook.com\/hashtag\/eleccionesgt2023?__eep__=6&amp;__cft__[0]=AZVuDmzs37A91iUJPuIPeQURj7fxJgZ6r0B5EsSZgAn_YndYRQ9HJALjK8DMprRVlbsfGT_Q5b1BTmFPqfA8jSkbennM-KENOgT4girRjx1xJ_PLGsqkLw2vgmgMszc2AvmTwGywjmyCHwPcannntnEI78X_tVqp-oUV-0jdfhVuRSnNQ3K86Wue73kCnJqF06U&amp;__tn__=*NK-R\">#EleccionesGT2023<\/a><a href=\"https:\/\/www.facebook.com\/hashtag\/metroredes?__eep__=6&amp;__cft__[0]=AZVuDmzs37A91iUJPuIPeQURj7fxJgZ6r0B5EsSZgAn_YndYRQ9HJALjK8DMprRVlbsfGT_Q5b1BTmFPqfA8jSkbennM-KENOgT4girRjx1xJ_PLGsqkLw2vgmgMszc2AvmTwGywjmyCHwPcannntnEI78X_tVqp-oUV-0jdfhVuRSnNQ3K86Wue73kCnJqF06U&amp;__tn__=*NK-R\">#metroredes<\/a><\/p>\n\n\n\n<figure class=\"wp-block-gallery has-nested-images columns-default is-cropped wp-block-gallery-1 is-layout-flex wp-block-gallery-is-layout-flex\">\n<figure class=\"wp-block-image size-large\"><img loading=\"lazy\" decoding=\"async\" width=\"1000\" height=\"1000\" data-id=\"64303\" src=\"https:\/\/elmetropolitano.com.gt\/es\/wp-content\/uploads\/2023\/04\/342485485_1225613961399304_205399524650148170_n-1.jpg\" alt=\"\" class=\"wp-image-64303\" srcset=\"https:\/\/elmetropolitano.com.gt\/es\/wp-content\/uploads\/2023\/04\/342485485_1225613961399304_205399524650148170_n-1.jpg 1000w, https:\/\/elmetropolitano.com.gt\/es\/wp-content\/uploads\/2023\/04\/342485485_1225613961399304_205399524650148170_n-1-300x300.jpg 300w, https:\/\/elmetropolitano.com.gt\/es\/wp-content\/uploads\/2023\/04\/342485485_1225613961399304_205399524650148170_n-1-150x150.jpg 150w, https:\/\/elmetropolitano.com.gt\/es\/wp-content\/uploads\/2023\/04\/342485485_1225613961399304_205399524650148170_n-1-768x768.jpg 768w, https:\/\/elmetropolitano.com.gt\/es\/wp-content\/uploads\/2023\/04\/342485485_1225613961399304_205399524650148170_n-1-600x600.jpg 600w, https:\/\/elmetropolitano.com.gt\/es\/wp-content\/uploads\/2023\/04\/342485485_1225613961399304_205399524650148170_n-1-100x100.jpg 100w\" sizes=\"auto, (max-width: 1000px) 100vw, 1000px\" \/><\/figure>\n<\/figure>\n","protected":false},"excerpt":{"rendered":"<p>El Pleno de la Corte Suprema de Justicia CSJ no otorga amparo provisional al candidato a alcalde del Partido Todos Juan Ramon Lau, con el cual pretend\u00eda que se ordenara al Tribunal Supremo Electoral TSE conocer una serie de denuncias interpuestas contra el actual alcalde de Mixco, Neto Bran y cancelar su candidatura. Bran buscar\u00e1 <a class=\"read-more\" href=\"https:\/\/elmetropolitano.com.gt\/es\/candidatura-de-neto-bran-esta-firme\/\">Leer m\u00e1s<\/a><\/p>\n","protected":false},"author":1,"featured_media":64302,"comment_status":"open","ping_status":"closed","sticky":false,"template":"","format":"standard","meta":{"footnotes":""},"categories":[97],"tags":[98],"class_list":["post-64301","post","type-post","status-publish","format-standard","has-post-thumbnail","hentry","category-politica","tag-politica"],"_links":{"self":[{"href":"https:\/\/elmetropolitano.com.gt\/es\/wp-json\/wp\/v2\/posts\/64301","targetHints":{"allow":["GET"]}}],"collection":[{"href":"https:\/\/elmetropolitano.com.gt\/es\/wp-json\/wp\/v2\/posts"}],"about":[{"href":"https:\/\/elmetropolitano.com.gt\/es\/wp-json\/wp\/v2\/types\/post"}],"author":[{"embeddable":true,"href":"https:\/\/elmetropolitano.com.gt\/es\/wp-json\/wp\/v2\/users\/1"}],"replies":[{"embeddable":true,"href":"https:\/\/elmetropolitano.com.gt\/es\/wp-json\/wp\/v2\/comments?post=64301"}],"version-history":[{"count":1,"href":"https:\/\/elmetropolitano.com.gt\/es\/wp-json\/wp\/v2\/posts\/64301\/revisions"}],"predecessor-version":[{"id":64304,"href":"https:\/\/elmetropolitano.com.gt\/es\/wp-json\/wp\/v2\/posts\/64301\/revisions\/64304"}],"wp:featuredmedia":[{"embeddable":true,"href":"https:\/\/elmetropolitano.com.gt\/es\/wp-json\/wp\/v2\/media\/64302"}],"wp:attachment":[{"href":"https:\/\/elmetropolitano.com.gt\/es\/wp-json\/wp\/v2\/media?parent=64301"}],"wp:term":[{"taxonomy":"category","embeddable":true,"href":"https:\/\/elmetropolitano.com.gt\/es\/wp-json\/wp\/v2\/categories?post=64301"},{"taxonomy":"post_tag","embeddable":true,"href":"https:\/\/elmetropolitano.com.gt\/es\/wp-json\/wp\/v2\/tags?post=64301"}],"curies":[{"name":"wp","href":"https:\/\/api.w.org\/{rel}","templated":true}]}}