{"id":64313,"date":"2023-04-20T09:28:56","date_gmt":"2023-04-20T15:28:56","guid":{"rendered":"https:\/\/elmetropolitano.com.gt\/es\/?p=64313"},"modified":"2023-04-20T09:28:57","modified_gmt":"2023-04-20T15:28:57","slug":"capturan-a-dos-presuntos-responsables-de-robo-de-vehiculo-en-tulam-tzu","status":"publish","type":"post","link":"https:\/\/elmetropolitano.com.gt\/es\/capturan-a-dos-presuntos-responsables-de-robo-de-vehiculo-en-tulam-tzu\/","title":{"rendered":"Capturan a dos presuntos responsables de robo de veh\u00edculo en Tulam Tzu"},"content":{"rendered":"\n<p>En la 17 avenida y 16 calle, Tulam Tzu, zona 4 de Mixco, en un trabajo coordinado entre polic\u00edas de las comisar\u00edas 14 y 16, se reporta la captura de dos robacarros, identificados como Francisco Morales Melgar de 41 a\u00f1os, alias \u00abCalavera\u201d,<\/p>\n\n\n\n<p>Esta persona tiene nueve antecedentes por los delitos de allanamiento de morada y faltas contra la propiedad, robo agravado, amenazas, agresi\u00f3n, portaci\u00f3n ilegal de arma <a><\/a>de fuego, posesi\u00f3n para el consumo, tenencia de droga, los cuales figuran desde el a\u00f1o 2,000; mientras que Randolfo \u00abAntonio Hern\u00e1ndez de 29 a\u00f1os, alias \u201cBuda\u201d, tiene un antecedente desde el a\u00f1o 2,016 por el delito de robo de terminal m\u00f3vil.<\/p><div class=\"elmet-contenido\" id=\"elmet-3371236124\"><div class=\"elmet-adlabel\">Anuncios<\/div><div style=\"margin-top: 20px;margin-right: 20px;margin-bottom: 20px;margin-left: 20px;\" id=\"elmet-3170914744\"><a href=\"https:\/\/www.facebook.com\/arrincuanantigua\/\" aria-label=\"cintillo-arrin-cual\"><img loading=\"lazy\" decoding=\"async\" src=\"https:\/\/elmetropolitano.com.gt\/es\/wp-content\/uploads\/2021\/11\/cintillo-arrin-cual-1.jpg\" alt=\"\"  srcset=\"https:\/\/elmetropolitano.com.gt\/es\/wp-content\/uploads\/2021\/11\/cintillo-arrin-cual-1.jpg 750w, https:\/\/elmetropolitano.com.gt\/es\/wp-content\/uploads\/2021\/11\/cintillo-arrin-cual-1-300x36.jpg 300w, https:\/\/elmetropolitano.com.gt\/es\/wp-content\/uploads\/2021\/11\/cintillo-arrin-cual-1-600x72.jpg 600w\" sizes=\"(max-width: 750px) 100vw, 750px\" width=\"750\" height=\"90\"   \/><\/a><\/div><\/div>\n\n\n\n<p>Al identificarlos se les incaut\u00f3 una pistola que portaban de manera ilegal, y la camionetilla marca Toyota de la l\u00ednea RAV4, P-802FZV, la cual minutos antes hab\u00edan robado en la 8\u00aa avenida y 21 calle de la colina Mariscal, zona 11.. <a href=\"https:\/\/www.facebook.com\/hashtag\/pncdeguatemala?__eep__=6&amp;__cft__[0]=AZWs6wLkTOUIxuFGnHJvSG4MNnUPtpqkpA5MxAdcznGVUE_jJW_5G1hpoQdjRJgbC93orw2j8BBglYuBZ40TH_W1yjCGtTo-w25zYlzGiolpjf1lFD-U9TjkqkCTpKEG41q0R78xA6kxRkBfWGCmMq4JOjyPMAy7jBL-bvIudl8tHtp1eGRwnStFet2o6XFGKwI&amp;__tn__=*NK-R\">#PNCdeGuatemala<\/a><a href=\"https:\/\/www.facebook.com\/hashtag\/metroredes?__eep__=6&amp;__cft__[0]=AZWs6wLkTOUIxuFGnHJvSG4MNnUPtpqkpA5MxAdcznGVUE_jJW_5G1hpoQdjRJgbC93orw2j8BBglYuBZ40TH_W1yjCGtTo-w25zYlzGiolpjf1lFD-U9TjkqkCTpKEG41q0R78xA6kxRkBfWGCmMq4JOjyPMAy7jBL-bvIudl8tHtp1eGRwnStFet2o6XFGKwI&amp;__tn__=*NK-R\">#metroredes<\/a><\/p>\n\n\n\n<figure class=\"wp-block-gallery has-nested-images columns-default is-cropped wp-block-gallery-1 is-layout-flex wp-block-gallery-is-layout-flex\">\n<figure class=\"wp-block-image size-large\"><img loading=\"lazy\" decoding=\"async\" width=\"720\" height=\"405\" data-id=\"64315\" src=\"https:\/\/elmetropolitano.com.gt\/es\/wp-content\/uploads\/2023\/04\/342366584_968506414328175_194546103378184436_n.jpg\" alt=\"\" class=\"wp-image-64315\" srcset=\"https:\/\/elmetropolitano.com.gt\/es\/wp-content\/uploads\/2023\/04\/342366584_968506414328175_194546103378184436_n.jpg 720w, https:\/\/elmetropolitano.com.gt\/es\/wp-content\/uploads\/2023\/04\/342366584_968506414328175_194546103378184436_n-300x169.jpg 300w, https:\/\/elmetropolitano.com.gt\/es\/wp-content\/uploads\/2023\/04\/342366584_968506414328175_194546103378184436_n-600x338.jpg 600w\" sizes=\"auto, (max-width: 720px) 100vw, 720px\" \/><\/figure>\n\n\n\n<figure class=\"wp-block-image size-large\"><img loading=\"lazy\" decoding=\"async\" width=\"720\" height=\"405\" data-id=\"64316\" src=\"https:\/\/elmetropolitano.com.gt\/es\/wp-content\/uploads\/2023\/04\/342439565_1320791538649946_642100428870418913_n.jpg\" alt=\"\" class=\"wp-image-64316\" srcset=\"https:\/\/elmetropolitano.com.gt\/es\/wp-content\/uploads\/2023\/04\/342439565_1320791538649946_642100428870418913_n.jpg 720w, https:\/\/elmetropolitano.com.gt\/es\/wp-content\/uploads\/2023\/04\/342439565_1320791538649946_642100428870418913_n-300x169.jpg 300w, https:\/\/elmetropolitano.com.gt\/es\/wp-content\/uploads\/2023\/04\/342439565_1320791538649946_642100428870418913_n-600x338.jpg 600w\" sizes=\"auto, (max-width: 720px) 100vw, 720px\" \/><\/figure>\n<\/figure>\n","protected":false},"excerpt":{"rendered":"<p>En la 17 avenida y 16 calle, Tulam Tzu, zona 4 de Mixco, en un trabajo coordinado entre polic\u00edas de las comisar\u00edas 14 y 16, se reporta la captura de dos robacarros, identificados como Francisco Morales Melgar de 41 a\u00f1os, alias \u00abCalavera\u201d, Esta persona tiene nueve antecedentes por los delitos de allanamiento de morada y <a class=\"read-more\" href=\"https:\/\/elmetropolitano.com.gt\/es\/capturan-a-dos-presuntos-responsables-de-robo-de-vehiculo-en-tulam-tzu\/\">Leer m\u00e1s<\/a><\/p>\n","protected":false},"author":1,"featured_media":64314,"comment_status":"open","ping_status":"closed","sticky":false,"template":"","format":"standard","meta":{"footnotes":""},"categories":[89],"tags":[88],"class_list":["post-64313","post","type-post","status-publish","format-standard","has-post-thumbnail","hentry","category-metrosucesos","tag-metrosucesos"],"_links":{"self":[{"href":"https:\/\/elmetropolitano.com.gt\/es\/wp-json\/wp\/v2\/posts\/64313","targetHints":{"allow":["GET"]}}],"collection":[{"href":"https:\/\/elmetropolitano.com.gt\/es\/wp-json\/wp\/v2\/posts"}],"about":[{"href":"https:\/\/elmetropolitano.com.gt\/es\/wp-json\/wp\/v2\/types\/post"}],"author":[{"embeddable":true,"href":"https:\/\/elmetropolitano.com.gt\/es\/wp-json\/wp\/v2\/users\/1"}],"replies":[{"embeddable":true,"href":"https:\/\/elmetropolitano.com.gt\/es\/wp-json\/wp\/v2\/comments?post=64313"}],"version-history":[{"count":1,"href":"https:\/\/elmetropolitano.com.gt\/es\/wp-json\/wp\/v2\/posts\/64313\/revisions"}],"predecessor-version":[{"id":64317,"href":"https:\/\/elmetropolitano.com.gt\/es\/wp-json\/wp\/v2\/posts\/64313\/revisions\/64317"}],"wp:featuredmedia":[{"embeddable":true,"href":"https:\/\/elmetropolitano.com.gt\/es\/wp-json\/wp\/v2\/media\/64314"}],"wp:attachment":[{"href":"https:\/\/elmetropolitano.com.gt\/es\/wp-json\/wp\/v2\/media?parent=64313"}],"wp:term":[{"taxonomy":"category","embeddable":true,"href":"https:\/\/elmetropolitano.com.gt\/es\/wp-json\/wp\/v2\/categories?post=64313"},{"taxonomy":"post_tag","embeddable":true,"href":"https:\/\/elmetropolitano.com.gt\/es\/wp-json\/wp\/v2\/tags?post=64313"}],"curies":[{"name":"wp","href":"https:\/\/api.w.org\/{rel}","templated":true}]}}