{"id":64415,"date":"2023-04-22T11:55:38","date_gmt":"2023-04-22T17:55:38","guid":{"rendered":"https:\/\/elmetropolitano.com.gt\/es\/?p=64415"},"modified":"2023-04-22T11:55:39","modified_gmt":"2023-04-22T17:55:39","slug":"dia-de-la-tierra-los-geologos-dispuestos-a-desempenar-su-papel-en-la-gestion-de-la-criticidad","status":"publish","type":"post","link":"https:\/\/elmetropolitano.com.gt\/es\/dia-de-la-tierra-los-geologos-dispuestos-a-desempenar-su-papel-en-la-gestion-de-la-criticidad\/","title":{"rendered":"D\u00eda de la Tierra, los ge\u00f3logos dispuestos a desempe\u00f1ar su papel en la gesti\u00f3n de la criticidad"},"content":{"rendered":"\n<p>En el d\u00eda dedicado a la Tierra y su protecci\u00f3n, los cient\u00edficos italianos piden acuerdos con las instituciones para un enfoque cooperativo de apoyo a la tierra. Aunque la ONU y Europa ya han puesto en marcha programas en este sentido, un mill\u00f3n de especies corren peligro de extinci\u00f3n<\/p>\n\n\n\n<p>Vatican News<\/p><div class=\"elmet-contenido\" id=\"elmet-1090636387\"><div class=\"elmet-adlabel\">Anuncios<\/div><div style=\"margin-top: 20px;margin-right: 20px;margin-bottom: 20px;margin-left: 20px;\" id=\"elmet-228827233\"><a href=\"https:\/\/www.facebook.com\/arrincuanantigua\/\" aria-label=\"cintillo-arrin-cual\"><img loading=\"lazy\" decoding=\"async\" src=\"https:\/\/elmetropolitano.com.gt\/es\/wp-content\/uploads\/2021\/11\/cintillo-arrin-cual-1.jpg\" alt=\"\"  srcset=\"https:\/\/elmetropolitano.com.gt\/es\/wp-content\/uploads\/2021\/11\/cintillo-arrin-cual-1.jpg 750w, https:\/\/elmetropolitano.com.gt\/es\/wp-content\/uploads\/2021\/11\/cintillo-arrin-cual-1-300x36.jpg 300w, https:\/\/elmetropolitano.com.gt\/es\/wp-content\/uploads\/2021\/11\/cintillo-arrin-cual-1-600x72.jpg 600w\" sizes=\"(max-width: 750px) 100vw, 750px\" width=\"750\" height=\"90\"   \/><\/a><\/div><\/div>\n\n\n\n<p>Hoy <a><\/a>se celebra el D\u00eda de la Tierra, una efem\u00e9ride establecida en abril de 1970 por el senador Gaylord Nelson, que fue el primero en darse cuenta de la urgencia de prestar al planeta Tierra la atenci\u00f3n normativa que necesitaba para la protecci\u00f3n del medio ambiente, de la que, hasta entonces, carec\u00eda.<\/p>\n\n\n\n<p>Mayor sensibilizaci\u00f3n<\/p>\n\n\n\n<p>En comparaci\u00f3n con el pasado y, en particular, en los \u00faltimos a\u00f1os, a ra\u00edz de la actual emergencia clim\u00e1tica, la protecci\u00f3n del planeta Tierra se ha convertido en un tema de gran relevancia dentro del debate p\u00fablico. Esta atenci\u00f3n, tambi\u00e9n en los medios de comunicaci\u00f3n, ha contribuido a poner de relieve las precarias condiciones medioambientales en todo el planeta, al tiempo que ha hecho gran hincapi\u00e9 en la necesidad de una acci\u00f3n pol\u00edtica para preservar la vegetaci\u00f3n y la biodiversidad de la Tierra.<\/p>\n\n\n\n<p>Alarma de extinci\u00f3n para<\/p>\n\n\n\n<p>un mill\u00f3n de especies<\/p>\n\n\n\n<p>Aunque ya se han planificado e implementado algunas acciones para salvaguardar el planeta Tierra, tanto a nivel europeo como internacional, -pensemos en los objetivos de la Agenda 2030 para el Desarrollo Sostenible promovida por la ONU y en el Green New Deal europeo-, el estudio de Evaluaci\u00f3n Global de la ONU, publicado en 2019, relativo al impacto de las actividades humanas en la naturaleza, expres\u00f3 su preocupaci\u00f3n por la existencia de una posible alarma de extinci\u00f3n de cerca de un mill\u00f3n de especies. Partiendo, por tanto, de los retos constantes y cambiantes a los que se enfrenta la Tierra y de la necesidad de actuar, con antelaci\u00f3n, para proteger el planeta y sus ecosistemas, la intervenci\u00f3n de los ge\u00f3logos es crucial y decisiva para la gesti\u00f3n de cuestiones cr\u00edticas, derivadas de la din\u00e1mica geol\u00f3gica e hidrogeol\u00f3gica, que pueden causar problemas ambientales.<\/p>\n\n\n\n<p>El apoyo de los ge\u00f3logos italianos<\/p>\n\n\n\n<p>En relaci\u00f3n con el tema \u00abInvertir en nuestro planeta\u00bb del D\u00eda de la Tierra 2023, \u00abel apoyo prestado por los ge\u00f3logos italianos es total\u00bb, afirma Domenico Angelone, Secretario del Consejo Nacional de Ge\u00f3logos, quien a\u00f1ade que \u00abel mayor tipo de inversi\u00f3n debe dirigirse a la planificaci\u00f3n de estrategias de gesti\u00f3n de la tierra que sean compartidas tanto a nivel local como nacional, para fomentar un enfoque cooperativo en apoyo de la defensa del suelo y de la Tierra. Preservar la tierra es la advertencia para proteger la vida en nuestro planeta<\/p>\n\n\n\n<p>Texto: Vatican News<\/p>\n\n\n\n<p><\/p>\n","protected":false},"excerpt":{"rendered":"<p>En el d\u00eda dedicado a la Tierra y su protecci\u00f3n, los cient\u00edficos italianos piden acuerdos con las instituciones para un enfoque cooperativo de apoyo a la tierra. Aunque la ONU y Europa ya han puesto en marcha programas en este sentido, un mill\u00f3n de especies corren peligro de extinci\u00f3n Vatican News Hoy se celebra el <a class=\"read-more\" href=\"https:\/\/elmetropolitano.com.gt\/es\/dia-de-la-tierra-los-geologos-dispuestos-a-desempenar-su-papel-en-la-gestion-de-la-criticidad\/\">Leer m\u00e1s<\/a><\/p>\n","protected":false},"author":1,"featured_media":64416,"comment_status":"open","ping_status":"closed","sticky":false,"template":"","format":"standard","meta":{"footnotes":""},"categories":[2],"tags":[12],"class_list":["post-64415","post","type-post","status-publish","format-standard","has-post-thumbnail","hentry","category-nacionales","tag-nacionales"],"_links":{"self":[{"href":"https:\/\/elmetropolitano.com.gt\/es\/wp-json\/wp\/v2\/posts\/64415","targetHints":{"allow":["GET"]}}],"collection":[{"href":"https:\/\/elmetropolitano.com.gt\/es\/wp-json\/wp\/v2\/posts"}],"about":[{"href":"https:\/\/elmetropolitano.com.gt\/es\/wp-json\/wp\/v2\/types\/post"}],"author":[{"embeddable":true,"href":"https:\/\/elmetropolitano.com.gt\/es\/wp-json\/wp\/v2\/users\/1"}],"replies":[{"embeddable":true,"href":"https:\/\/elmetropolitano.com.gt\/es\/wp-json\/wp\/v2\/comments?post=64415"}],"version-history":[{"count":1,"href":"https:\/\/elmetropolitano.com.gt\/es\/wp-json\/wp\/v2\/posts\/64415\/revisions"}],"predecessor-version":[{"id":64417,"href":"https:\/\/elmetropolitano.com.gt\/es\/wp-json\/wp\/v2\/posts\/64415\/revisions\/64417"}],"wp:featuredmedia":[{"embeddable":true,"href":"https:\/\/elmetropolitano.com.gt\/es\/wp-json\/wp\/v2\/media\/64416"}],"wp:attachment":[{"href":"https:\/\/elmetropolitano.com.gt\/es\/wp-json\/wp\/v2\/media?parent=64415"}],"wp:term":[{"taxonomy":"category","embeddable":true,"href":"https:\/\/elmetropolitano.com.gt\/es\/wp-json\/wp\/v2\/categories?post=64415"},{"taxonomy":"post_tag","embeddable":true,"href":"https:\/\/elmetropolitano.com.gt\/es\/wp-json\/wp\/v2\/tags?post=64415"}],"curies":[{"name":"wp","href":"https:\/\/api.w.org\/{rel}","templated":true}]}}