{"id":64424,"date":"2023-04-22T12:00:50","date_gmt":"2023-04-22T18:00:50","guid":{"rendered":"https:\/\/elmetropolitano.com.gt\/es\/?p=64424"},"modified":"2023-04-22T12:00:51","modified_gmt":"2023-04-22T18:00:51","slug":"mision-de-observacion-de-la-oea-vendra-al-pais-para-el-proceso-electoral","status":"publish","type":"post","link":"https:\/\/elmetropolitano.com.gt\/es\/mision-de-observacion-de-la-oea-vendra-al-pais-para-el-proceso-electoral\/","title":{"rendered":"Misi\u00f3n de observaci\u00f3n de la OEA vendr\u00e1 al pa\u00eds para el proceso electoral"},"content":{"rendered":"\n<p>Guatemala y la Organizaci\u00f3n de los Estados Americanos (OEA) firmaron este viernes un acuerdo bilateral, como parte de una gira de trabajo que lleva a cabo el jefe del Ministerio de Relaciones Exteriores (Minex) por Estados Unidos.<\/p>\n\n\n\n<p>Este acuerdo de privilegios e inmunidades es para el env\u00edo de una misi\u00f3n de observaci\u00f3n electoral en los comicios generales que se realizar\u00e1n el domingo 25 de junio, inform\u00f3 la <a><\/a>OEA en un comunicado oficial.<\/p><div class=\"elmet-contenido\" id=\"elmet-127430855\"><div class=\"elmet-adlabel\">Anuncios<\/div><div style=\"margin-top: 20px;margin-right: 20px;margin-bottom: 20px;margin-left: 20px;\" id=\"elmet-428388887\"><a href=\"https:\/\/www.facebook.com\/arrincuanantigua\/\" aria-label=\"cintillo-arrin-cual\"><img loading=\"lazy\" decoding=\"async\" src=\"https:\/\/elmetropolitano.com.gt\/es\/wp-content\/uploads\/2021\/11\/cintillo-arrin-cual-1.jpg\" alt=\"\"  srcset=\"https:\/\/elmetropolitano.com.gt\/es\/wp-content\/uploads\/2021\/11\/cintillo-arrin-cual-1.jpg 750w, https:\/\/elmetropolitano.com.gt\/es\/wp-content\/uploads\/2021\/11\/cintillo-arrin-cual-1-300x36.jpg 300w, https:\/\/elmetropolitano.com.gt\/es\/wp-content\/uploads\/2021\/11\/cintillo-arrin-cual-1-600x72.jpg 600w\" sizes=\"(max-width: 750px) 100vw, 750px\" width=\"750\" height=\"90\"   \/><\/a><\/div><\/div>\n\n\n\n<p>En la firma del convenio, por parte de Guatemala estuvo el canciller y por parte de la OEA su titular. La reuni\u00f3n entre ambos funcionarios se celebr\u00f3 en la sede de la instituci\u00f3n hemisf\u00e9rica en Washington, D. C.<\/p>\n\n\n\n<p>Encuentro bilateral<\/p>\n\n\n\n<p>El secretario general de este organismo internacional agradeci\u00f3 la invitaci\u00f3n del Gobierno de Guatemala para observar los comicios y destac\u00f3 que el env\u00edo de la misi\u00f3n reafirma el compromiso de la instituci\u00f3n hemisf\u00e9rica con las instituciones democr\u00e1ticas de la regi\u00f3n.<\/p>\n\n\n\n<p>Al igual todas las misiones de observaci\u00f3n electoral que despliega la OEA, esta tiene por objetivo la mejora continua de los procesos electorales en el hemisferio, para apoyar a los reg\u00edmenes democr\u00e1ticos de la regi\u00f3n, agreg\u00f3.<\/p>\n\n\n\n<p>Por su parte, el canciller guatemalteco destac\u00f3 el compromiso de su Gobierno para que el futuro de los guatemaltecos sea definido por ellos.<\/p>\n\n\n\n<p>Queremos que la OEA sea testigo de un proceso electoral vivo, de una fiesta democr\u00e1tica como la que vamos a vivir y que vean que nuestra democracia prevalecer\u00e1 y podremos construir un futuro mejor para nuestros hijos y para nuestros nietos, agreg\u00f3 el jefe de la diplomacia guatemalteca.<\/p>\n\n\n\n<p>Sobre la misi\u00f3n<\/p>\n\n\n\n<p>La misi\u00f3n de la OEA estar\u00e1 encabezada por el embajador Eladio Loizaga Lezcano, excanciller de Paraguay, y estar\u00e1 integrada por cerca de 90 personas.<\/p>\n\n\n\n<p>Esta es la vig\u00e9sima misi\u00f3n que la instituci\u00f3n despliega en Guatemala, seg\u00fan datos de la OEA.<\/p>\n\n\n\n<p>Elecciones en Guatemala<\/p>\n\n\n\n<p>El sufragio en primera vuelta ser\u00e1 el domingo 25 de junio. Si ninguno de los candidatos obtiene la mayor\u00eda m\u00e1s uno de votos, se llevar\u00e1 a cabo la segunda vuelta electoral. Est\u00e1 prevista para el domingo 20 de agosto.<\/p>\n\n\n\n<p>Esta especificaci\u00f3n se incluye en el Decreto 1-2023 del Tribunal Supremo Electoral (TSE), el cual entr\u00f3 en vigor a las cero horas del s\u00e1bado 21 de enero.<\/p>\n\n\n\n<p>Para el actual proceso electoral se repartir\u00e1n 4 mil 336 cargos de elecci\u00f3n popular. Estos se dividen en presidente y vicepresidente, 340 alcaldes (m\u00e1s s\u00edndicos y concejales), 160 diputados al Congreso y 20 diputados al Parlamento Centroamericano.<\/p>\n\n\n\n<p>Texto: Brenda Larios<\/p>\n\n\n\n<p><a href=\"https:\/\/www.facebook.com\/hashtag\/metroredes?__eep__=6&amp;__cft__[0]=AZVfLuRtjnF1jWiey6-eKwQ_RCIPc9xwbzYjBR5oIsl5njF7mTUmXEQF22yVq42IJJvCPOhH_RJuHfiBM26LfK2QU7RgEK_YtfFf7BY4paSKxwQPpLZ9c2LwO1I2ldDOF1PtWapo0dj5VA_rwWK9H0CVuV_UunHOHvpR1iXbcSOuADbRNknzzPtx9EL-h_1fQos&amp;__tn__=*NK-R\">#metroredes<\/a><a href=\"https:\/\/www.facebook.com\/hashtag\/eleccionesgt2023?__eep__=6&amp;__cft__[0]=AZVfLuRtjnF1jWiey6-eKwQ_RCIPc9xwbzYjBR5oIsl5njF7mTUmXEQF22yVq42IJJvCPOhH_RJuHfiBM26LfK2QU7RgEK_YtfFf7BY4paSKxwQPpLZ9c2LwO1I2ldDOF1PtWapo0dj5VA_rwWK9H0CVuV_UunHOHvpR1iXbcSOuADbRNknzzPtx9EL-h_1fQos&amp;__tn__=*NK-R\">#EleccionesGT2023<\/a><a href=\"https:\/\/www.facebook.com\/hashtag\/oea?__eep__=6&amp;__cft__[0]=AZVfLuRtjnF1jWiey6-eKwQ_RCIPc9xwbzYjBR5oIsl5njF7mTUmXEQF22yVq42IJJvCPOhH_RJuHfiBM26LfK2QU7RgEK_YtfFf7BY4paSKxwQPpLZ9c2LwO1I2ldDOF1PtWapo0dj5VA_rwWK9H0CVuV_UunHOHvpR1iXbcSOuADbRNknzzPtx9EL-h_1fQos&amp;__tn__=*NK-R\">#OEA<\/a><\/p>\n\n\n\n<p><\/p>\n","protected":false},"excerpt":{"rendered":"<p>Guatemala y la Organizaci\u00f3n de los Estados Americanos (OEA) firmaron este viernes un acuerdo bilateral, como parte de una gira de trabajo que lleva a cabo el jefe del Ministerio de Relaciones Exteriores (Minex) por Estados Unidos. Este acuerdo de privilegios e inmunidades es para el env\u00edo de una misi\u00f3n de observaci\u00f3n electoral en los <a class=\"read-more\" href=\"https:\/\/elmetropolitano.com.gt\/es\/mision-de-observacion-de-la-oea-vendra-al-pais-para-el-proceso-electoral\/\">Leer m\u00e1s<\/a><\/p>\n","protected":false},"author":1,"featured_media":64425,"comment_status":"open","ping_status":"closed","sticky":false,"template":"","format":"standard","meta":{"footnotes":""},"categories":[2],"tags":[12],"class_list":["post-64424","post","type-post","status-publish","format-standard","has-post-thumbnail","hentry","category-nacionales","tag-nacionales"],"_links":{"self":[{"href":"https:\/\/elmetropolitano.com.gt\/es\/wp-json\/wp\/v2\/posts\/64424","targetHints":{"allow":["GET"]}}],"collection":[{"href":"https:\/\/elmetropolitano.com.gt\/es\/wp-json\/wp\/v2\/posts"}],"about":[{"href":"https:\/\/elmetropolitano.com.gt\/es\/wp-json\/wp\/v2\/types\/post"}],"author":[{"embeddable":true,"href":"https:\/\/elmetropolitano.com.gt\/es\/wp-json\/wp\/v2\/users\/1"}],"replies":[{"embeddable":true,"href":"https:\/\/elmetropolitano.com.gt\/es\/wp-json\/wp\/v2\/comments?post=64424"}],"version-history":[{"count":1,"href":"https:\/\/elmetropolitano.com.gt\/es\/wp-json\/wp\/v2\/posts\/64424\/revisions"}],"predecessor-version":[{"id":64426,"href":"https:\/\/elmetropolitano.com.gt\/es\/wp-json\/wp\/v2\/posts\/64424\/revisions\/64426"}],"wp:featuredmedia":[{"embeddable":true,"href":"https:\/\/elmetropolitano.com.gt\/es\/wp-json\/wp\/v2\/media\/64425"}],"wp:attachment":[{"href":"https:\/\/elmetropolitano.com.gt\/es\/wp-json\/wp\/v2\/media?parent=64424"}],"wp:term":[{"taxonomy":"category","embeddable":true,"href":"https:\/\/elmetropolitano.com.gt\/es\/wp-json\/wp\/v2\/categories?post=64424"},{"taxonomy":"post_tag","embeddable":true,"href":"https:\/\/elmetropolitano.com.gt\/es\/wp-json\/wp\/v2\/tags?post=64424"}],"curies":[{"name":"wp","href":"https:\/\/api.w.org\/{rel}","templated":true}]}}