{"id":64433,"date":"2023-04-22T17:59:43","date_gmt":"2023-04-22T23:59:43","guid":{"rendered":"https:\/\/elmetropolitano.com.gt\/es\/?p=64433"},"modified":"2023-04-22T17:59:44","modified_gmt":"2023-04-22T23:59:44","slug":"ya-no-habra-cobro-en-autopista-palin-escuintla","status":"publish","type":"post","link":"https:\/\/elmetropolitano.com.gt\/es\/ya-no-habra-cobro-en-autopista-palin-escuintla\/","title":{"rendered":"Ya no habr\u00e1 cobro en autopista Pal\u00edn-Escuintla"},"content":{"rendered":"\n<p>El Presidente de la Rep\u00fablica Alejandro Giammattei dio a conocer que a partir del 1 de mayo el peaje en la autopista Pal\u00edn-Escuintla desaparecer\u00e1.<\/p>\n\n\n\n<p>En <a><\/a>ese sentido, el jefe del Ejecutivo inform\u00f3 que posterior a la culminaci\u00f3n del contrato, el Gobierno de Guatemala analiz\u00f3 las opciones para tomar una decisi\u00f3n para beneficiar a la poblaci\u00f3n.<\/p><div class=\"elmet-contenido\" id=\"elmet-2205202862\"><div class=\"elmet-adlabel\">Anuncios<\/div><div style=\"margin-top: 20px;margin-right: 20px;margin-bottom: 20px;margin-left: 20px;\" id=\"elmet-1449114352\"><a href=\"https:\/\/www.facebook.com\/arrincuanantigua\/\" aria-label=\"cintillo-arrin-cual\"><img loading=\"lazy\" decoding=\"async\" src=\"https:\/\/elmetropolitano.com.gt\/es\/wp-content\/uploads\/2021\/11\/cintillo-arrin-cual-1.jpg\" alt=\"\"  srcset=\"https:\/\/elmetropolitano.com.gt\/es\/wp-content\/uploads\/2021\/11\/cintillo-arrin-cual-1.jpg 750w, https:\/\/elmetropolitano.com.gt\/es\/wp-content\/uploads\/2021\/11\/cintillo-arrin-cual-1-300x36.jpg 300w, https:\/\/elmetropolitano.com.gt\/es\/wp-content\/uploads\/2021\/11\/cintillo-arrin-cual-1-600x72.jpg 600w\" sizes=\"(max-width: 750px) 100vw, 750px\" width=\"750\" height=\"90\"   \/><\/a><\/div><\/div>\n\n\n\n<p>Al respecto, se decidi\u00f3 que este cobro ya no se estar\u00e1 realizando a partir del lunes 1 de mayo.<\/p>\n\n\n\n<p>Sin embargo, para mantener una regulaci\u00f3n en la ruta se estar\u00e1 emitiendo un acuerdo gubernativo. Dicho documento detallar\u00e1 las prohibiciones de circulaci\u00f3n de cierto tipo de veh\u00edculos.<\/p>\n\n\n\n<p>Especialmente aquellos que tienen m\u00e1s de seis ejes, camiones con carretones y algunos otros que no podr\u00e1n circular por esa carretera, explic\u00f3 el Presidente.<\/p>\n\n\n\n<p>M\u00e1s detalles<\/p>\n\n\n\n<p>Por otro lado, el Presidente coment\u00f3 que el mantenimiento de esta ruta estar\u00e1 a cargo del Gobierno de la Rep\u00fablica, tal como se trabaja en todas las carreteras del territorio nacional.<\/p>\n\n\n\n<p>Seg\u00fan el mandatario, esto representa un gran paso para la poblaci\u00f3n. Asimismo, forma parte de las acciones de las autoridades para facilitar el traslado hacia la costa sur del pa\u00eds.<\/p>\n\n\n\n<p>Sobre todo, destac\u00f3 que estas acciones se toman como medida ante la culminaci\u00f3n del contrato que se sosten\u00eda en dicha ruta.<\/p>\n\n\n\n<p>Por lo que invit\u00f3 a la poblaci\u00f3n a visitar las playas del Pac\u00edfico a partir del 1 de mayo para aprovechar esta nueva medida.<\/p>\n\n\n\n<p><a href=\"https:\/\/www.facebook.com\/hashtag\/metroredes?__eep__=6&amp;__cft__[0]=AZVliIm9URs7ggKZuepkgF-ULZYBXM2Eo0EBW_nIkiLdu4cEuVQozVvk-p4oJBPc49VVIXQYf8L3DDYGF-ZC-nQuUqt7-iajo1X0cOlLYit-J-kL5-EIyAFpUUgKsIPWL6zYDcXbg0zGBCYzeGyrnuq2BFrAQY5AXRtl3mu5MNKoDdCivaY7wEXx3V1nifVhtfM&amp;__tn__=*NK-R\">#metroredes<\/a><a href=\"https:\/\/www.facebook.com\/hashtag\/autopistapalinescuintla?__eep__=6&amp;__cft__[0]=AZVliIm9URs7ggKZuepkgF-ULZYBXM2Eo0EBW_nIkiLdu4cEuVQozVvk-p4oJBPc49VVIXQYf8L3DDYGF-ZC-nQuUqt7-iajo1X0cOlLYit-J-kL5-EIyAFpUUgKsIPWL6zYDcXbg0zGBCYzeGyrnuq2BFrAQY5AXRtl3mu5MNKoDdCivaY7wEXx3V1nifVhtfM&amp;__tn__=*NK-R\">#AutopistaPalinEscuintla<\/a><\/p>\n\n\n\n<p><\/p>\n","protected":false},"excerpt":{"rendered":"<p>El Presidente de la Rep\u00fablica Alejandro Giammattei dio a conocer que a partir del 1 de mayo el peaje en la autopista Pal\u00edn-Escuintla desaparecer\u00e1. En ese sentido, el jefe del Ejecutivo inform\u00f3 que posterior a la culminaci\u00f3n del contrato, el Gobierno de Guatemala analiz\u00f3 las opciones para tomar una decisi\u00f3n para beneficiar a la poblaci\u00f3n. <a class=\"read-more\" href=\"https:\/\/elmetropolitano.com.gt\/es\/ya-no-habra-cobro-en-autopista-palin-escuintla\/\">Leer m\u00e1s<\/a><\/p>\n","protected":false},"author":1,"featured_media":64434,"comment_status":"open","ping_status":"closed","sticky":false,"template":"","format":"standard","meta":{"footnotes":""},"categories":[2],"tags":[12],"class_list":["post-64433","post","type-post","status-publish","format-standard","has-post-thumbnail","hentry","category-nacionales","tag-nacionales"],"_links":{"self":[{"href":"https:\/\/elmetropolitano.com.gt\/es\/wp-json\/wp\/v2\/posts\/64433","targetHints":{"allow":["GET"]}}],"collection":[{"href":"https:\/\/elmetropolitano.com.gt\/es\/wp-json\/wp\/v2\/posts"}],"about":[{"href":"https:\/\/elmetropolitano.com.gt\/es\/wp-json\/wp\/v2\/types\/post"}],"author":[{"embeddable":true,"href":"https:\/\/elmetropolitano.com.gt\/es\/wp-json\/wp\/v2\/users\/1"}],"replies":[{"embeddable":true,"href":"https:\/\/elmetropolitano.com.gt\/es\/wp-json\/wp\/v2\/comments?post=64433"}],"version-history":[{"count":1,"href":"https:\/\/elmetropolitano.com.gt\/es\/wp-json\/wp\/v2\/posts\/64433\/revisions"}],"predecessor-version":[{"id":64435,"href":"https:\/\/elmetropolitano.com.gt\/es\/wp-json\/wp\/v2\/posts\/64433\/revisions\/64435"}],"wp:featuredmedia":[{"embeddable":true,"href":"https:\/\/elmetropolitano.com.gt\/es\/wp-json\/wp\/v2\/media\/64434"}],"wp:attachment":[{"href":"https:\/\/elmetropolitano.com.gt\/es\/wp-json\/wp\/v2\/media?parent=64433"}],"wp:term":[{"taxonomy":"category","embeddable":true,"href":"https:\/\/elmetropolitano.com.gt\/es\/wp-json\/wp\/v2\/categories?post=64433"},{"taxonomy":"post_tag","embeddable":true,"href":"https:\/\/elmetropolitano.com.gt\/es\/wp-json\/wp\/v2\/tags?post=64433"}],"curies":[{"name":"wp","href":"https:\/\/api.w.org\/{rel}","templated":true}]}}