{"id":64452,"date":"2023-04-23T09:07:19","date_gmt":"2023-04-23T15:07:19","guid":{"rendered":"https:\/\/elmetropolitano.com.gt\/es\/?p=64452"},"modified":"2023-04-23T09:07:21","modified_gmt":"2023-04-23T15:07:21","slug":"guatemala-se-prepara-para-la-semana-de-vacunacion-en-las-americas","status":"publish","type":"post","link":"https:\/\/elmetropolitano.com.gt\/es\/guatemala-se-prepara-para-la-semana-de-vacunacion-en-las-americas\/","title":{"rendered":"Guatemala se prepara para la Semana de Vacunaci\u00f3n en las Am\u00e9ricas"},"content":{"rendered":"\n<p>Guatemala, a trav\u00e9s del Ministerio de Salud P\u00fablica y Asistencia Social (MSPAS), se prepara para conmemorar la Semana de Vacunaci\u00f3n en las Am\u00e9ricas, del 2 al 9 de mayo. La celebraci\u00f3n de este per\u00edodo la promueve la Organizaci\u00f3n Panamericana de la Salud (OPS).<\/p>\n\n\n\n<p>Bajo el lema Cada vacuna cuenta, la OPS reitera el llamado a la poblaci\u00f3n de acudir a los servicios de salud para administrarse las dosis contra las <a><\/a>diferentes enfermedades.<\/p><div class=\"elmet-contenido\" id=\"elmet-3419997240\"><div class=\"elmet-adlabel\">Anuncios<\/div><div style=\"margin-top: 20px;margin-right: 20px;margin-bottom: 20px;margin-left: 20px;\" id=\"elmet-2286437116\"><a href=\"https:\/\/www.facebook.com\/arrincuanantigua\/\" aria-label=\"cintillo-arrin-cual\"><img loading=\"lazy\" decoding=\"async\" src=\"https:\/\/elmetropolitano.com.gt\/es\/wp-content\/uploads\/2021\/11\/cintillo-arrin-cual-1.jpg\" alt=\"\"  srcset=\"https:\/\/elmetropolitano.com.gt\/es\/wp-content\/uploads\/2021\/11\/cintillo-arrin-cual-1.jpg 750w, https:\/\/elmetropolitano.com.gt\/es\/wp-content\/uploads\/2021\/11\/cintillo-arrin-cual-1-300x36.jpg 300w, https:\/\/elmetropolitano.com.gt\/es\/wp-content\/uploads\/2021\/11\/cintillo-arrin-cual-1-600x72.jpg 600w\" sizes=\"(max-width: 750px) 100vw, 750px\" width=\"750\" height=\"90\"   \/><\/a><\/div><\/div>\n\n\n\n<p>La Semana de Vacunaci\u00f3n en las Am\u00e9ricas promueve que las personas y sus seres queridos est\u00e9n al d\u00eda con sus vacunas, explic\u00f3 Jarbas Barbosa, director de la OPS.<\/p>\n\n\n\n<p>Adem\u00e1s, en un mensaje virtual, Barbosa se\u00f1al\u00f3 que la vacunaci\u00f3n es una herramienta que permite que los seres humanos tengan una vida saludable.<\/p>\n\n\n\n<p>Adem\u00e1s, record\u00f3 que debido al impacto de la pandemia del COVID-19 en el cumplimiento de los esquemas de vacunaci\u00f3n de otras enfermedades, este a\u00f1o la Semana de la Vacunaci\u00f3n en las Am\u00e9ricas enfatiza la necesidad de cumplir con los esquemas.<\/p>\n\n\n\n<p>Las vacunas son una de las formas m\u00e1s efectivas y asequibles de protegerse contra muchas enfermedades. Nos ayuda a mantenernos saludables y activos, a\u00f1adi\u00f3 Barbosa.<\/p>\n\n\n\n<p>Caracter\u00edsticas de las vacunas<\/p>\n\n\n\n<p>Las vacunas ayudan al cuerpo humano a protegerse contra enfermedades graves.<\/p>\n\n\n\n<p>Es posible que cada persona necesite una dosis o m\u00faltiples a diferentes edades para estar completamente protegido contra una enfermedad espec\u00edfica.<\/p>\n\n\n\n<p>Asimismo, algunas vacunas pueden proteger de diferentes enfermedades a la vez.<\/p>\n\n\n\n<p>Otra caracter\u00edstica de estas, es que pueden administrarse v\u00eda oral o v\u00eda parenteral.<\/p>\n\n\n\n<p>Guatemala<\/p>\n\n\n\n<p>En Guatemala, la poblaci\u00f3n puede vacunarse contra enfermedades como la difteria, el t\u00e9tanos, tos ferina, influenza y COVID-19.<\/p>\n\n\n\n<p>Tambi\u00e9n contra la hepatitis B, la tuberculosis, la rub\u00e9ola, el sarampi\u00f3n, la poliomielitis y el virus del papiloma humano.<\/p>\n\n\n\n<p>Las vacunas pueden administrarse en el embarazo, en reci\u00e9n nacidos, en ni\u00f1os, adolescentes, adultos o personas mayores, dependiendo de la enfermedad que se pretende evitar.<\/p>\n\n\n\n<p>Texto: Luc\u00eda Contreras<\/p>\n\n\n\n<p><\/p>\n","protected":false},"excerpt":{"rendered":"<p>Guatemala, a trav\u00e9s del Ministerio de Salud P\u00fablica y Asistencia Social (MSPAS), se prepara para conmemorar la Semana de Vacunaci\u00f3n en las Am\u00e9ricas, del 2 al 9 de mayo. La celebraci\u00f3n de este per\u00edodo la promueve la Organizaci\u00f3n Panamericana de la Salud (OPS). Bajo el lema Cada vacuna cuenta, la OPS reitera el llamado a <a class=\"read-more\" href=\"https:\/\/elmetropolitano.com.gt\/es\/guatemala-se-prepara-para-la-semana-de-vacunacion-en-las-americas\/\">Leer m\u00e1s<\/a><\/p>\n","protected":false},"author":1,"featured_media":64453,"comment_status":"open","ping_status":"closed","sticky":false,"template":"","format":"standard","meta":{"footnotes":""},"categories":[2],"tags":[12],"class_list":["post-64452","post","type-post","status-publish","format-standard","has-post-thumbnail","hentry","category-nacionales","tag-nacionales"],"_links":{"self":[{"href":"https:\/\/elmetropolitano.com.gt\/es\/wp-json\/wp\/v2\/posts\/64452","targetHints":{"allow":["GET"]}}],"collection":[{"href":"https:\/\/elmetropolitano.com.gt\/es\/wp-json\/wp\/v2\/posts"}],"about":[{"href":"https:\/\/elmetropolitano.com.gt\/es\/wp-json\/wp\/v2\/types\/post"}],"author":[{"embeddable":true,"href":"https:\/\/elmetropolitano.com.gt\/es\/wp-json\/wp\/v2\/users\/1"}],"replies":[{"embeddable":true,"href":"https:\/\/elmetropolitano.com.gt\/es\/wp-json\/wp\/v2\/comments?post=64452"}],"version-history":[{"count":1,"href":"https:\/\/elmetropolitano.com.gt\/es\/wp-json\/wp\/v2\/posts\/64452\/revisions"}],"predecessor-version":[{"id":64454,"href":"https:\/\/elmetropolitano.com.gt\/es\/wp-json\/wp\/v2\/posts\/64452\/revisions\/64454"}],"wp:featuredmedia":[{"embeddable":true,"href":"https:\/\/elmetropolitano.com.gt\/es\/wp-json\/wp\/v2\/media\/64453"}],"wp:attachment":[{"href":"https:\/\/elmetropolitano.com.gt\/es\/wp-json\/wp\/v2\/media?parent=64452"}],"wp:term":[{"taxonomy":"category","embeddable":true,"href":"https:\/\/elmetropolitano.com.gt\/es\/wp-json\/wp\/v2\/categories?post=64452"},{"taxonomy":"post_tag","embeddable":true,"href":"https:\/\/elmetropolitano.com.gt\/es\/wp-json\/wp\/v2\/tags?post=64452"}],"curies":[{"name":"wp","href":"https:\/\/api.w.org\/{rel}","templated":true}]}}