{"id":64538,"date":"2023-04-23T23:34:10","date_gmt":"2023-04-24T05:34:10","guid":{"rendered":"https:\/\/elmetropolitano.com.gt\/es\/?p=64538"},"modified":"2023-04-23T23:34:11","modified_gmt":"2023-04-24T05:34:11","slug":"pondremos-orden-para-transformar-la-nueva-concepcion-sandra-torres","status":"publish","type":"post","link":"https:\/\/elmetropolitano.com.gt\/es\/pondremos-orden-para-transformar-la-nueva-concepcion-sandra-torres\/","title":{"rendered":"Pondremos orden para transformar La Nueva Concepci\u00f3n: Sandra Torres"},"content":{"rendered":"\n<p>Durante la gira nacional que realiza Sandra Torres, visit\u00f3 el municipio Nueva Concepci\u00f3n, departamento de Escuintla, para compartir las propuestas econ\u00f3micas, de seguridad y desarrollo que contempla de su plan de gobierno que favorecer\u00e1n a los m\u00e1s olvidados.<\/p>\n\n\n\n<p>En <a><\/a>su discurso inicial,Torres afirm\u00f3 \u201cYo sue\u00f1o que este lindo pueblo se transforme y no vaya a caer en manos de gente mentirosa. Por ello, en los primeros 100 d\u00edas de mi Gobierno el programa Mi Familia Progresa, estar\u00e1 de vuelta porque dinero hay solo falta voluntad pol\u00edtica\u201d.<\/p><div class=\"elmet-contenido\" id=\"elmet-824017985\"><div class=\"elmet-adlabel\">Anuncios<\/div><div style=\"margin-top: 20px;margin-right: 20px;margin-bottom: 20px;margin-left: 20px;\" id=\"elmet-774427736\"><a href=\"https:\/\/www.facebook.com\/arrincuanantigua\/\" aria-label=\"cintillo-arrin-cual\"><img loading=\"lazy\" decoding=\"async\" src=\"https:\/\/elmetropolitano.com.gt\/es\/wp-content\/uploads\/2021\/11\/cintillo-arrin-cual-1.jpg\" alt=\"\"  srcset=\"https:\/\/elmetropolitano.com.gt\/es\/wp-content\/uploads\/2021\/11\/cintillo-arrin-cual-1.jpg 750w, https:\/\/elmetropolitano.com.gt\/es\/wp-content\/uploads\/2021\/11\/cintillo-arrin-cual-1-300x36.jpg 300w, https:\/\/elmetropolitano.com.gt\/es\/wp-content\/uploads\/2021\/11\/cintillo-arrin-cual-1-600x72.jpg 600w\" sizes=\"(max-width: 750px) 100vw, 750px\" width=\"750\" height=\"90\"   \/><\/a><\/div><\/div>\n\n\n\n<p>Asimismo, Sandra Torres propone un aporte de Q 700 para madres de familia que les permita tener un ingreso adicional. A los adultos mayores se les estar\u00e1 apoyando tambi\u00e9n con un pago mensual de 700 quetzales para que les ayude a tener un buen retiro.<\/p>\n\n\n\n<p>Adem\u00e1s, como parte del orden y transformaci\u00f3n de su pr\u00f3ximo gobierno, Sandra Torres, asegura la eliminaci\u00f3n del impuesto al combustible con el prop\u00f3sito de reducir el costo del transporte p\u00fablico en todo el territorio y con las escuelas abiertas, me mejorar\u00e1n las oportunidades para los j\u00f3venes que necesitan capacitarse y tener m\u00e1s ofertas laborales.<\/p>\n\n\n\n<p>M\u00e1s oportunidades<\/p>\n\n\n\n<p>A la juventud, Sandra Torres asegur\u00f3 un incremento de nuevas inversiones de empresas internacionales que traer\u00e1n generaci\u00f3n de empleo, estableciendo que en cada escuela p\u00fablica los estudiantes aprendan ingl\u00e9s y puedan tener mayores ofertas laborales.<\/p>\n\n\n\n<p>As\u00ed tambi\u00e9n prometi\u00f3 la construcci\u00f3n de un Instituto T\u00e9cnico de Capacitaci\u00f3n y Productividad (INTECAP), para que los j\u00f3venes tengan m\u00e1s oportunidades y puedan optar a capacitarse en carreras t\u00e9cnicas \u201cVamos a convertir este municipio, en un lugar seguro y pr\u00f3spero\u201d.<\/p>\n\n\n\n<p>Adem\u00e1s, en su pronunciamiento Sandra Torres envi\u00f3 un mensaje a las personas de la tercera edad \u201cQuiero hoy decirle a los jubilados del Estado que no est\u00e1n solos, yo les voy a duplicar las jubilaciones otorg\u00e1ndoles Q500 quetzales mensuales extra de lo que ya reciben\u201d.<\/p>\n\n\n\n<p>Orden y seguridad<\/p>\n\n\n\n<p>Debido a que este municipio cuenta con altos \u00edndices de violencia, Sandra Torres afirm\u00f3 \u201cEn los primeros cien d\u00edas de mi gobierno vamos a sacar a las fuerzas de seguridad combinadas con el ej\u00e9rcito a patrullar las calles para darles seguridad a ustedes\u201d.<\/p>\n\n\n\n<p>La candidata, quien inst\u00f3 al voto, afirm\u00f3 \u201ces f\u00e1cil ofrecer, pero cumplir es distinto. Yo no ofrezco, yo ya les he dado apoyo, ya cumpl\u00ed, y si lo hice siendo Primera Dama, imag\u00ednense siendo presidenta de Guatemala\u201d puntualiz\u00f3.<\/p>\n\n\n\n<p>Durante llegada a la actividad, un grupo de se\u00f1oras se acercaron a Sandra Torres para mostrarle los recibos del programa Mi Familia Progresa que ella dirigi\u00f3 durante el gobierno de la UNE, siendo Primera Dama y agradecieron que los programas sociales van a regresar.<\/p>\n\n\n\n<p><a href=\"https:\/\/www.facebook.com\/hashtag\/eleccionesgt2023?__eep__=6&amp;__cft__[0]=AZUMTzlVLxjaxyjBHGcWz8je1MuPx-p-YkvySZ24AqAqbW48zZPBvqXrbs10l1XIhFtaQ0zVHRHJI7BOPJNOSZLFn8FoVEIieV6ZsOeAjaKVxUogzvjlMKrz6Ew002ShzjhB1-6PN6WLjepTHQH4IT7JNWKMExT0wDaYrKd3MaOju8hOQARl1IZ6Gs8SzoS1Ugk&amp;__tn__=*NK-R\">#EleccionesGT2023<\/a><a href=\"https:\/\/www.facebook.com\/hashtag\/metroredes?__eep__=6&amp;__cft__[0]=AZUMTzlVLxjaxyjBHGcWz8je1MuPx-p-YkvySZ24AqAqbW48zZPBvqXrbs10l1XIhFtaQ0zVHRHJI7BOPJNOSZLFn8FoVEIieV6ZsOeAjaKVxUogzvjlMKrz6Ew002ShzjhB1-6PN6WLjepTHQH4IT7JNWKMExT0wDaYrKd3MaOju8hOQARl1IZ6Gs8SzoS1Ugk&amp;__tn__=*NK-R\">#metroredes<\/a><\/p>\n\n\n\n<figure class=\"wp-block-gallery has-nested-images columns-default is-cropped wp-block-gallery-1 is-layout-flex wp-block-gallery-is-layout-flex\">\n<figure class=\"wp-block-image size-large\"><img loading=\"lazy\" decoding=\"async\" width=\"1024\" height=\"684\" data-id=\"64542\" src=\"https:\/\/elmetropolitano.com.gt\/es\/wp-content\/uploads\/2023\/04\/342483907_1678878902627706_1136255981091621563_n-1024x684.jpg\" alt=\"\" class=\"wp-image-64542\" srcset=\"https:\/\/elmetropolitano.com.gt\/es\/wp-content\/uploads\/2023\/04\/342483907_1678878902627706_1136255981091621563_n-1024x684.jpg 1024w, https:\/\/elmetropolitano.com.gt\/es\/wp-content\/uploads\/2023\/04\/342483907_1678878902627706_1136255981091621563_n-300x200.jpg 300w, https:\/\/elmetropolitano.com.gt\/es\/wp-content\/uploads\/2023\/04\/342483907_1678878902627706_1136255981091621563_n-768x513.jpg 768w, https:\/\/elmetropolitano.com.gt\/es\/wp-content\/uploads\/2023\/04\/342483907_1678878902627706_1136255981091621563_n-600x401.jpg 600w, https:\/\/elmetropolitano.com.gt\/es\/wp-content\/uploads\/2023\/04\/342483907_1678878902627706_1136255981091621563_n.jpg 1280w\" sizes=\"auto, (max-width: 1024px) 100vw, 1024px\" \/><\/figure>\n\n\n\n<figure class=\"wp-block-image size-large\"><img loading=\"lazy\" decoding=\"async\" width=\"1024\" height=\"684\" data-id=\"64540\" src=\"https:\/\/elmetropolitano.com.gt\/es\/wp-content\/uploads\/2023\/04\/342489919_177212828597268_7838252911827075868_n-1024x684.jpg\" alt=\"\" class=\"wp-image-64540\" srcset=\"https:\/\/elmetropolitano.com.gt\/es\/wp-content\/uploads\/2023\/04\/342489919_177212828597268_7838252911827075868_n-1024x684.jpg 1024w, https:\/\/elmetropolitano.com.gt\/es\/wp-content\/uploads\/2023\/04\/342489919_177212828597268_7838252911827075868_n-300x200.jpg 300w, https:\/\/elmetropolitano.com.gt\/es\/wp-content\/uploads\/2023\/04\/342489919_177212828597268_7838252911827075868_n-768x513.jpg 768w, https:\/\/elmetropolitano.com.gt\/es\/wp-content\/uploads\/2023\/04\/342489919_177212828597268_7838252911827075868_n-600x401.jpg 600w, https:\/\/elmetropolitano.com.gt\/es\/wp-content\/uploads\/2023\/04\/342489919_177212828597268_7838252911827075868_n.jpg 1280w\" sizes=\"auto, (max-width: 1024px) 100vw, 1024px\" \/><\/figure>\n\n\n\n<figure class=\"wp-block-image size-large\"><img loading=\"lazy\" decoding=\"async\" width=\"1024\" height=\"684\" data-id=\"64541\" src=\"https:\/\/elmetropolitano.com.gt\/es\/wp-content\/uploads\/2023\/04\/342731907_189493473483153_6374487933601203003_n-1024x684.jpg\" alt=\"\" class=\"wp-image-64541\" srcset=\"https:\/\/elmetropolitano.com.gt\/es\/wp-content\/uploads\/2023\/04\/342731907_189493473483153_6374487933601203003_n-1024x684.jpg 1024w, https:\/\/elmetropolitano.com.gt\/es\/wp-content\/uploads\/2023\/04\/342731907_189493473483153_6374487933601203003_n-300x200.jpg 300w, https:\/\/elmetropolitano.com.gt\/es\/wp-content\/uploads\/2023\/04\/342731907_189493473483153_6374487933601203003_n-768x513.jpg 768w, https:\/\/elmetropolitano.com.gt\/es\/wp-content\/uploads\/2023\/04\/342731907_189493473483153_6374487933601203003_n-600x401.jpg 600w, https:\/\/elmetropolitano.com.gt\/es\/wp-content\/uploads\/2023\/04\/342731907_189493473483153_6374487933601203003_n.jpg 1280w\" sizes=\"auto, (max-width: 1024px) 100vw, 1024px\" \/><\/figure>\n<\/figure>\n","protected":false},"excerpt":{"rendered":"<p>Durante la gira nacional que realiza Sandra Torres, visit\u00f3 el municipio Nueva Concepci\u00f3n, departamento de Escuintla, para compartir las propuestas econ\u00f3micas, de seguridad y desarrollo que contempla de su plan de gobierno que favorecer\u00e1n a los m\u00e1s olvidados. En su discurso inicial,Torres afirm\u00f3 \u201cYo sue\u00f1o que este lindo pueblo se transforme y no vaya a <a class=\"read-more\" href=\"https:\/\/elmetropolitano.com.gt\/es\/pondremos-orden-para-transformar-la-nueva-concepcion-sandra-torres\/\">Leer m\u00e1s<\/a><\/p>\n","protected":false},"author":1,"featured_media":64539,"comment_status":"open","ping_status":"closed","sticky":false,"template":"","format":"standard","meta":{"footnotes":""},"categories":[97],"tags":[98],"class_list":["post-64538","post","type-post","status-publish","format-standard","has-post-thumbnail","hentry","category-politica","tag-politica"],"_links":{"self":[{"href":"https:\/\/elmetropolitano.com.gt\/es\/wp-json\/wp\/v2\/posts\/64538","targetHints":{"allow":["GET"]}}],"collection":[{"href":"https:\/\/elmetropolitano.com.gt\/es\/wp-json\/wp\/v2\/posts"}],"about":[{"href":"https:\/\/elmetropolitano.com.gt\/es\/wp-json\/wp\/v2\/types\/post"}],"author":[{"embeddable":true,"href":"https:\/\/elmetropolitano.com.gt\/es\/wp-json\/wp\/v2\/users\/1"}],"replies":[{"embeddable":true,"href":"https:\/\/elmetropolitano.com.gt\/es\/wp-json\/wp\/v2\/comments?post=64538"}],"version-history":[{"count":1,"href":"https:\/\/elmetropolitano.com.gt\/es\/wp-json\/wp\/v2\/posts\/64538\/revisions"}],"predecessor-version":[{"id":64543,"href":"https:\/\/elmetropolitano.com.gt\/es\/wp-json\/wp\/v2\/posts\/64538\/revisions\/64543"}],"wp:featuredmedia":[{"embeddable":true,"href":"https:\/\/elmetropolitano.com.gt\/es\/wp-json\/wp\/v2\/media\/64539"}],"wp:attachment":[{"href":"https:\/\/elmetropolitano.com.gt\/es\/wp-json\/wp\/v2\/media?parent=64538"}],"wp:term":[{"taxonomy":"category","embeddable":true,"href":"https:\/\/elmetropolitano.com.gt\/es\/wp-json\/wp\/v2\/categories?post=64538"},{"taxonomy":"post_tag","embeddable":true,"href":"https:\/\/elmetropolitano.com.gt\/es\/wp-json\/wp\/v2\/tags?post=64538"}],"curies":[{"name":"wp","href":"https:\/\/api.w.org\/{rel}","templated":true}]}}