{"id":64556,"date":"2023-04-23T23:39:58","date_gmt":"2023-04-24T05:39:58","guid":{"rendered":"https:\/\/elmetropolitano.com.gt\/es\/?p=64556"},"modified":"2023-04-23T23:39:59","modified_gmt":"2023-04-24T05:39:59","slug":"gobierno-humanista-creara-el-ministerio-de-la-juventud-y-de-la-mujer","status":"publish","type":"post","link":"https:\/\/elmetropolitano.com.gt\/es\/gobierno-humanista-creara-el-ministerio-de-la-juventud-y-de-la-mujer\/","title":{"rendered":"Gobierno Humanista crear\u00e1 el Ministerio de la juventud y de la Mujer"},"content":{"rendered":"\n<p>El candidato Presidencial del Partido Humanista, Lecsan M\u00e9rida, en su visita al municipio de Palencia, ofreci\u00f3 rescatar a los j\u00f3venes del crimen, de las drogas y de las maras.<\/p>\n\n\n\n<p>Dijo que esto se realizada a trav\u00e9s del Ministerio de la Juventud, as\u00ed como impulsar el Ministerio de la Mujer y el desarrollo del pa\u00eds y terminar con la extorsi\u00f3n para que todos tengan trabajo, salud, educaci\u00f3n y vivienda digna, como <a><\/a>parte del Plan de Gobierno Humanista.<\/p><div class=\"elmet-contenido\" id=\"elmet-999709815\"><div class=\"elmet-adlabel\">Anuncios<\/div><div style=\"margin-top: 20px;margin-right: 20px;margin-bottom: 20px;margin-left: 20px;\" id=\"elmet-940082237\"><a href=\"https:\/\/www.facebook.com\/arrincuanantigua\/\" aria-label=\"cintillo-arrin-cual\"><img loading=\"lazy\" decoding=\"async\" src=\"https:\/\/elmetropolitano.com.gt\/es\/wp-content\/uploads\/2021\/11\/cintillo-arrin-cual-1.jpg\" alt=\"\"  srcset=\"https:\/\/elmetropolitano.com.gt\/es\/wp-content\/uploads\/2021\/11\/cintillo-arrin-cual-1.jpg 750w, https:\/\/elmetropolitano.com.gt\/es\/wp-content\/uploads\/2021\/11\/cintillo-arrin-cual-1-300x36.jpg 300w, https:\/\/elmetropolitano.com.gt\/es\/wp-content\/uploads\/2021\/11\/cintillo-arrin-cual-1-600x72.jpg 600w\" sizes=\"(max-width: 750px) 100vw, 750px\" width=\"750\" height=\"90\"   \/><\/a><\/div><\/div>\n\n\n\n<p>El mitin pol\u00edtico se realiz\u00f3 en el campo de f\u00fatbol de El Fiscal, Palencia, Guatemala donde asistieron vecinos de diversos sectores del municipio.<\/p>\n\n\n\n<p>Adem\u00e1s indic\u00f3 que tiene los Plata es para desarrollar el pa\u00eds, para que haya infraestructura, para la inversi\u00f3n nacional y extranjera.<\/p>\n\n\n\n<p><a href=\"https:\/\/www.facebook.com\/hashtag\/eleccionesgt2023?__eep__=6&amp;__cft__[0]=AZXVSj7OYWCLZreORzHG7K_Gjq6pc9glCC4M0vU9dxgr3CumJAS1vR0wWTUpE1hH-bbLk_PGQFnhg17MZBaNRaGnx3gDPiWuZPkjSX8Tgu1jXI-lqTwn9MywvQHYliU7Qi_SAbxDsbg2zjV5BuPGi3e24Uu0R1_0B0YYv4aLkdhcxkFQuLSvX9IHYLPlUxkDq-c&amp;__tn__=*NK-R\">#EleccionesGT2023<\/a><a href=\"https:\/\/www.facebook.com\/hashtag\/metroredes?__eep__=6&amp;__cft__[0]=AZXVSj7OYWCLZreORzHG7K_Gjq6pc9glCC4M0vU9dxgr3CumJAS1vR0wWTUpE1hH-bbLk_PGQFnhg17MZBaNRaGnx3gDPiWuZPkjSX8Tgu1jXI-lqTwn9MywvQHYliU7Qi_SAbxDsbg2zjV5BuPGi3e24Uu0R1_0B0YYv4aLkdhcxkFQuLSvX9IHYLPlUxkDq-c&amp;__tn__=*NK-R\">#metroredes<\/a><a href=\"https:\/\/www.facebook.com\/hashtag\/yovoto?__eep__=6&amp;__cft__[0]=AZXVSj7OYWCLZreORzHG7K_Gjq6pc9glCC4M0vU9dxgr3CumJAS1vR0wWTUpE1hH-bbLk_PGQFnhg17MZBaNRaGnx3gDPiWuZPkjSX8Tgu1jXI-lqTwn9MywvQHYliU7Qi_SAbxDsbg2zjV5BuPGi3e24Uu0R1_0B0YYv4aLkdhcxkFQuLSvX9IHYLPlUxkDq-c&amp;__tn__=*NK-R\">#YoVoto<\/a><a href=\"https:\/\/www.facebook.com\/hashtag\/partidohumanista?__eep__=6&amp;__cft__[0]=AZXVSj7OYWCLZreORzHG7K_Gjq6pc9glCC4M0vU9dxgr3CumJAS1vR0wWTUpE1hH-bbLk_PGQFnhg17MZBaNRaGnx3gDPiWuZPkjSX8Tgu1jXI-lqTwn9MywvQHYliU7Qi_SAbxDsbg2zjV5BuPGi3e24Uu0R1_0B0YYv4aLkdhcxkFQuLSvX9IHYLPlUxkDq-c&amp;__tn__=*NK-R\">#PartidoHumanista<\/a><\/p>\n\n\n\n<figure class=\"wp-block-gallery has-nested-images columns-default is-cropped wp-block-gallery-1 is-layout-flex wp-block-gallery-is-layout-flex\">\n<figure class=\"wp-block-image size-large\"><img loading=\"lazy\" decoding=\"async\" width=\"1024\" height=\"576\" data-id=\"64558\" src=\"https:\/\/elmetropolitano.com.gt\/es\/wp-content\/uploads\/2023\/04\/342518083_207721075316721_1363635971721639350_n-1024x576.jpg\" alt=\"\" class=\"wp-image-64558\" srcset=\"https:\/\/elmetropolitano.com.gt\/es\/wp-content\/uploads\/2023\/04\/342518083_207721075316721_1363635971721639350_n-1024x576.jpg 1024w, https:\/\/elmetropolitano.com.gt\/es\/wp-content\/uploads\/2023\/04\/342518083_207721075316721_1363635971721639350_n-300x169.jpg 300w, https:\/\/elmetropolitano.com.gt\/es\/wp-content\/uploads\/2023\/04\/342518083_207721075316721_1363635971721639350_n-768x432.jpg 768w, https:\/\/elmetropolitano.com.gt\/es\/wp-content\/uploads\/2023\/04\/342518083_207721075316721_1363635971721639350_n-1536x864.jpg 1536w, https:\/\/elmetropolitano.com.gt\/es\/wp-content\/uploads\/2023\/04\/342518083_207721075316721_1363635971721639350_n-600x338.jpg 600w, https:\/\/elmetropolitano.com.gt\/es\/wp-content\/uploads\/2023\/04\/342518083_207721075316721_1363635971721639350_n.jpg 1600w\" sizes=\"auto, (max-width: 1024px) 100vw, 1024px\" \/><\/figure>\n\n\n\n<figure class=\"wp-block-image size-large\"><img loading=\"lazy\" decoding=\"async\" width=\"1024\" height=\"576\" data-id=\"64559\" src=\"https:\/\/elmetropolitano.com.gt\/es\/wp-content\/uploads\/2023\/04\/342778882_1175743809772661_7174748919233442565_n-1024x576.jpg\" alt=\"\" class=\"wp-image-64559\" srcset=\"https:\/\/elmetropolitano.com.gt\/es\/wp-content\/uploads\/2023\/04\/342778882_1175743809772661_7174748919233442565_n-1024x576.jpg 1024w, https:\/\/elmetropolitano.com.gt\/es\/wp-content\/uploads\/2023\/04\/342778882_1175743809772661_7174748919233442565_n-300x169.jpg 300w, https:\/\/elmetropolitano.com.gt\/es\/wp-content\/uploads\/2023\/04\/342778882_1175743809772661_7174748919233442565_n-768x432.jpg 768w, https:\/\/elmetropolitano.com.gt\/es\/wp-content\/uploads\/2023\/04\/342778882_1175743809772661_7174748919233442565_n-1536x864.jpg 1536w, https:\/\/elmetropolitano.com.gt\/es\/wp-content\/uploads\/2023\/04\/342778882_1175743809772661_7174748919233442565_n-600x338.jpg 600w, https:\/\/elmetropolitano.com.gt\/es\/wp-content\/uploads\/2023\/04\/342778882_1175743809772661_7174748919233442565_n.jpg 1600w\" sizes=\"auto, (max-width: 1024px) 100vw, 1024px\" \/><\/figure>\n<\/figure>\n","protected":false},"excerpt":{"rendered":"<p>El candidato Presidencial del Partido Humanista, Lecsan M\u00e9rida, en su visita al municipio de Palencia, ofreci\u00f3 rescatar a los j\u00f3venes del crimen, de las drogas y de las maras. Dijo que esto se realizada a trav\u00e9s del Ministerio de la Juventud, as\u00ed como impulsar el Ministerio de la Mujer y el desarrollo del pa\u00eds y <a class=\"read-more\" href=\"https:\/\/elmetropolitano.com.gt\/es\/gobierno-humanista-creara-el-ministerio-de-la-juventud-y-de-la-mujer\/\">Leer m\u00e1s<\/a><\/p>\n","protected":false},"author":1,"featured_media":64557,"comment_status":"open","ping_status":"closed","sticky":false,"template":"","format":"standard","meta":{"footnotes":""},"categories":[97],"tags":[98],"class_list":["post-64556","post","type-post","status-publish","format-standard","has-post-thumbnail","hentry","category-politica","tag-politica"],"_links":{"self":[{"href":"https:\/\/elmetropolitano.com.gt\/es\/wp-json\/wp\/v2\/posts\/64556","targetHints":{"allow":["GET"]}}],"collection":[{"href":"https:\/\/elmetropolitano.com.gt\/es\/wp-json\/wp\/v2\/posts"}],"about":[{"href":"https:\/\/elmetropolitano.com.gt\/es\/wp-json\/wp\/v2\/types\/post"}],"author":[{"embeddable":true,"href":"https:\/\/elmetropolitano.com.gt\/es\/wp-json\/wp\/v2\/users\/1"}],"replies":[{"embeddable":true,"href":"https:\/\/elmetropolitano.com.gt\/es\/wp-json\/wp\/v2\/comments?post=64556"}],"version-history":[{"count":1,"href":"https:\/\/elmetropolitano.com.gt\/es\/wp-json\/wp\/v2\/posts\/64556\/revisions"}],"predecessor-version":[{"id":64560,"href":"https:\/\/elmetropolitano.com.gt\/es\/wp-json\/wp\/v2\/posts\/64556\/revisions\/64560"}],"wp:featuredmedia":[{"embeddable":true,"href":"https:\/\/elmetropolitano.com.gt\/es\/wp-json\/wp\/v2\/media\/64557"}],"wp:attachment":[{"href":"https:\/\/elmetropolitano.com.gt\/es\/wp-json\/wp\/v2\/media?parent=64556"}],"wp:term":[{"taxonomy":"category","embeddable":true,"href":"https:\/\/elmetropolitano.com.gt\/es\/wp-json\/wp\/v2\/categories?post=64556"},{"taxonomy":"post_tag","embeddable":true,"href":"https:\/\/elmetropolitano.com.gt\/es\/wp-json\/wp\/v2\/tags?post=64556"}],"curies":[{"name":"wp","href":"https:\/\/api.w.org\/{rel}","templated":true}]}}