{"id":64590,"date":"2023-04-24T09:35:12","date_gmt":"2023-04-24T15:35:12","guid":{"rendered":"https:\/\/elmetropolitano.com.gt\/es\/?p=64590"},"modified":"2023-04-24T09:35:13","modified_gmt":"2023-04-24T15:35:13","slug":"la-sat-comienza-ultima-fase-de-proceso-de-union-aduanera-profunda","status":"publish","type":"post","link":"https:\/\/elmetropolitano.com.gt\/es\/la-sat-comienza-ultima-fase-de-proceso-de-union-aduanera-profunda\/","title":{"rendered":"La SAT comienza \u00faltima fase de proceso de uni\u00f3n aduanera profunda"},"content":{"rendered":"\n<p>La Superintendencia de Administraci\u00f3n Tributaria (SAT) comenz\u00f3 esta semana con la \u00faltima fase del proceso de integraci\u00f3n y uni\u00f3n aduanera profunda de El Salvador, Guatemala y Honduras.<\/p>\n\n\n\n<p>Seg\u00fan la instituci\u00f3n, el procedimiento permitir\u00e1 que la econom\u00eda de los pa\u00edses involucrados se dinamice. Esto, a trav\u00e9s del perfeccionamiento de las herramientas para la facilitaci\u00f3n del comercio.<\/p><div class=\"elmet-contenido\" id=\"elmet-3359231344\"><div class=\"elmet-adlabel\">Anuncios<\/div><div style=\"margin-top: 20px;margin-right: 20px;margin-bottom: 20px;margin-left: 20px;\" id=\"elmet-2399039200\"><a href=\"https:\/\/www.facebook.com\/arrincuanantigua\/\" aria-label=\"cintillo-arrin-cual\"><img loading=\"lazy\" decoding=\"async\" src=\"https:\/\/elmetropolitano.com.gt\/es\/wp-content\/uploads\/2021\/11\/cintillo-arrin-cual-1.jpg\" alt=\"\"  srcset=\"https:\/\/elmetropolitano.com.gt\/es\/wp-content\/uploads\/2021\/11\/cintillo-arrin-cual-1.jpg 750w, https:\/\/elmetropolitano.com.gt\/es\/wp-content\/uploads\/2021\/11\/cintillo-arrin-cual-1-300x36.jpg 300w, https:\/\/elmetropolitano.com.gt\/es\/wp-content\/uploads\/2021\/11\/cintillo-arrin-cual-1-600x72.jpg 600w\" sizes=\"(max-width: 750px) 100vw, 750px\" width=\"750\" height=\"90\"   \/><\/a><\/div><\/div>\n\n\n\n<p>El <a><\/a>proceso es parte de la modernizaci\u00f3n integral aduanera, que cuenta con seguimiento y autorizaci\u00f3n del directorio de la SAT, se especific\u00f3 en un comunicado del Ministerio de Finanzas P\u00fablicas (Minfin).<\/p>\n\n\n\n<p>\u00daltima fase<\/p>\n\n\n\n<p>A decir del ministerio, la \u00faltima fase para concretar el proceso de uni\u00f3n aduanera se basa en las \u00e1reas de aduanas, aranceles, reglas de origen, migraci\u00f3n, tributos internos y medidas sanitarias y fitosanitarias.<\/p>\n\n\n\n<p>Adem\u00e1s, la Intendencia de Aduanas de la SAT manifest\u00f3 que el proceso prev\u00e9 finalizarse en junio de este a\u00f1o.<\/p>\n\n\n\n<p>Importancia del procedimiento<\/p>\n\n\n\n<p>La uni\u00f3n aduanera profunda pretende facilitar el intercambio de bienes y, posteriormente, la libe movilidad de personas.<\/p>\n\n\n\n<p>Por ello, alrededor del 70 % de los productos que se comercializan entre Guatemala, Honduras y El Salvador ser\u00e1n beneficiados con el procedimiento.<\/p>\n\n\n\n<p>Estos tendr\u00e1n facilidades comerciales en las aduanas, un arancel externo y un mecanismo de recaudaci\u00f3n, administraci\u00f3n y distribuci\u00f3n de los ingresos tributarios, explic\u00f3 el Minfin.<\/p>\n\n\n\n<p>Asimismo, se promover\u00e1 el uso de la declaraci\u00f3n anticipada de mercanc\u00edas, la modernizaci\u00f3n de las aduanas y la optimizaci\u00f3n en las gestiones de riesgo de las instituciones que intervienen en la frontera. Esto permitir\u00e1 consolidar la informaci\u00f3n en las plataformas regionales establecidas<\/p>\n\n\n\n<p>Texto: Luc\u00eda Contreras<\/p>\n\n\n\n<p><a href=\"https:\/\/www.facebook.com\/hashtag\/metroredes?__eep__=6&amp;__cft__[0]=AZURGfyz73Fuv9HxcFnPoBRsJ5mT9hLk6n0TcyrVo1at2iKMoOtRsUtfS0UETB-P4Ba5fYGpUlGePhfCtNFP1uNUGdwmdhqL9zHQNM76_8C5bCVdB-U6T1SNvm5kjkJSn14gg4Z8COWiG4p8aajOD1steYvgM2YKprZYsoT_on4hdr8f0W35kOCXTrFCg2BCFJM&amp;__tn__=*NK-R\">#metroredes<\/a><a href=\"https:\/\/www.facebook.com\/hashtag\/economia?__eep__=6&amp;__cft__[0]=AZURGfyz73Fuv9HxcFnPoBRsJ5mT9hLk6n0TcyrVo1at2iKMoOtRsUtfS0UETB-P4Ba5fYGpUlGePhfCtNFP1uNUGdwmdhqL9zHQNM76_8C5bCVdB-U6T1SNvm5kjkJSn14gg4Z8COWiG4p8aajOD1steYvgM2YKprZYsoT_on4hdr8f0W35kOCXTrFCg2BCFJM&amp;__tn__=*NK-R\">#Economia<\/a><a href=\"https:\/\/www.facebook.com\/hashtag\/agn?__eep__=6&amp;__cft__[0]=AZURGfyz73Fuv9HxcFnPoBRsJ5mT9hLk6n0TcyrVo1at2iKMoOtRsUtfS0UETB-P4Ba5fYGpUlGePhfCtNFP1uNUGdwmdhqL9zHQNM76_8C5bCVdB-U6T1SNvm5kjkJSn14gg4Z8COWiG4p8aajOD1steYvgM2YKprZYsoT_on4hdr8f0W35kOCXTrFCg2BCFJM&amp;__tn__=*NK-R\">#Agn<\/a><a href=\"https:\/\/www.facebook.com\/hashtag\/satgt?__eep__=6&amp;__cft__[0]=AZURGfyz73Fuv9HxcFnPoBRsJ5mT9hLk6n0TcyrVo1at2iKMoOtRsUtfS0UETB-P4Ba5fYGpUlGePhfCtNFP1uNUGdwmdhqL9zHQNM76_8C5bCVdB-U6T1SNvm5kjkJSn14gg4Z8COWiG4p8aajOD1steYvgM2YKprZYsoT_on4hdr8f0W35kOCXTrFCg2BCFJM&amp;__tn__=*NK-R\">#SATGT<\/a><\/p>\n\n\n\n<p><\/p>\n","protected":false},"excerpt":{"rendered":"<p>La Superintendencia de Administraci\u00f3n Tributaria (SAT) comenz\u00f3 esta semana con la \u00faltima fase del proceso de integraci\u00f3n y uni\u00f3n aduanera profunda de El Salvador, Guatemala y Honduras. Seg\u00fan la instituci\u00f3n, el procedimiento permitir\u00e1 que la econom\u00eda de los pa\u00edses involucrados se dinamice. Esto, a trav\u00e9s del perfeccionamiento de las herramientas para la facilitaci\u00f3n del comercio. <a class=\"read-more\" href=\"https:\/\/elmetropolitano.com.gt\/es\/la-sat-comienza-ultima-fase-de-proceso-de-union-aduanera-profunda\/\">Leer m\u00e1s<\/a><\/p>\n","protected":false},"author":1,"featured_media":64591,"comment_status":"open","ping_status":"closed","sticky":false,"template":"","format":"standard","meta":{"footnotes":""},"categories":[2],"tags":[12],"class_list":["post-64590","post","type-post","status-publish","format-standard","has-post-thumbnail","hentry","category-nacionales","tag-nacionales"],"_links":{"self":[{"href":"https:\/\/elmetropolitano.com.gt\/es\/wp-json\/wp\/v2\/posts\/64590","targetHints":{"allow":["GET"]}}],"collection":[{"href":"https:\/\/elmetropolitano.com.gt\/es\/wp-json\/wp\/v2\/posts"}],"about":[{"href":"https:\/\/elmetropolitano.com.gt\/es\/wp-json\/wp\/v2\/types\/post"}],"author":[{"embeddable":true,"href":"https:\/\/elmetropolitano.com.gt\/es\/wp-json\/wp\/v2\/users\/1"}],"replies":[{"embeddable":true,"href":"https:\/\/elmetropolitano.com.gt\/es\/wp-json\/wp\/v2\/comments?post=64590"}],"version-history":[{"count":1,"href":"https:\/\/elmetropolitano.com.gt\/es\/wp-json\/wp\/v2\/posts\/64590\/revisions"}],"predecessor-version":[{"id":64592,"href":"https:\/\/elmetropolitano.com.gt\/es\/wp-json\/wp\/v2\/posts\/64590\/revisions\/64592"}],"wp:featuredmedia":[{"embeddable":true,"href":"https:\/\/elmetropolitano.com.gt\/es\/wp-json\/wp\/v2\/media\/64591"}],"wp:attachment":[{"href":"https:\/\/elmetropolitano.com.gt\/es\/wp-json\/wp\/v2\/media?parent=64590"}],"wp:term":[{"taxonomy":"category","embeddable":true,"href":"https:\/\/elmetropolitano.com.gt\/es\/wp-json\/wp\/v2\/categories?post=64590"},{"taxonomy":"post_tag","embeddable":true,"href":"https:\/\/elmetropolitano.com.gt\/es\/wp-json\/wp\/v2\/tags?post=64590"}],"curies":[{"name":"wp","href":"https:\/\/api.w.org\/{rel}","templated":true}]}}