{"id":64616,"date":"2023-04-24T14:00:34","date_gmt":"2023-04-24T20:00:34","guid":{"rendered":"https:\/\/elmetropolitano.com.gt\/es\/?p=64616"},"modified":"2023-04-24T14:00:36","modified_gmt":"2023-04-24T20:00:36","slug":"presidente-se-reune-con-becarios-guatemaltecos-en-la-republica-de-china-taiwan","status":"publish","type":"post","link":"https:\/\/elmetropolitano.com.gt\/es\/presidente-se-reune-con-becarios-guatemaltecos-en-la-republica-de-china-taiwan\/","title":{"rendered":"Presidente se re\u00fane con becarios guatemaltecos en la Rep\u00fablica de China (Taiw\u00e1n)"},"content":{"rendered":"\n<p>Un encuentro con becarios guatemaltecos de estudios superiores en universidades de la Rep\u00fablica de China (Taiw\u00e1n) sostuvo este lunes el presidente Alejandro Giammattei.<\/p>\n\n\n\n<p>Esto, como parte de la visita oficial de trabajo que realiza, invitado por las m\u00e1ximas autoridades del pa\u00eds asi\u00e1tico.<\/p><div class=\"elmet-contenido\" id=\"elmet-385013869\"><div class=\"elmet-adlabel\">Anuncios<\/div><div style=\"margin-top: 20px;margin-right: 20px;margin-bottom: 20px;margin-left: 20px;\" id=\"elmet-3869634872\"><a href=\"https:\/\/www.facebook.com\/arrincuanantigua\/\" aria-label=\"cintillo-arrin-cual\"><img loading=\"lazy\" decoding=\"async\" src=\"https:\/\/elmetropolitano.com.gt\/es\/wp-content\/uploads\/2021\/11\/cintillo-arrin-cual-1.jpg\" alt=\"\"  srcset=\"https:\/\/elmetropolitano.com.gt\/es\/wp-content\/uploads\/2021\/11\/cintillo-arrin-cual-1.jpg 750w, https:\/\/elmetropolitano.com.gt\/es\/wp-content\/uploads\/2021\/11\/cintillo-arrin-cual-1-300x36.jpg 300w, https:\/\/elmetropolitano.com.gt\/es\/wp-content\/uploads\/2021\/11\/cintillo-arrin-cual-1-600x72.jpg 600w\" sizes=\"(max-width: 750px) 100vw, 750px\" width=\"750\" height=\"90\"   \/><\/a><\/div><\/div>\n\n\n\n<p>Este <a><\/a>espacio de intercambio con los becarios guatemaltecos en el exterior, una de las primeras actividades de la gira por ese pa\u00eds, fue posible por la iniciativa del mandatario.<\/p>\n\n\n\n<p>El gobernante estuvo acompa\u00f1ado de la titular de la Secretar\u00eda de Planificaci\u00f3n y Programaci\u00f3n de la Presidencia (Segeplan).<\/p>\n\n\n\n<p>Dicha instituci\u00f3n es la gestora del programa de becas del Gobierno.<\/p>\n\n\n\n<p>Ambos funcionarios se reunieron con las y los j\u00f3venes guatemaltecos en la Embajada de Guatemala en la Rep\u00fablica de China (Taiw\u00e1n), en la capital, Taipei.<\/p>\n\n\n\n<p>Sobre el encuentro<\/p>\n\n\n\n<p>En el encuentro, el presidente salud\u00f3 e intercambi\u00f3 ideas, experiencias y an\u00e9cdotas y abord\u00f3 la importancia de la educaci\u00f3n para el desarrollo personal y de Guatemala.<\/p>\n\n\n\n<p>El mandatario hizo un llamamiento a los becarios a que sean la generaci\u00f3n que permita continuar con la senda de desarrollo social y econ\u00f3mico iniciada.<\/p>\n\n\n\n<p>Adem\u00e1s, indic\u00f3 que su \u00e9xito acad\u00e9mico ser\u00e1 el \u00e9xito de todo el pa\u00eds, que les espera para aprender de ellos y de su liderazgo acad\u00e9mico, en un futuro cercano.<\/p>\n\n\n\n<p>En el coloquio se abordaron desaf\u00edos del desarrollo nacional y que estos requieren de la incorporaci\u00f3n de un ingente grupo de profesionales.<\/p>\n\n\n\n<p>Dicha profesionalizaci\u00f3n, que incluye especializaci\u00f3n en las \u00e1reas cient\u00edficas y sociales, adem\u00e1s deber\u00e1 generar inversi\u00f3n en investigaci\u00f3n, ciencia y tecnolog\u00eda, asever\u00f3.<\/p>\n\n\n\n<p>Los becarios expresaron su agradecimiento a la Rep\u00fablica de China (Taiw\u00e1n) por darles esta oportunidad de superarse profesionalmente y como personas.<\/p>\n\n\n\n<p>Adem\u00e1s, reconocieron al Gobierno de Guatemala por el acompa\u00f1amiento que les brinda para hacer realidad sus metas.<\/p>\n\n\n\n<p>La educaci\u00f3n es una de las Prioridades Nacionales de Desarrollo, por lo tanto, es un compromiso establecido en la Pol\u00edtica General de Gobierno 2020-2024.<\/p>\n\n\n\n<p>En esta se reitera como una condici\u00f3n para avanzar hacia el desarrollo del pa\u00eds.<\/p>\n\n\n\n<p>Banco de becas<\/p>\n\n\n\n<p>En su intervenci\u00f3n, la titular de Segeplan se\u00f1al\u00f3 que bajo el liderazgo del presidente de Guatemala se ha impulsado una nueva pol\u00edtica de administraci\u00f3n del banco de becas que ofrece la comunidad internacional.<\/p>\n\n\n\n<p>Lo anterior, mediante el acercamiento de la juventud guatemalteca a las oportunidades de obtenci\u00f3n de becas a trav\u00e9s de espacios importantes.<\/p>\n\n\n\n<p>Entre estos cit\u00f3 la Expo Becas y la Feria Nacional de Becas, como apuesta constante por la inversi\u00f3n en infraestructura (metaverso, espacios atenci\u00f3n personalizada) y personal capacitado para la atenci\u00f3n y asesor\u00eda en la materia, para asegurar que la poblaci\u00f3n guatemalteca no solo conozca la oferta de becas, sino que su obtenci\u00f3n sea una realidad.<\/p>\n\n\n\n<p>La funcionaria tambi\u00e9n destac\u00f3 el fuerte apoyo de la Rep\u00fablica de China (Taiw\u00e1n) para que m\u00e1s guatemaltecos contin\u00faen estudios en los niveles de:<\/p>\n\n\n\n<p>licenciatura<\/p>\n\n\n\n<p>maestr\u00eda<\/p>\n\n\n\n<p>doctorado<\/p>\n\n\n\n<p>La Rep\u00fablica de China (Taiw\u00e1n) ha otorgado becas completas a 410 j\u00f3venes guatemaltecos, quienes han hecho estudios en las mejores universidades de ese pa\u00eds, a trav\u00e9s de los programas ICDF (the International Cooperation and Development Fund) y MOFA (Ministry of Foreign Affairs, por sus siglas en ingl\u00e9s).<\/p>\n\n\n\n<p>El apoyo<\/p>\n\n\n\n<p>Solo durante el actual gobierno, la Rep\u00fablica de China (Taiw\u00e1n) ha otorgado 104 becas completas para estudios superiores, distribuidas as\u00ed:<\/p>\n\n\n\n<p>42 por ciento licenciaturas<\/p>\n\n\n\n<p>55 por ciento maestr\u00edas<\/p>\n\n\n\n<p>3 por ciento doctorados<\/p>\n\n\n\n<p>En tanto, el 54 por ciento de los beneficiarios son hombres, y el 46 por ciento mujeres.<\/p>\n\n\n\n<p>Los otorgamientos seg\u00fan \u00e1rea de estudio son: Ciencias Naturales y exactas (2.70 por ciento); Ingenier\u00eda y Tecnolog\u00eda (27.03 por ciento); Ciencias M\u00e9dicas y de la Salud (2.70 por ciento); Ciencias Sociales (48.65 por ciento); Humanidades y artes (10.81% por ciento) y Arquitectura, urbanismo y dise\u00f1o (8.11 por ciento).<\/p>\n\n\n\n<p>Texto: Brenda Larios<\/p>\n\n\n\n<p>Fotos \u00c1lvaro Dimayuga<\/p>\n\n\n\n<p><a href=\"https:\/\/www.facebook.com\/hashtag\/metroredes?__eep__=6&amp;__cft__[0]=AZXfMNe39vOAwr9GxxfzLiIDv91NeOHrCPBI3MMVGU7mhUB4sktlBQzFvcQHeHOSrfir1iTgl7Kwlq1lY3qaFxS9ogHUMu8yGbmgTHJHQDzEJNEUYrFCM4a4wJ5p7jG65R8GORTjo41i8mvu3JkfEJG6OWpB0al-Ng9az_2VCcobFCRPA8ORYAfTWLSXkQ5Ltvw&amp;__tn__=*NK-R\">#metroredes<\/a><a href=\"https:\/\/www.facebook.com\/hashtag\/visitataiwan?__eep__=6&amp;__cft__[0]=AZXfMNe39vOAwr9GxxfzLiIDv91NeOHrCPBI3MMVGU7mhUB4sktlBQzFvcQHeHOSrfir1iTgl7Kwlq1lY3qaFxS9ogHUMu8yGbmgTHJHQDzEJNEUYrFCM4a4wJ5p7jG65R8GORTjo41i8mvu3JkfEJG6OWpB0al-Ng9az_2VCcobFCRPA8ORYAfTWLSXkQ5Ltvw&amp;__tn__=*NK-R\">#visitaTaiwan<\/a><\/p>\n\n\n\n<figure class=\"wp-block-gallery has-nested-images columns-default is-cropped wp-block-gallery-1 is-layout-flex wp-block-gallery-is-layout-flex\">\n<figure class=\"wp-block-image size-large\"><img loading=\"lazy\" decoding=\"async\" width=\"1024\" height=\"608\" data-id=\"64619\" src=\"https:\/\/elmetropolitano.com.gt\/es\/wp-content\/uploads\/2023\/04\/342338753_1343073136272155_1692553180868416829_n-1024x608.jpg\" alt=\"\" class=\"wp-image-64619\" srcset=\"https:\/\/elmetropolitano.com.gt\/es\/wp-content\/uploads\/2023\/04\/342338753_1343073136272155_1692553180868416829_n-1024x608.jpg 1024w, https:\/\/elmetropolitano.com.gt\/es\/wp-content\/uploads\/2023\/04\/342338753_1343073136272155_1692553180868416829_n-300x178.jpg 300w, https:\/\/elmetropolitano.com.gt\/es\/wp-content\/uploads\/2023\/04\/342338753_1343073136272155_1692553180868416829_n-768x456.jpg 768w, https:\/\/elmetropolitano.com.gt\/es\/wp-content\/uploads\/2023\/04\/342338753_1343073136272155_1692553180868416829_n-600x356.jpg 600w, https:\/\/elmetropolitano.com.gt\/es\/wp-content\/uploads\/2023\/04\/342338753_1343073136272155_1692553180868416829_n.jpg 1170w\" sizes=\"auto, (max-width: 1024px) 100vw, 1024px\" \/><\/figure>\n\n\n\n<figure class=\"wp-block-image size-large\"><img loading=\"lazy\" decoding=\"async\" width=\"960\" height=\"640\" data-id=\"64618\" src=\"https:\/\/elmetropolitano.com.gt\/es\/wp-content\/uploads\/2023\/04\/343004222_6537416442936350_3672197199705393517_n.jpg\" alt=\"\" class=\"wp-image-64618\" srcset=\"https:\/\/elmetropolitano.com.gt\/es\/wp-content\/uploads\/2023\/04\/343004222_6537416442936350_3672197199705393517_n.jpg 960w, https:\/\/elmetropolitano.com.gt\/es\/wp-content\/uploads\/2023\/04\/343004222_6537416442936350_3672197199705393517_n-300x200.jpg 300w, https:\/\/elmetropolitano.com.gt\/es\/wp-content\/uploads\/2023\/04\/343004222_6537416442936350_3672197199705393517_n-768x512.jpg 768w, https:\/\/elmetropolitano.com.gt\/es\/wp-content\/uploads\/2023\/04\/343004222_6537416442936350_3672197199705393517_n-600x400.jpg 600w\" sizes=\"auto, (max-width: 960px) 100vw, 960px\" \/><\/figure>\n\n\n\n<figure class=\"wp-block-image size-large\"><img loading=\"lazy\" decoding=\"async\" width=\"960\" height=\"640\" data-id=\"64620\" src=\"https:\/\/elmetropolitano.com.gt\/es\/wp-content\/uploads\/2023\/04\/343050708_777220657359264_2316933264178782120_n.jpg\" alt=\"\" class=\"wp-image-64620\" srcset=\"https:\/\/elmetropolitano.com.gt\/es\/wp-content\/uploads\/2023\/04\/343050708_777220657359264_2316933264178782120_n.jpg 960w, https:\/\/elmetropolitano.com.gt\/es\/wp-content\/uploads\/2023\/04\/343050708_777220657359264_2316933264178782120_n-300x200.jpg 300w, https:\/\/elmetropolitano.com.gt\/es\/wp-content\/uploads\/2023\/04\/343050708_777220657359264_2316933264178782120_n-768x512.jpg 768w, https:\/\/elmetropolitano.com.gt\/es\/wp-content\/uploads\/2023\/04\/343050708_777220657359264_2316933264178782120_n-600x400.jpg 600w\" sizes=\"auto, (max-width: 960px) 100vw, 960px\" \/><\/figure>\n\n\n\n<figure class=\"wp-block-image size-large\"><img loading=\"lazy\" decoding=\"async\" width=\"960\" height=\"682\" data-id=\"64621\" src=\"https:\/\/elmetropolitano.com.gt\/es\/wp-content\/uploads\/2023\/04\/343122366_4605252032931892_3622186391539497081_n.jpg\" alt=\"\" class=\"wp-image-64621\" srcset=\"https:\/\/elmetropolitano.com.gt\/es\/wp-content\/uploads\/2023\/04\/343122366_4605252032931892_3622186391539497081_n.jpg 960w, https:\/\/elmetropolitano.com.gt\/es\/wp-content\/uploads\/2023\/04\/343122366_4605252032931892_3622186391539497081_n-300x213.jpg 300w, https:\/\/elmetropolitano.com.gt\/es\/wp-content\/uploads\/2023\/04\/343122366_4605252032931892_3622186391539497081_n-768x546.jpg 768w, https:\/\/elmetropolitano.com.gt\/es\/wp-content\/uploads\/2023\/04\/343122366_4605252032931892_3622186391539497081_n-600x426.jpg 600w\" sizes=\"auto, (max-width: 960px) 100vw, 960px\" \/><\/figure>\n\n\n\n<figure class=\"wp-block-image size-large\"><img loading=\"lazy\" decoding=\"async\" width=\"960\" height=\"646\" data-id=\"64622\" src=\"https:\/\/elmetropolitano.com.gt\/es\/wp-content\/uploads\/2023\/04\/343319184_633028004822025_8417004645831230631_n.jpg\" alt=\"\" class=\"wp-image-64622\" srcset=\"https:\/\/elmetropolitano.com.gt\/es\/wp-content\/uploads\/2023\/04\/343319184_633028004822025_8417004645831230631_n.jpg 960w, https:\/\/elmetropolitano.com.gt\/es\/wp-content\/uploads\/2023\/04\/343319184_633028004822025_8417004645831230631_n-300x202.jpg 300w, https:\/\/elmetropolitano.com.gt\/es\/wp-content\/uploads\/2023\/04\/343319184_633028004822025_8417004645831230631_n-768x517.jpg 768w, https:\/\/elmetropolitano.com.gt\/es\/wp-content\/uploads\/2023\/04\/343319184_633028004822025_8417004645831230631_n-600x404.jpg 600w\" sizes=\"auto, (max-width: 960px) 100vw, 960px\" \/><\/figure>\n<\/figure>\n","protected":false},"excerpt":{"rendered":"<p>Un encuentro con becarios guatemaltecos de estudios superiores en universidades de la Rep\u00fablica de China (Taiw\u00e1n) sostuvo este lunes el presidente Alejandro Giammattei. Esto, como parte de la visita oficial de trabajo que realiza, invitado por las m\u00e1ximas autoridades del pa\u00eds asi\u00e1tico. Este espacio de intercambio con los becarios guatemaltecos en el exterior, una de <a class=\"read-more\" href=\"https:\/\/elmetropolitano.com.gt\/es\/presidente-se-reune-con-becarios-guatemaltecos-en-la-republica-de-china-taiwan\/\">Leer m\u00e1s<\/a><\/p>\n","protected":false},"author":1,"featured_media":64617,"comment_status":"open","ping_status":"closed","sticky":false,"template":"","format":"standard","meta":{"footnotes":""},"categories":[2],"tags":[12],"class_list":["post-64616","post","type-post","status-publish","format-standard","has-post-thumbnail","hentry","category-nacionales","tag-nacionales"],"_links":{"self":[{"href":"https:\/\/elmetropolitano.com.gt\/es\/wp-json\/wp\/v2\/posts\/64616","targetHints":{"allow":["GET"]}}],"collection":[{"href":"https:\/\/elmetropolitano.com.gt\/es\/wp-json\/wp\/v2\/posts"}],"about":[{"href":"https:\/\/elmetropolitano.com.gt\/es\/wp-json\/wp\/v2\/types\/post"}],"author":[{"embeddable":true,"href":"https:\/\/elmetropolitano.com.gt\/es\/wp-json\/wp\/v2\/users\/1"}],"replies":[{"embeddable":true,"href":"https:\/\/elmetropolitano.com.gt\/es\/wp-json\/wp\/v2\/comments?post=64616"}],"version-history":[{"count":1,"href":"https:\/\/elmetropolitano.com.gt\/es\/wp-json\/wp\/v2\/posts\/64616\/revisions"}],"predecessor-version":[{"id":64623,"href":"https:\/\/elmetropolitano.com.gt\/es\/wp-json\/wp\/v2\/posts\/64616\/revisions\/64623"}],"wp:featuredmedia":[{"embeddable":true,"href":"https:\/\/elmetropolitano.com.gt\/es\/wp-json\/wp\/v2\/media\/64617"}],"wp:attachment":[{"href":"https:\/\/elmetropolitano.com.gt\/es\/wp-json\/wp\/v2\/media?parent=64616"}],"wp:term":[{"taxonomy":"category","embeddable":true,"href":"https:\/\/elmetropolitano.com.gt\/es\/wp-json\/wp\/v2\/categories?post=64616"},{"taxonomy":"post_tag","embeddable":true,"href":"https:\/\/elmetropolitano.com.gt\/es\/wp-json\/wp\/v2\/tags?post=64616"}],"curies":[{"name":"wp","href":"https:\/\/api.w.org\/{rel}","templated":true}]}}