{"id":64640,"date":"2023-04-25T10:02:12","date_gmt":"2023-04-25T16:02:12","guid":{"rendered":"https:\/\/elmetropolitano.com.gt\/es\/?p=64640"},"modified":"2023-04-25T10:02:54","modified_gmt":"2023-04-25T16:02:54","slug":"mulet-propone-seguridad-24-7-en-el-plan-de-gobierno","status":"publish","type":"post","link":"https:\/\/elmetropolitano.com.gt\/es\/mulet-propone-seguridad-24-7-en-el-plan-de-gobierno\/","title":{"rendered":"Mulet propone seguridad 24\/7 en el plan de gobierno"},"content":{"rendered":"\n<p>Seguridad por parte de agentes de la Polic\u00eda Nacional Civil (PNC) y del Ej\u00e9rcito, las 24 horas del d\u00eda durante los siete d\u00edas a la semana es la propuesta del candidato a la presidencia por el partido CABAL, Edmund Mulet.<\/p>\n\n\n\n<p>\u201cLa <a><\/a>inseguridad que se vive en Guatemala rebas\u00f3 todos los l\u00edmites de tolerancia de sus habitantes, cada d\u00eda familias est\u00e1n de luto ante el asesinato de uno de sus seres queridos. Los<\/p><div class=\"elmet-contenido\" id=\"elmet-2254979360\"><div class=\"elmet-adlabel\">Anuncios<\/div><div style=\"margin-top: 20px;margin-right: 20px;margin-bottom: 20px;margin-left: 20px;\" id=\"elmet-3951102427\"><a href=\"https:\/\/www.facebook.com\/arrincuanantigua\/\" aria-label=\"cintillo-arrin-cual\"><img loading=\"lazy\" decoding=\"async\" src=\"https:\/\/elmetropolitano.com.gt\/es\/wp-content\/uploads\/2021\/11\/cintillo-arrin-cual-1.jpg\" alt=\"\"  srcset=\"https:\/\/elmetropolitano.com.gt\/es\/wp-content\/uploads\/2021\/11\/cintillo-arrin-cual-1.jpg 750w, https:\/\/elmetropolitano.com.gt\/es\/wp-content\/uploads\/2021\/11\/cintillo-arrin-cual-1-300x36.jpg 300w, https:\/\/elmetropolitano.com.gt\/es\/wp-content\/uploads\/2021\/11\/cintillo-arrin-cual-1-600x72.jpg 600w\" sizes=\"(max-width: 750px) 100vw, 750px\" width=\"750\" height=\"90\"   \/><\/a><\/div><\/div>\n\n\n\n<p>gobiernos pasados han sido incompetentes y desinteresados en combatir la delincuencia y el<\/p>\n\n\n\n<p>crimen organizado, los cuales tienen a la poblaci\u00f3n hincada\u00bb, expres\u00f3 Mulet durante la conferencia de prensa que ofreci\u00f3 hoy en el Restaurante El Adobe de la zona uno.<\/p>\n\n\n\n<p>A la vez de indicar que una de sus afiliadas le relat\u00f3 que para estos d\u00edas de Semana Santa, su hijo fue baleado en un asalto y que \u00abmilagrosamente\u00bb vive.<\/p>\n\n\n\n<p>Por ello, dice que su partido pol\u00edtico CABAL, desarroll\u00f3 el plan de Seguridad Total 24\/7, que combatir\u00e1 la inseguridad y le devolver\u00e1 a Guatemala la paz que sus habitantes merecen para estudiar, trabajar, emprender, recrearse y vivir libremente, un derecho que se ha visto violado.<\/p>\n\n\n\n<p>La violencia en Guatemala est\u00e1 concentrada en 200 barrios, cantones y comunidades, localizados en diferentes 25 municipios, en su mayor\u00eda \u00e1reas urbanas y periurbanas, all\u00ed se ubican las zonas rojas.<\/p>\n\n\n\n<p>Para enfrentar esta situaci\u00f3n es necesario: como hizo en Hait\u00ed en el 2006, una intervenci\u00f3n total con presencia f\u00edsica, 24 horas, de fuerzas combinadas entre el Ej\u00e9rcito y la PNC. La permanencia m\u00ednima ser\u00e1 de 18 meses.<\/p>\n\n\n\n<p>Se implementar\u00e1n mini destacamentos y subestaciones policiales. \u00bb no se tendr\u00e1 miedo a enfrentar a los delincuentes\u00bb, dice.<\/p>\n\n\n\n<p>Asegura que tendr\u00e1 las agencias de inteligencia del Gobierno, que deber\u00e1n ser utilizadas para recabar<\/p>\n\n\n\n<p>informaci\u00f3n que permita conocer los puntos d\u00e9biles y atacarlos con pol\u00edticas espec\u00edficas por \u00e1rea. Las comunidades intervenidas contar\u00e1n con el apoyo interinstitucional de los ministerios del Estado para optimizar sus condiciones de vida.<\/p>\n\n\n\n<p>Dentro sus novedades que dice tener es la instalaci\u00f3n de c\u00e1maras en cada cuadra del pa\u00eds, ser\u00e1n alimentadas por el Internet Wi-Fi y energ\u00eda solar. \u00abPara esto, durante los cuatro a\u00f1os de gobierno, tendremos una inversi\u00f3n de Q240 mil millones\u00bb, revel\u00f3 su candidato a diputado Julio H\u00e9ctor Estrada.<\/p>\n\n\n\n<p>Texto Francisco Javier Hurtarte<\/p>\n\n\n\n<p><a href=\"https:\/\/www.facebook.com\/hashtag\/metroredes?__eep__=6&amp;__cft__[0]=AZW6L9lK2P6KA28NeMBUNUxSw9TpkQ-xHlrtM7xIAWebpyOUYH-oAFNAmZ8rGGwbUTK3_bh45GJbIBiu2FCDPRLx135e0_h8Sy_Luwxqbs_8kP8wiwDI3yUQ9wEDVWK9toFgUVFzRwgHbjP2Erap5M1vn-LpRRwUCc5OgSIfimh6xg65L6Hy-6fRziw5XHx8lnI&amp;__tn__=*NK-R\">#metroredes<\/a><a href=\"https:\/\/www.facebook.com\/hashtag\/partidocabal?__eep__=6&amp;__cft__[0]=AZW6L9lK2P6KA28NeMBUNUxSw9TpkQ-xHlrtM7xIAWebpyOUYH-oAFNAmZ8rGGwbUTK3_bh45GJbIBiu2FCDPRLx135e0_h8Sy_Luwxqbs_8kP8wiwDI3yUQ9wEDVWK9toFgUVFzRwgHbjP2Erap5M1vn-LpRRwUCc5OgSIfimh6xg65L6Hy-6fRziw5XHx8lnI&amp;__tn__=*NK-R\">#PartidoCabal<\/a><a href=\"https:\/\/www.facebook.com\/hashtag\/seguridadciudadana?__eep__=6&amp;__cft__[0]=AZW6L9lK2P6KA28NeMBUNUxSw9TpkQ-xHlrtM7xIAWebpyOUYH-oAFNAmZ8rGGwbUTK3_bh45GJbIBiu2FCDPRLx135e0_h8Sy_Luwxqbs_8kP8wiwDI3yUQ9wEDVWK9toFgUVFzRwgHbjP2Erap5M1vn-LpRRwUCc5OgSIfimh6xg65L6Hy-6fRziw5XHx8lnI&amp;__tn__=*NK-R\">#SeguridadCiudadana<\/a><\/p>\n\n\n\n<p><\/p>\n","protected":false},"excerpt":{"rendered":"<p>Seguridad por parte de agentes de la Polic\u00eda Nacional Civil (PNC) y del Ej\u00e9rcito, las 24 horas del d\u00eda durante los siete d\u00edas a la semana es la propuesta del candidato a la presidencia por el partido CABAL, Edmund Mulet. \u201cLa inseguridad que se vive en Guatemala rebas\u00f3 todos los l\u00edmites de tolerancia de sus <a class=\"read-more\" href=\"https:\/\/elmetropolitano.com.gt\/es\/mulet-propone-seguridad-24-7-en-el-plan-de-gobierno\/\">Leer m\u00e1s<\/a><\/p>\n","protected":false},"author":1,"featured_media":64641,"comment_status":"open","ping_status":"closed","sticky":false,"template":"","format":"standard","meta":{"footnotes":""},"categories":[97],"tags":[98],"class_list":["post-64640","post","type-post","status-publish","format-standard","has-post-thumbnail","hentry","category-politica","tag-politica"],"_links":{"self":[{"href":"https:\/\/elmetropolitano.com.gt\/es\/wp-json\/wp\/v2\/posts\/64640","targetHints":{"allow":["GET"]}}],"collection":[{"href":"https:\/\/elmetropolitano.com.gt\/es\/wp-json\/wp\/v2\/posts"}],"about":[{"href":"https:\/\/elmetropolitano.com.gt\/es\/wp-json\/wp\/v2\/types\/post"}],"author":[{"embeddable":true,"href":"https:\/\/elmetropolitano.com.gt\/es\/wp-json\/wp\/v2\/users\/1"}],"replies":[{"embeddable":true,"href":"https:\/\/elmetropolitano.com.gt\/es\/wp-json\/wp\/v2\/comments?post=64640"}],"version-history":[{"count":1,"href":"https:\/\/elmetropolitano.com.gt\/es\/wp-json\/wp\/v2\/posts\/64640\/revisions"}],"predecessor-version":[{"id":64642,"href":"https:\/\/elmetropolitano.com.gt\/es\/wp-json\/wp\/v2\/posts\/64640\/revisions\/64642"}],"wp:featuredmedia":[{"embeddable":true,"href":"https:\/\/elmetropolitano.com.gt\/es\/wp-json\/wp\/v2\/media\/64641"}],"wp:attachment":[{"href":"https:\/\/elmetropolitano.com.gt\/es\/wp-json\/wp\/v2\/media?parent=64640"}],"wp:term":[{"taxonomy":"category","embeddable":true,"href":"https:\/\/elmetropolitano.com.gt\/es\/wp-json\/wp\/v2\/categories?post=64640"},{"taxonomy":"post_tag","embeddable":true,"href":"https:\/\/elmetropolitano.com.gt\/es\/wp-json\/wp\/v2\/tags?post=64640"}],"curies":[{"name":"wp","href":"https:\/\/api.w.org\/{rel}","templated":true}]}}