{"id":64650,"date":"2023-04-25T10:16:00","date_gmt":"2023-04-25T16:16:00","guid":{"rendered":"https:\/\/elmetropolitano.com.gt\/es\/?p=64650"},"modified":"2023-04-25T10:16:01","modified_gmt":"2023-04-25T16:16:01","slug":"giammattei-asiste-a-cena-de-honor-en-republica-de-china-taiwan","status":"publish","type":"post","link":"https:\/\/elmetropolitano.com.gt\/es\/giammattei-asiste-a-cena-de-honor-en-republica-de-china-taiwan\/","title":{"rendered":"Giammattei asiste a cena de honor en Rep\u00fablica de China (Taiw\u00e1n)"},"content":{"rendered":"\n<p>El jefe del Gobierno de Guatemala, acompa\u00f1ado de su comitiva, asisti\u00f3 a una cena de honor que promovi\u00f3 la Rep\u00fablica de China (Taiw\u00e1n). La cena se efectu\u00f3 en la Casa de Hu\u00e9spedes de Taip\u00e9i, en el pa\u00eds asi\u00e1tico.<\/p>\n\n\n\n<p>Las <a><\/a>conversaciones se centraron en la cooperaci\u00f3n bilateral, pr\u00f3spera y mutuamente beneficiosa y la participaci\u00f3n internacional de ambos pa\u00edses, se\u00f1al\u00f3 el Ministerio de Relaciones Exteriores taiwan\u00e9s en sus redes sociales.<\/p><div class=\"elmet-contenido\" id=\"elmet-2464675024\"><div class=\"elmet-adlabel\">Anuncios<\/div><div style=\"margin-top: 20px;margin-right: 20px;margin-bottom: 20px;margin-left: 20px;\" id=\"elmet-2093216400\"><a href=\"https:\/\/www.facebook.com\/arrincuanantigua\/\" aria-label=\"cintillo-arrin-cual\"><img loading=\"lazy\" decoding=\"async\" src=\"https:\/\/elmetropolitano.com.gt\/es\/wp-content\/uploads\/2021\/11\/cintillo-arrin-cual-1.jpg\" alt=\"\"  srcset=\"https:\/\/elmetropolitano.com.gt\/es\/wp-content\/uploads\/2021\/11\/cintillo-arrin-cual-1.jpg 750w, https:\/\/elmetropolitano.com.gt\/es\/wp-content\/uploads\/2021\/11\/cintillo-arrin-cual-1-300x36.jpg 300w, https:\/\/elmetropolitano.com.gt\/es\/wp-content\/uploads\/2021\/11\/cintillo-arrin-cual-1-600x72.jpg 600w\" sizes=\"(max-width: 750px) 100vw, 750px\" width=\"750\" height=\"90\"   \/><\/a><\/div><\/div>\n\n\n\n<p>La cartera manifest\u00f3 su satisfacci\u00f3n por contar con la c\u00e1lida y genuina amistad del aliado Guatemala.<\/p>\n\n\n\n<p>Primer d\u00eda de trabajo<\/p>\n\n\n\n<p>El Presidente de Guatemala arrib\u00f3 este domingo a la Rep\u00fablica de China (Taiw\u00e1n) para comenzar con una gira de trabajo en dicho pa\u00eds.<\/p>\n\n\n\n<p>El objetivo de la visita del jefe del Ejecutivo es reforzar la amistad y cooperaci\u00f3n bilateral entre Guatemala y la Rep\u00fablica de China (Taiw\u00e1n).<\/p>\n\n\n\n<p>Como parte del primer d\u00eda de trabajo, el Presidente guatemalteco particip\u00f3 en un seminario sobre las oportunidades de comercio e inversi\u00f3n que tiene la naci\u00f3n centroamericana.<\/p>\n\n\n\n<p>En dicho evento tambi\u00e9n participaron los ministros de Econom\u00eda, de Relaciones Exteriores y de Finanzas; as\u00ed como el presidente del Banco de Guatemala.<\/p>\n\n\n\n<p>Posteriormente, se visit\u00f3 la Embajada de la Rep\u00fablica de Guatemala en la Rep\u00fablica de China (Taiw\u00e1n). En dicho lugar, adem\u00e1s, la comitiva se reuni\u00f3 con becarios en el pa\u00eds.<\/p>\n\n\n\n<p>En el encuentro, el jefe del Ejecutivo intercambi\u00f3 ideas y experiencias con los becarios. Asimismo, destac\u00f3 la importancia que tiene la educaci\u00f3n para el desarrollo personal y de la naci\u00f3n.<\/p>\n\n\n\n<p>Otras actividades<\/p>\n\n\n\n<p>La agenda de trabajo del mandatario tambi\u00e9n incluye su participaci\u00f3n en una ceremonia de bienvenida con honores militares.<\/p>\n\n\n\n<p>Asimismo, sostendr\u00e1 un encuentro con su hom\u00f3loga taiwanesa, la excelent\u00edsima se\u00f1ora doctora Tsai Ing-wen.<\/p>\n\n\n\n<p>En dicha reuni\u00f3n, ambos presidentes dialogar\u00e1n sobre temas de inter\u00e9s com\u00fan para robustecer su relaci\u00f3n<\/p>\n\n\n\n<p><a href=\"https:\/\/www.facebook.com\/hashtag\/metroredes?__eep__=6&amp;__cft__[0]=AZX8el8NhltMrQx72H2PI4zz_ZCtIOFtXxC1S7SV_Qy0C9KXxCFSIDVQdpILJzHTIh9WYL4ec-KRZaaY28dbdhygJyCBN4ZV6ce7nBB3a2ZRv_upIBYiNgBETJFm550cVlFgqSCRUPmBkeUUe33hTcqmUhN7kdlO5a-PxffDTGDdqBSK88HfTtzQlSkvfNM5b7k&amp;__tn__=*NK-R\">#metroredes<\/a><a href=\"https:\/\/www.facebook.com\/hashtag\/visitataiwan?__eep__=6&amp;__cft__[0]=AZX8el8NhltMrQx72H2PI4zz_ZCtIOFtXxC1S7SV_Qy0C9KXxCFSIDVQdpILJzHTIh9WYL4ec-KRZaaY28dbdhygJyCBN4ZV6ce7nBB3a2ZRv_upIBYiNgBETJFm550cVlFgqSCRUPmBkeUUe33hTcqmUhN7kdlO5a-PxffDTGDdqBSK88HfTtzQlSkvfNM5b7k&amp;__tn__=*NK-R\">#visitataiwan<\/a><\/p>\n\n\n\n<figure class=\"wp-block-gallery has-nested-images columns-default is-cropped wp-block-gallery-1 is-layout-flex wp-block-gallery-is-layout-flex\">\n<figure class=\"wp-block-image size-large\"><img loading=\"lazy\" decoding=\"async\" width=\"1024\" height=\"683\" data-id=\"64653\" src=\"https:\/\/elmetropolitano.com.gt\/es\/wp-content\/uploads\/2023\/04\/342342893_2273959359607302_8254205723670439775_n-1024x683.jpg\" alt=\"\" class=\"wp-image-64653\" srcset=\"https:\/\/elmetropolitano.com.gt\/es\/wp-content\/uploads\/2023\/04\/342342893_2273959359607302_8254205723670439775_n-1024x683.jpg 1024w, https:\/\/elmetropolitano.com.gt\/es\/wp-content\/uploads\/2023\/04\/342342893_2273959359607302_8254205723670439775_n-300x200.jpg 300w, https:\/\/elmetropolitano.com.gt\/es\/wp-content\/uploads\/2023\/04\/342342893_2273959359607302_8254205723670439775_n-768x512.jpg 768w, https:\/\/elmetropolitano.com.gt\/es\/wp-content\/uploads\/2023\/04\/342342893_2273959359607302_8254205723670439775_n-1536x1025.jpg 1536w, https:\/\/elmetropolitano.com.gt\/es\/wp-content\/uploads\/2023\/04\/342342893_2273959359607302_8254205723670439775_n-600x400.jpg 600w, https:\/\/elmetropolitano.com.gt\/es\/wp-content\/uploads\/2023\/04\/342342893_2273959359607302_8254205723670439775_n.jpg 2048w\" sizes=\"auto, (max-width: 1024px) 100vw, 1024px\" \/><\/figure>\n\n\n\n<figure class=\"wp-block-image size-large\"><img loading=\"lazy\" decoding=\"async\" width=\"683\" height=\"1024\" data-id=\"64652\" src=\"https:\/\/elmetropolitano.com.gt\/es\/wp-content\/uploads\/2023\/04\/342361992_5938966152819375_7008145784117956790_n-683x1024.jpg\" alt=\"\" class=\"wp-image-64652\" srcset=\"https:\/\/elmetropolitano.com.gt\/es\/wp-content\/uploads\/2023\/04\/342361992_5938966152819375_7008145784117956790_n-683x1024.jpg 683w, https:\/\/elmetropolitano.com.gt\/es\/wp-content\/uploads\/2023\/04\/342361992_5938966152819375_7008145784117956790_n-200x300.jpg 200w, https:\/\/elmetropolitano.com.gt\/es\/wp-content\/uploads\/2023\/04\/342361992_5938966152819375_7008145784117956790_n-768x1151.jpg 768w, https:\/\/elmetropolitano.com.gt\/es\/wp-content\/uploads\/2023\/04\/342361992_5938966152819375_7008145784117956790_n-1025x1536.jpg 1025w, https:\/\/elmetropolitano.com.gt\/es\/wp-content\/uploads\/2023\/04\/342361992_5938966152819375_7008145784117956790_n-600x900.jpg 600w, https:\/\/elmetropolitano.com.gt\/es\/wp-content\/uploads\/2023\/04\/342361992_5938966152819375_7008145784117956790_n.jpg 1366w\" sizes=\"auto, (max-width: 683px) 100vw, 683px\" \/><\/figure>\n\n\n\n<figure class=\"wp-block-image size-large\"><img loading=\"lazy\" decoding=\"async\" width=\"1024\" height=\"683\" data-id=\"64654\" src=\"https:\/\/elmetropolitano.com.gt\/es\/wp-content\/uploads\/2023\/04\/342802711_611897960824812_5383433051838676238_n-1024x683.jpg\" alt=\"\" class=\"wp-image-64654\" srcset=\"https:\/\/elmetropolitano.com.gt\/es\/wp-content\/uploads\/2023\/04\/342802711_611897960824812_5383433051838676238_n-1024x683.jpg 1024w, https:\/\/elmetropolitano.com.gt\/es\/wp-content\/uploads\/2023\/04\/342802711_611897960824812_5383433051838676238_n-300x200.jpg 300w, https:\/\/elmetropolitano.com.gt\/es\/wp-content\/uploads\/2023\/04\/342802711_611897960824812_5383433051838676238_n-768x512.jpg 768w, https:\/\/elmetropolitano.com.gt\/es\/wp-content\/uploads\/2023\/04\/342802711_611897960824812_5383433051838676238_n-1536x1025.jpg 1536w, https:\/\/elmetropolitano.com.gt\/es\/wp-content\/uploads\/2023\/04\/342802711_611897960824812_5383433051838676238_n-600x400.jpg 600w, https:\/\/elmetropolitano.com.gt\/es\/wp-content\/uploads\/2023\/04\/342802711_611897960824812_5383433051838676238_n.jpg 2048w\" sizes=\"auto, (max-width: 1024px) 100vw, 1024px\" \/><\/figure>\n<\/figure>\n","protected":false},"excerpt":{"rendered":"<p>El jefe del Gobierno de Guatemala, acompa\u00f1ado de su comitiva, asisti\u00f3 a una cena de honor que promovi\u00f3 la Rep\u00fablica de China (Taiw\u00e1n). La cena se efectu\u00f3 en la Casa de Hu\u00e9spedes de Taip\u00e9i, en el pa\u00eds asi\u00e1tico. Las conversaciones se centraron en la cooperaci\u00f3n bilateral, pr\u00f3spera y mutuamente beneficiosa y la participaci\u00f3n internacional de <a class=\"read-more\" href=\"https:\/\/elmetropolitano.com.gt\/es\/giammattei-asiste-a-cena-de-honor-en-republica-de-china-taiwan\/\">Leer m\u00e1s<\/a><\/p>\n","protected":false},"author":1,"featured_media":64651,"comment_status":"open","ping_status":"closed","sticky":false,"template":"","format":"standard","meta":{"footnotes":""},"categories":[2],"tags":[12],"class_list":["post-64650","post","type-post","status-publish","format-standard","has-post-thumbnail","hentry","category-nacionales","tag-nacionales"],"_links":{"self":[{"href":"https:\/\/elmetropolitano.com.gt\/es\/wp-json\/wp\/v2\/posts\/64650","targetHints":{"allow":["GET"]}}],"collection":[{"href":"https:\/\/elmetropolitano.com.gt\/es\/wp-json\/wp\/v2\/posts"}],"about":[{"href":"https:\/\/elmetropolitano.com.gt\/es\/wp-json\/wp\/v2\/types\/post"}],"author":[{"embeddable":true,"href":"https:\/\/elmetropolitano.com.gt\/es\/wp-json\/wp\/v2\/users\/1"}],"replies":[{"embeddable":true,"href":"https:\/\/elmetropolitano.com.gt\/es\/wp-json\/wp\/v2\/comments?post=64650"}],"version-history":[{"count":1,"href":"https:\/\/elmetropolitano.com.gt\/es\/wp-json\/wp\/v2\/posts\/64650\/revisions"}],"predecessor-version":[{"id":64655,"href":"https:\/\/elmetropolitano.com.gt\/es\/wp-json\/wp\/v2\/posts\/64650\/revisions\/64655"}],"wp:featuredmedia":[{"embeddable":true,"href":"https:\/\/elmetropolitano.com.gt\/es\/wp-json\/wp\/v2\/media\/64651"}],"wp:attachment":[{"href":"https:\/\/elmetropolitano.com.gt\/es\/wp-json\/wp\/v2\/media?parent=64650"}],"wp:term":[{"taxonomy":"category","embeddable":true,"href":"https:\/\/elmetropolitano.com.gt\/es\/wp-json\/wp\/v2\/categories?post=64650"},{"taxonomy":"post_tag","embeddable":true,"href":"https:\/\/elmetropolitano.com.gt\/es\/wp-json\/wp\/v2\/tags?post=64650"}],"curies":[{"name":"wp","href":"https:\/\/api.w.org\/{rel}","templated":true}]}}