{"id":64657,"date":"2023-04-25T10:21:34","date_gmt":"2023-04-25T16:21:34","guid":{"rendered":"https:\/\/elmetropolitano.com.gt\/es\/?p=64657"},"modified":"2023-04-25T10:21:35","modified_gmt":"2023-04-25T16:21:35","slug":"estados-unidos-biden-anuncia-que-se-presentara-a-la-reeleccion-como-presidente-en-2024","status":"publish","type":"post","link":"https:\/\/elmetropolitano.com.gt\/es\/estados-unidos-biden-anuncia-que-se-presentara-a-la-reeleccion-como-presidente-en-2024\/","title":{"rendered":"Estados Unidos: Biden anuncia que se presentar\u00e1 a la reelecci\u00f3n como presidente en 2024"},"content":{"rendered":"\n<p>El presidente estadounidense, Joe Biden, anunci\u00f3que se presentar\u00e1 a un segundo mandato el a\u00f1o que viene a nombre del partido dem\u00f3crata.<\/p>\n\n\n\n<p><a><\/a>Biden confirm\u00f3 la noticia en un mensaje de video de tres minutos bajo el t\u00edtulo \u00abLet&#8217;s Finish the Job\u00bb (Acabemos el trabajo) centrado en la protecci\u00f3n de las libertades personales, donde traz\u00f3 una clara l\u00ednea divisoria entre su partido y el republicano.<\/p><div class=\"elmet-contenido\" id=\"elmet-3154652488\"><div class=\"elmet-adlabel\">Anuncios<\/div><div style=\"margin-top: 20px;margin-right: 20px;margin-bottom: 20px;margin-left: 20px;\" id=\"elmet-3346610861\"><a href=\"https:\/\/www.facebook.com\/arrincuanantigua\/\" aria-label=\"cintillo-arrin-cual\"><img loading=\"lazy\" decoding=\"async\" src=\"https:\/\/elmetropolitano.com.gt\/es\/wp-content\/uploads\/2021\/11\/cintillo-arrin-cual-1.jpg\" alt=\"\"  srcset=\"https:\/\/elmetropolitano.com.gt\/es\/wp-content\/uploads\/2021\/11\/cintillo-arrin-cual-1.jpg 750w, https:\/\/elmetropolitano.com.gt\/es\/wp-content\/uploads\/2021\/11\/cintillo-arrin-cual-1-300x36.jpg 300w, https:\/\/elmetropolitano.com.gt\/es\/wp-content\/uploads\/2021\/11\/cintillo-arrin-cual-1-600x72.jpg 600w\" sizes=\"(max-width: 750px) 100vw, 750px\" width=\"750\" height=\"90\"   \/><\/a><\/div><\/div>\n\n\n\n<p>Se cumplen exactamente cuatro a\u00f1os desde que anunci\u00f3 por primera vez su candidatura a la Casa Blanca en las \u00faltimas elecciones.<\/p>\n\n\n\n<p>Con Donald Trump como favorito para hacerse con la nominaci\u00f3n republicana, Estados Unidos parece abocado a una posible repetici\u00f3n de las re\u00f1idas elecciones de 2020.<\/p>\n\n\n\n<p>Biden tendr\u00e1 ochenta y un a\u00f1os el d\u00eda de las elecciones de noviembre de 2024, lo que le convierte en el candidato de m\u00e1s edad que se presenta a la reelecci\u00f3n.<\/p>\n\n\n\n<p>El panorama ha cambiado notablemente desde su campa\u00f1a de hace cuatro a\u00f1os.<\/p>\n\n\n\n<p>El pa\u00eds sigue lidiando con las cicatrices de una pandemia que se cobr\u00f3 m\u00e1s de 1,1 millones de vidas y con una inflaci\u00f3n que ha disminuido desde m\u00e1ximos hist\u00f3ricos, pero que sigue siendo problem\u00e1tica para los consumidores.<\/p>\n\n\n\n<p>Los estadounidenses siguen profundamente divididos, convulsionados por la p\u00e9rdida del derecho federal al aborto, los tiroteos masivos y los desastres clim\u00e1ticos.<\/p>\n\n\n\n<p>#metroredes<\/p>\n\n\n\n<p><\/p>\n","protected":false},"excerpt":{"rendered":"<p>El presidente estadounidense, Joe Biden, anunci\u00f3que se presentar\u00e1 a un segundo mandato el a\u00f1o que viene a nombre del partido dem\u00f3crata. Biden confirm\u00f3 la noticia en un mensaje de video de tres minutos bajo el t\u00edtulo \u00abLet&#8217;s Finish the Job\u00bb (Acabemos el trabajo) centrado en la protecci\u00f3n de las libertades personales, donde traz\u00f3 una clara <a class=\"read-more\" href=\"https:\/\/elmetropolitano.com.gt\/es\/estados-unidos-biden-anuncia-que-se-presentara-a-la-reeleccion-como-presidente-en-2024\/\">Leer m\u00e1s<\/a><\/p>\n","protected":false},"author":1,"featured_media":64658,"comment_status":"open","ping_status":"closed","sticky":false,"template":"","format":"standard","meta":{"footnotes":""},"categories":[14],"tags":[15],"class_list":["post-64657","post","type-post","status-publish","format-standard","has-post-thumbnail","hentry","category-internacionales","tag-internacionales"],"_links":{"self":[{"href":"https:\/\/elmetropolitano.com.gt\/es\/wp-json\/wp\/v2\/posts\/64657","targetHints":{"allow":["GET"]}}],"collection":[{"href":"https:\/\/elmetropolitano.com.gt\/es\/wp-json\/wp\/v2\/posts"}],"about":[{"href":"https:\/\/elmetropolitano.com.gt\/es\/wp-json\/wp\/v2\/types\/post"}],"author":[{"embeddable":true,"href":"https:\/\/elmetropolitano.com.gt\/es\/wp-json\/wp\/v2\/users\/1"}],"replies":[{"embeddable":true,"href":"https:\/\/elmetropolitano.com.gt\/es\/wp-json\/wp\/v2\/comments?post=64657"}],"version-history":[{"count":1,"href":"https:\/\/elmetropolitano.com.gt\/es\/wp-json\/wp\/v2\/posts\/64657\/revisions"}],"predecessor-version":[{"id":64659,"href":"https:\/\/elmetropolitano.com.gt\/es\/wp-json\/wp\/v2\/posts\/64657\/revisions\/64659"}],"wp:featuredmedia":[{"embeddable":true,"href":"https:\/\/elmetropolitano.com.gt\/es\/wp-json\/wp\/v2\/media\/64658"}],"wp:attachment":[{"href":"https:\/\/elmetropolitano.com.gt\/es\/wp-json\/wp\/v2\/media?parent=64657"}],"wp:term":[{"taxonomy":"category","embeddable":true,"href":"https:\/\/elmetropolitano.com.gt\/es\/wp-json\/wp\/v2\/categories?post=64657"},{"taxonomy":"post_tag","embeddable":true,"href":"https:\/\/elmetropolitano.com.gt\/es\/wp-json\/wp\/v2\/tags?post=64657"}],"curies":[{"name":"wp","href":"https:\/\/api.w.org\/{rel}","templated":true}]}}