{"id":64667,"date":"2023-04-26T09:21:08","date_gmt":"2023-04-26T15:21:08","guid":{"rendered":"https:\/\/elmetropolitano.com.gt\/es\/?p=64667"},"modified":"2023-04-26T09:21:09","modified_gmt":"2023-04-26T15:21:09","slug":"alcalde-abraham-rivera-ya-esta-inscrito-legalmente-ante-el-tse","status":"publish","type":"post","link":"https:\/\/elmetropolitano.com.gt\/es\/alcalde-abraham-rivera-ya-esta-inscrito-legalmente-ante-el-tse\/","title":{"rendered":"Alcalde Abraham Rivera ya est\u00e1 inscrito legalmente ante el TSE"},"content":{"rendered":"\n<p>El alcalde de Escuintla Abraham Rivera ya est\u00e1 inscrito legalmente ante el Tribunal Supremo Electoral TSE al recibir esta ma\u00f1ana su carnet y va por cuatro a\u00f1os m\u00e1s, al frente de una de las municipalidades m\u00e1s importantes de Escuintla<\/p>\n\n\n\n<p>El alcalde Rivera estuvo acompa\u00f1ado del binomio presidencial del Partido VICTORIA Amilcar Rivera<\/p><div class=\"elmet-contenido\" id=\"elmet-3556670060\"><div class=\"elmet-adlabel\">Anuncios<\/div><div style=\"margin-top: 20px;margin-right: 20px;margin-bottom: 20px;margin-left: 20px;\" id=\"elmet-3800221479\"><a href=\"https:\/\/www.facebook.com\/arrincuanantigua\/\" aria-label=\"cintillo-arrin-cual\"><img loading=\"lazy\" decoding=\"async\" src=\"https:\/\/elmetropolitano.com.gt\/es\/wp-content\/uploads\/2021\/11\/cintillo-arrin-cual-1.jpg\" alt=\"\"  srcset=\"https:\/\/elmetropolitano.com.gt\/es\/wp-content\/uploads\/2021\/11\/cintillo-arrin-cual-1.jpg 750w, https:\/\/elmetropolitano.com.gt\/es\/wp-content\/uploads\/2021\/11\/cintillo-arrin-cual-1-300x36.jpg 300w, https:\/\/elmetropolitano.com.gt\/es\/wp-content\/uploads\/2021\/11\/cintillo-arrin-cual-1-600x72.jpg 600w\" sizes=\"(max-width: 750px) 100vw, 750px\" width=\"750\" height=\"90\"   \/><\/a><\/div><\/div>\n\n\n\n<p><a href=\"https:\/\/www.facebook.com\/hashtag\/eleccionesgt2023?__eep__=6&amp;__cft__[0]=AZXCiAToe_t-Cpe-tQZCieB1oOxuR3LFLeCC2qb9faCLQlCZ3vbORuy7eiyhJEQJ8k1rWrlnGco81HNffPpWhPvw9UGctbXCM3oDxvrq74FQP7qAPB8E0KCr2KIkokKuxhaf_dHeIqE9pGJTdBVSjRXC8PyZywwIagN71vk9UymgEFwgJnN3oNqPTqinzajWEFY&amp;__tn__=*NK-R\">#EleccionesGT2023<\/a><a href=\"https:\/\/www.facebook.com\/hashtag\/partidovictoria?__eep__=6&amp;__cft__[0]=AZXCiAToe_t-Cpe-tQZCieB1oOxuR3LFLeCC2qb9faCLQlCZ3vbORuy7eiyhJEQJ8k1rWrlnGco81HNffPpWhPvw9UGctbXCM3oDxvrq74FQP7qAPB8E0KCr2KIkokKuxhaf_dHeIqE9pGJTdBVSjRXC8PyZywwIagN71vk9UymgEFwgJnN3oNqPTqinzajWEFY&amp;__tn__=*NK-R\">#PartidoVictoria<\/a><\/p>\n\n\n\n<p><\/p>\n","protected":false},"excerpt":{"rendered":"<p>El alcalde de Escuintla Abraham Rivera ya est\u00e1 inscrito legalmente ante el Tribunal Supremo Electoral TSE al recibir esta ma\u00f1ana su carnet y va por cuatro a\u00f1os m\u00e1s, al frente de una de las municipalidades m\u00e1s importantes de Escuintla El alcalde Rivera estuvo acompa\u00f1ado del binomio presidencial del Partido VICTORIA Amilcar Rivera #EleccionesGT2023#PartidoVictoria<\/p>\n","protected":false},"author":1,"featured_media":64668,"comment_status":"open","ping_status":"closed","sticky":false,"template":"","format":"standard","meta":{"footnotes":""},"categories":[97],"tags":[98],"class_list":["post-64667","post","type-post","status-publish","format-standard","has-post-thumbnail","hentry","category-politica","tag-politica"],"_links":{"self":[{"href":"https:\/\/elmetropolitano.com.gt\/es\/wp-json\/wp\/v2\/posts\/64667","targetHints":{"allow":["GET"]}}],"collection":[{"href":"https:\/\/elmetropolitano.com.gt\/es\/wp-json\/wp\/v2\/posts"}],"about":[{"href":"https:\/\/elmetropolitano.com.gt\/es\/wp-json\/wp\/v2\/types\/post"}],"author":[{"embeddable":true,"href":"https:\/\/elmetropolitano.com.gt\/es\/wp-json\/wp\/v2\/users\/1"}],"replies":[{"embeddable":true,"href":"https:\/\/elmetropolitano.com.gt\/es\/wp-json\/wp\/v2\/comments?post=64667"}],"version-history":[{"count":1,"href":"https:\/\/elmetropolitano.com.gt\/es\/wp-json\/wp\/v2\/posts\/64667\/revisions"}],"predecessor-version":[{"id":64669,"href":"https:\/\/elmetropolitano.com.gt\/es\/wp-json\/wp\/v2\/posts\/64667\/revisions\/64669"}],"wp:featuredmedia":[{"embeddable":true,"href":"https:\/\/elmetropolitano.com.gt\/es\/wp-json\/wp\/v2\/media\/64668"}],"wp:attachment":[{"href":"https:\/\/elmetropolitano.com.gt\/es\/wp-json\/wp\/v2\/media?parent=64667"}],"wp:term":[{"taxonomy":"category","embeddable":true,"href":"https:\/\/elmetropolitano.com.gt\/es\/wp-json\/wp\/v2\/categories?post=64667"},{"taxonomy":"post_tag","embeddable":true,"href":"https:\/\/elmetropolitano.com.gt\/es\/wp-json\/wp\/v2\/tags?post=64667"}],"curies":[{"name":"wp","href":"https:\/\/api.w.org\/{rel}","templated":true}]}}