{"id":65180,"date":"2023-05-03T11:58:14","date_gmt":"2023-05-03T17:58:14","guid":{"rendered":"https:\/\/elmetropolitano.com.gt\/es\/?p=65180"},"modified":"2023-05-03T11:58:16","modified_gmt":"2023-05-03T17:58:16","slug":"necesitamos-periodistas-libres-asegura-el-papa-francisco","status":"publish","type":"post","link":"https:\/\/elmetropolitano.com.gt\/es\/necesitamos-periodistas-libres-asegura-el-papa-francisco\/","title":{"rendered":"\u201cNecesitamos periodistas libres\u201d, asegura el Papa Francisco"},"content":{"rendered":"\n<p>En el marco del D\u00eda Mundial de la Libertad de Prensa, el Papa Francisco public\u00f3 un mensaje a trav\u00e9s de su perfil oficial de Twitter, en el que defiende este derecho que muchas veces se ve amenazado.<\/p>\n\n\n\n<p>En su tuit, el Santo Padre se\u00f1ala que la libertad de prensa \u201ces un indicador importante del estado de la salud de un pa\u00eds\u201d.<\/p><div class=\"elmet-contenido\" id=\"elmet-820305403\"><div class=\"elmet-adlabel\">Anuncios<\/div><div style=\"margin-top: 20px;margin-right: 20px;margin-bottom: 20px;margin-left: 20px;\" id=\"elmet-686098212\"><a href=\"https:\/\/www.facebook.com\/arrincuanantigua\/\" aria-label=\"cintillo-arrin-cual\"><img loading=\"lazy\" decoding=\"async\" src=\"https:\/\/elmetropolitano.com.gt\/es\/wp-content\/uploads\/2021\/11\/cintillo-arrin-cual-1.jpg\" alt=\"\"  srcset=\"https:\/\/elmetropolitano.com.gt\/es\/wp-content\/uploads\/2021\/11\/cintillo-arrin-cual-1.jpg 750w, https:\/\/elmetropolitano.com.gt\/es\/wp-content\/uploads\/2021\/11\/cintillo-arrin-cual-1-300x36.jpg 300w, https:\/\/elmetropolitano.com.gt\/es\/wp-content\/uploads\/2021\/11\/cintillo-arrin-cual-1-600x72.jpg 600w\" sizes=\"(max-width: 750px) 100vw, 750px\" width=\"750\" height=\"90\"   \/><\/a><\/div><\/div>\n\n\n\n<p>\u201cDe <a><\/a>hecho, las dictaduras se apresuran a restringirla o suprimirla\u201d, puntualiza el Pont\u00edfice.<\/p>\n\n\n\n<p>Por ello, subraya que \u201cnecesitamos periodistas libres que nos ayuden a no olvidar muchas situaciones de sufrimiento\u201d.<\/p>\n\n\n\n<p>Cabe recordar que en su mensaje para la Jornada Mundial de las Comunicaciones 2023, el Papa Francisco afirm\u00f3 que \u201cno debemos tener miedo a proclamar la verdad, aunque a veces sea inc\u00f3moda, sino a hacerlo sin caridad, sin coraz\u00f3n\u201d.<\/p>\n\n\n\n<p>\u201cPor eso, para poder comunicar \u2018en la verdad y en el amor\u2019 es necesario purificar el coraz\u00f3n\u201d, destac\u00f3.<\/p>\n\n\n\n<p>Para el Santo Padre, \u201cs\u00f3lo escuchando y hablando con un coraz\u00f3n puro podemos ver m\u00e1s all\u00e1 de las apariencias y superar los ruidos confusos que, tambi\u00e9n en el campo de la informaci\u00f3n, no nos ayudan a discernir en la complejidad del mundo en que vivimos\u201d<\/p>\n\n\n\n<p>Texto: Almudena Mart\u00ednez-Bordi\u00fa<\/p>\n\n\n\n<p>ACI Prensa<\/p>\n\n\n\n<p><\/p>\n","protected":false},"excerpt":{"rendered":"<p>En el marco del D\u00eda Mundial de la Libertad de Prensa, el Papa Francisco public\u00f3 un mensaje a trav\u00e9s de su perfil oficial de Twitter, en el que defiende este derecho que muchas veces se ve amenazado. En su tuit, el Santo Padre se\u00f1ala que la libertad de prensa \u201ces un indicador importante del estado <a class=\"read-more\" href=\"https:\/\/elmetropolitano.com.gt\/es\/necesitamos-periodistas-libres-asegura-el-papa-francisco\/\">Leer m\u00e1s<\/a><\/p>\n","protected":false},"author":1,"featured_media":65181,"comment_status":"open","ping_status":"closed","sticky":false,"template":"","format":"standard","meta":{"footnotes":""},"categories":[14],"tags":[15],"class_list":["post-65180","post","type-post","status-publish","format-standard","has-post-thumbnail","hentry","category-internacionales","tag-internacionales"],"_links":{"self":[{"href":"https:\/\/elmetropolitano.com.gt\/es\/wp-json\/wp\/v2\/posts\/65180","targetHints":{"allow":["GET"]}}],"collection":[{"href":"https:\/\/elmetropolitano.com.gt\/es\/wp-json\/wp\/v2\/posts"}],"about":[{"href":"https:\/\/elmetropolitano.com.gt\/es\/wp-json\/wp\/v2\/types\/post"}],"author":[{"embeddable":true,"href":"https:\/\/elmetropolitano.com.gt\/es\/wp-json\/wp\/v2\/users\/1"}],"replies":[{"embeddable":true,"href":"https:\/\/elmetropolitano.com.gt\/es\/wp-json\/wp\/v2\/comments?post=65180"}],"version-history":[{"count":1,"href":"https:\/\/elmetropolitano.com.gt\/es\/wp-json\/wp\/v2\/posts\/65180\/revisions"}],"predecessor-version":[{"id":65182,"href":"https:\/\/elmetropolitano.com.gt\/es\/wp-json\/wp\/v2\/posts\/65180\/revisions\/65182"}],"wp:featuredmedia":[{"embeddable":true,"href":"https:\/\/elmetropolitano.com.gt\/es\/wp-json\/wp\/v2\/media\/65181"}],"wp:attachment":[{"href":"https:\/\/elmetropolitano.com.gt\/es\/wp-json\/wp\/v2\/media?parent=65180"}],"wp:term":[{"taxonomy":"category","embeddable":true,"href":"https:\/\/elmetropolitano.com.gt\/es\/wp-json\/wp\/v2\/categories?post=65180"},{"taxonomy":"post_tag","embeddable":true,"href":"https:\/\/elmetropolitano.com.gt\/es\/wp-json\/wp\/v2\/tags?post=65180"}],"curies":[{"name":"wp","href":"https:\/\/api.w.org\/{rel}","templated":true}]}}