{"id":65508,"date":"2023-05-09T09:05:52","date_gmt":"2023-05-09T15:05:52","guid":{"rendered":"https:\/\/elmetropolitano.com.gt\/es\/?p=65508"},"modified":"2023-05-09T09:05:54","modified_gmt":"2023-05-09T15:05:54","slug":"elecciones-estaran-bajo-la-observacion-de-la-oea","status":"publish","type":"post","link":"https:\/\/elmetropolitano.com.gt\/es\/elecciones-estaran-bajo-la-observacion-de-la-oea\/","title":{"rendered":"Elecciones estar\u00e1n bajo la observaci\u00f3n de la OEA"},"content":{"rendered":"\n<p>La Organizaci\u00f3n de los Estados Americanos (OEA), desplegar\u00e1 misi\u00f3n de observadores electorales por invitaci\u00f3n del Tribunal Suoeemo Electoral TSE a todas las regiones del pa\u00eds<\/p>\n\n\n\n<p>El <a><\/a>TSE y la OEA suscribieron el Acuerdo relativo al procedimiento de observaci\u00f3n de las Elecciones Generales y de Diputados al Parlamento Centroamericano. Por medio del Acuerdo, especialistas internacionales realizar\u00e1n la observaci\u00f3n electoral, espec\u00edficamente en temas de: organizaci\u00f3n, tecnolog\u00eda electoral, financiamiento pol\u00edtico electoral, participaci\u00f3n pol\u00edtica de las mujeres, justicia electoral, violencia pol\u00edtica, participaci\u00f3n de los pueblos ind\u00edgenas.<\/p><div class=\"elmet-contenido\" id=\"elmet-1469706499\"><div class=\"elmet-adlabel\">Anuncios<\/div><div style=\"margin-top: 20px;margin-right: 20px;margin-bottom: 20px;margin-left: 20px;\" id=\"elmet-485262051\"><a href=\"https:\/\/www.facebook.com\/arrincuanantigua\/\" aria-label=\"cintillo-arrin-cual\"><img loading=\"lazy\" decoding=\"async\" src=\"https:\/\/elmetropolitano.com.gt\/es\/wp-content\/uploads\/2021\/11\/cintillo-arrin-cual-1.jpg\" alt=\"\"  srcset=\"https:\/\/elmetropolitano.com.gt\/es\/wp-content\/uploads\/2021\/11\/cintillo-arrin-cual-1.jpg 750w, https:\/\/elmetropolitano.com.gt\/es\/wp-content\/uploads\/2021\/11\/cintillo-arrin-cual-1-300x36.jpg 300w, https:\/\/elmetropolitano.com.gt\/es\/wp-content\/uploads\/2021\/11\/cintillo-arrin-cual-1-600x72.jpg 600w\" sizes=\"(max-width: 750px) 100vw, 750px\" width=\"750\" height=\"90\"   \/><\/a><\/div><\/div>\n\n\n\n<p>La misi\u00f3n de alto nivel de la OEA, estar\u00e1 integrada entre 80 y 90 personas que comenzar\u00e1n a venir este mi\u00e9rcoles al pa\u00eds , recorrer\u00e1n todo el pa\u00eds para realizar la observaci\u00f3n del proceso electoral.<\/p>\n\n\n\n<p>La magistrada presidente, Irma Elizabeth Palencia Orellana, resalt\u00f3 que la observaci\u00f3n electoral tiene gran importancia, dado que contribuye al fortalecimiento de la democracia, su presencia promueve la confianza y estimula la participaci\u00f3n ciudadana.<\/p>\n\n\n\n<p><a href=\"https:\/\/www.facebook.com\/hashtag\/eleccionesgt2023?__eep__=6&amp;__cft__[0]=AZUJFtqX5giEs9RsjP3Cv5bx43NOsuWkonzFlqU8wjXdxceppDQd-daU9dCkiiqHTGBrqN6QxIoQnNr43g12elPFWz87jhVdVkDO8_OGuFhjsEh_nFHoQLiI6_2ramKQc_W12RXWAWTBjMik7rCCTUMFfv7S4jVKywX0EsYFYyasM3YJEeATt-feWmSVQitkEs4&amp;__tn__=*NK-R\">#EleccionesGT2023<\/a><a href=\"https:\/\/www.facebook.com\/hashtag\/tseguatemala?__eep__=6&amp;__cft__[0]=AZUJFtqX5giEs9RsjP3Cv5bx43NOsuWkonzFlqU8wjXdxceppDQd-daU9dCkiiqHTGBrqN6QxIoQnNr43g12elPFWz87jhVdVkDO8_OGuFhjsEh_nFHoQLiI6_2ramKQc_W12RXWAWTBjMik7rCCTUMFfv7S4jVKywX0EsYFYyasM3YJEeATt-feWmSVQitkEs4&amp;__tn__=*NK-R\">#TSEGuatemala<\/a><a href=\"https:\/\/www.facebook.com\/hashtag\/oea?__eep__=6&amp;__cft__[0]=AZUJFtqX5giEs9RsjP3Cv5bx43NOsuWkonzFlqU8wjXdxceppDQd-daU9dCkiiqHTGBrqN6QxIoQnNr43g12elPFWz87jhVdVkDO8_OGuFhjsEh_nFHoQLiI6_2ramKQc_W12RXWAWTBjMik7rCCTUMFfv7S4jVKywX0EsYFYyasM3YJEeATt-feWmSVQitkEs4&amp;__tn__=*NK-R\">#OEA<\/a><a href=\"https:\/\/www.facebook.com\/hashtag\/metroredes?__eep__=6&amp;__cft__[0]=AZUJFtqX5giEs9RsjP3Cv5bx43NOsuWkonzFlqU8wjXdxceppDQd-daU9dCkiiqHTGBrqN6QxIoQnNr43g12elPFWz87jhVdVkDO8_OGuFhjsEh_nFHoQLiI6_2ramKQc_W12RXWAWTBjMik7rCCTUMFfv7S4jVKywX0EsYFYyasM3YJEeATt-feWmSVQitkEs4&amp;__tn__=*NK-R\">#metroredes<\/a><a href=\"https:\/\/www.facebook.com\/hashtag\/yovoto?__eep__=6&amp;__cft__[0]=AZUJFtqX5giEs9RsjP3Cv5bx43NOsuWkonzFlqU8wjXdxceppDQd-daU9dCkiiqHTGBrqN6QxIoQnNr43g12elPFWz87jhVdVkDO8_OGuFhjsEh_nFHoQLiI6_2ramKQc_W12RXWAWTBjMik7rCCTUMFfv7S4jVKywX0EsYFYyasM3YJEeATt-feWmSVQitkEs4&amp;__tn__=*NK-R\">#YoVoto<\/a><\/p>\n\n\n\n<figure class=\"wp-block-gallery has-nested-images columns-default is-cropped wp-block-gallery-1 is-layout-flex wp-block-gallery-is-layout-flex\">\n<figure class=\"wp-block-image size-large\"><img loading=\"lazy\" decoding=\"async\" width=\"1024\" height=\"676\" data-id=\"65511\" src=\"https:\/\/elmetropolitano.com.gt\/es\/wp-content\/uploads\/2023\/05\/344736587_1279982519391740_8312170117948569311_n-1024x676.jpg\" alt=\"\" class=\"wp-image-65511\" srcset=\"https:\/\/elmetropolitano.com.gt\/es\/wp-content\/uploads\/2023\/05\/344736587_1279982519391740_8312170117948569311_n-1024x676.jpg 1024w, https:\/\/elmetropolitano.com.gt\/es\/wp-content\/uploads\/2023\/05\/344736587_1279982519391740_8312170117948569311_n-300x198.jpg 300w, https:\/\/elmetropolitano.com.gt\/es\/wp-content\/uploads\/2023\/05\/344736587_1279982519391740_8312170117948569311_n-768x507.jpg 768w, https:\/\/elmetropolitano.com.gt\/es\/wp-content\/uploads\/2023\/05\/344736587_1279982519391740_8312170117948569311_n-1536x1014.jpg 1536w, https:\/\/elmetropolitano.com.gt\/es\/wp-content\/uploads\/2023\/05\/344736587_1279982519391740_8312170117948569311_n-600x396.jpg 600w, https:\/\/elmetropolitano.com.gt\/es\/wp-content\/uploads\/2023\/05\/344736587_1279982519391740_8312170117948569311_n.jpg 2048w\" sizes=\"auto, (max-width: 1024px) 100vw, 1024px\" \/><\/figure>\n\n\n\n<figure class=\"wp-block-image size-large\"><img loading=\"lazy\" decoding=\"async\" width=\"1024\" height=\"394\" data-id=\"65510\" src=\"https:\/\/elmetropolitano.com.gt\/es\/wp-content\/uploads\/2023\/05\/345885526_6364201366934702_3881338429003327411_n-1024x394.jpg\" alt=\"\" class=\"wp-image-65510\" srcset=\"https:\/\/elmetropolitano.com.gt\/es\/wp-content\/uploads\/2023\/05\/345885526_6364201366934702_3881338429003327411_n-1024x394.jpg 1024w, https:\/\/elmetropolitano.com.gt\/es\/wp-content\/uploads\/2023\/05\/345885526_6364201366934702_3881338429003327411_n-300x116.jpg 300w, https:\/\/elmetropolitano.com.gt\/es\/wp-content\/uploads\/2023\/05\/345885526_6364201366934702_3881338429003327411_n-768x296.jpg 768w, https:\/\/elmetropolitano.com.gt\/es\/wp-content\/uploads\/2023\/05\/345885526_6364201366934702_3881338429003327411_n-600x231.jpg 600w, https:\/\/elmetropolitano.com.gt\/es\/wp-content\/uploads\/2023\/05\/345885526_6364201366934702_3881338429003327411_n.jpg 1280w\" sizes=\"auto, (max-width: 1024px) 100vw, 1024px\" \/><\/figure>\n<\/figure>\n","protected":false},"excerpt":{"rendered":"<p>La Organizaci\u00f3n de los Estados Americanos (OEA), desplegar\u00e1 misi\u00f3n de observadores electorales por invitaci\u00f3n del Tribunal Suoeemo Electoral TSE a todas las regiones del pa\u00eds El TSE y la OEA suscribieron el Acuerdo relativo al procedimiento de observaci\u00f3n de las Elecciones Generales y de Diputados al Parlamento Centroamericano. Por medio del Acuerdo, especialistas internacionales realizar\u00e1n <a class=\"read-more\" href=\"https:\/\/elmetropolitano.com.gt\/es\/elecciones-estaran-bajo-la-observacion-de-la-oea\/\">Leer m\u00e1s<\/a><\/p>\n","protected":false},"author":1,"featured_media":65509,"comment_status":"open","ping_status":"closed","sticky":false,"template":"","format":"standard","meta":{"footnotes":""},"categories":[2],"tags":[12],"class_list":["post-65508","post","type-post","status-publish","format-standard","has-post-thumbnail","hentry","category-nacionales","tag-nacionales"],"_links":{"self":[{"href":"https:\/\/elmetropolitano.com.gt\/es\/wp-json\/wp\/v2\/posts\/65508","targetHints":{"allow":["GET"]}}],"collection":[{"href":"https:\/\/elmetropolitano.com.gt\/es\/wp-json\/wp\/v2\/posts"}],"about":[{"href":"https:\/\/elmetropolitano.com.gt\/es\/wp-json\/wp\/v2\/types\/post"}],"author":[{"embeddable":true,"href":"https:\/\/elmetropolitano.com.gt\/es\/wp-json\/wp\/v2\/users\/1"}],"replies":[{"embeddable":true,"href":"https:\/\/elmetropolitano.com.gt\/es\/wp-json\/wp\/v2\/comments?post=65508"}],"version-history":[{"count":1,"href":"https:\/\/elmetropolitano.com.gt\/es\/wp-json\/wp\/v2\/posts\/65508\/revisions"}],"predecessor-version":[{"id":65512,"href":"https:\/\/elmetropolitano.com.gt\/es\/wp-json\/wp\/v2\/posts\/65508\/revisions\/65512"}],"wp:featuredmedia":[{"embeddable":true,"href":"https:\/\/elmetropolitano.com.gt\/es\/wp-json\/wp\/v2\/media\/65509"}],"wp:attachment":[{"href":"https:\/\/elmetropolitano.com.gt\/es\/wp-json\/wp\/v2\/media?parent=65508"}],"wp:term":[{"taxonomy":"category","embeddable":true,"href":"https:\/\/elmetropolitano.com.gt\/es\/wp-json\/wp\/v2\/categories?post=65508"},{"taxonomy":"post_tag","embeddable":true,"href":"https:\/\/elmetropolitano.com.gt\/es\/wp-json\/wp\/v2\/tags?post=65508"}],"curies":[{"name":"wp","href":"https:\/\/api.w.org\/{rel}","templated":true}]}}