{"id":65568,"date":"2023-05-10T09:24:17","date_gmt":"2023-05-10T15:24:17","guid":{"rendered":"https:\/\/elmetropolitano.com.gt\/es\/?p=65568"},"modified":"2023-05-10T09:24:20","modified_gmt":"2023-05-10T15:24:20","slug":"firman-convenio-interinstitucional-para-implementar-la-ventanilla-unica-maritima","status":"publish","type":"post","link":"https:\/\/elmetropolitano.com.gt\/es\/firman-convenio-interinstitucional-para-implementar-la-ventanilla-unica-maritima\/","title":{"rendered":"Firman convenio interinstitucional para implementar la ventanilla \u00fanica mar\u00edtima"},"content":{"rendered":"\n<p>En el marco de la transformaci\u00f3n digital aduanera, este martes se suscribi\u00f3 un convenio interinstitucional para implementar una ventanilla \u00fanica mar\u00edtima (Vumar).<\/p>\n\n\n\n<p>Dicho proyecto busca reducir los tiempos y costos log\u00edsticos v\u00eda mar\u00edtima en el pa\u00eds.<\/p><div class=\"elmet-contenido\" id=\"elmet-1196877590\"><div class=\"elmet-adlabel\">Anuncios<\/div><div style=\"margin-top: 20px;margin-right: 20px;margin-bottom: 20px;margin-left: 20px;\" id=\"elmet-3976514883\"><a href=\"https:\/\/www.facebook.com\/arrincuanantigua\/\" aria-label=\"cintillo-arrin-cual\"><img loading=\"lazy\" decoding=\"async\" src=\"https:\/\/elmetropolitano.com.gt\/es\/wp-content\/uploads\/2021\/11\/cintillo-arrin-cual-1.jpg\" alt=\"\"  srcset=\"https:\/\/elmetropolitano.com.gt\/es\/wp-content\/uploads\/2021\/11\/cintillo-arrin-cual-1.jpg 750w, https:\/\/elmetropolitano.com.gt\/es\/wp-content\/uploads\/2021\/11\/cintillo-arrin-cual-1-300x36.jpg 300w, https:\/\/elmetropolitano.com.gt\/es\/wp-content\/uploads\/2021\/11\/cintillo-arrin-cual-1-600x72.jpg 600w\" sizes=\"(max-width: 750px) 100vw, 750px\" width=\"750\" height=\"90\"   \/><\/a><\/div><\/div>\n\n\n\n<p>Este <a><\/a>fue suscrito por autoridades de la Superintendencia de Administraci\u00f3n Tributaria (SAT), los ministerios de la Defensa Nacional; de Salud P\u00fablica y Asistencia Social; de Agricultura, Ganader\u00eda y Alimentaci\u00f3n (MAGA), y el Instituto Guatemalteco de Migraci\u00f3n (IGM).<\/p>\n\n\n\n<p>Este convenio interinstitucional va a facilitar el arribo y zarpe de barcos, en lugar de una inspecci\u00f3n f\u00edsica ahora va a ser una inspecci\u00f3n digital, indic\u00f3 el representante de la SAT.<\/p>\n\n\n\n<p>Los beneficios<\/p>\n\n\n\n<p>Durante un acto oficial, los funcionarios informaron que este convenio cuenta con el apoyo y asistencia t\u00e9cnica de la alianza global.<\/p>\n\n\n\n<p>Esta acci\u00f3n pretende dar certeza y respaldo a las acciones encaminadas a la implementaci\u00f3n de la Vumar.<\/p>\n\n\n\n<p>El an\u00e1lisis para esta ventanilla comenz\u00f3 entre 2018 y 2019, y tras una serie de an\u00e1lisis se impuls\u00f3 la tecnolog\u00eda para esta \u00fanica ventanilla mar\u00edtima.<\/p>\n\n\n\n<p>Antes el proceso inclu\u00eda el manifiesto de carga, el dictamen previo al atraque del buque, que se realizaba en un tiempo aproximado de ocho horas y todo el procedimiento era a mano.<\/p>\n\n\n\n<p>Ahora esto se disminuir\u00e1 a un tiempo no mayor de una hora, explic\u00f3 el intendente de la SAT.<\/p>\n\n\n\n<p>Adem\u00e1s, el titular del Ministerio de la Defensa destac\u00f3 que se fortalecer\u00e1n los controles de seguridad usando la tecnolog\u00eda, buscando as\u00ed tambi\u00e9n la reducci\u00f3n del uso de papel.<\/p>\n\n\n\n<p>Sobre la ventanilla<\/p>\n\n\n\n<p>La Vumar permitir\u00e1 la recepci\u00f3n electr\u00f3nica de la documentaci\u00f3n y an\u00e1lisis de riesgo de embarcaciones desde el momento de su arribo, permanencia y zarpe del Sistema Portuario Nacional.<\/p>\n\n\n\n<p>Esto se efectuar\u00e1 a trav\u00e9s de una plataforma automatizada que ofrecer\u00e1 el fortalecimiento de controles y seguridad con el an\u00e1lisis de riesgo, as\u00ed como la reducci\u00f3n de tiempos y costos log\u00edsticos.<\/p>\n\n\n\n<p>Asimismo, esta acci\u00f3n da cumplimiento a compromisos adquiridos como pa\u00eds relacionado con el Convenio para Facilitar el Tr\u00e1fico Mar\u00edtimo Internacional (FAL-65), de la Organizaci\u00f3n Mar\u00edtima Internacional, que busca incrementar la competitividad del pa\u00eds.<\/p>\n\n\n\n<p>Cooperaci\u00f3n interinstitucional<\/p>\n\n\n\n<p>Desde el momento previo a su ingreso, zarpe y estad\u00eda, las autoridades de las entidades antes mencionadas ejercer\u00e1n una funci\u00f3n en esta ventanilla.<\/p>\n\n\n\n<p>Esto para darle viabilidad a la mercader\u00eda que ah\u00ed se traslada.<\/p>\n\n\n\n<p>Lo relacionado con el tema aduanero estar\u00e1 a cargo de la SAT, la seguridad portuaria ser\u00e1 responsabilidad de la cartera de Defensa Nacional, la competencia sobre la sanidad agr\u00edcola y animal ser\u00e1 asunto del MAGA, y la inspecci\u00f3n de la salud de las personas la atender\u00e1 el Ministerio de Salud.<\/p>\n\n\n\n<p>A esta ventanilla tendr\u00e1n acceso:<\/p>\n\n\n\n<p>los importadores<\/p>\n\n\n\n<p>compa\u00f1\u00edas mar\u00edtimas<\/p>\n\n\n\n<p>operadores de la cadena log\u00edstica<\/p>\n\n\n\n<p>los agentes aduaneros<\/p>\n\n\n\n<p>Se espera implementar esta nueva ventanilla el pr\u00f3ximo trimestre del a\u00f1o.<\/p>\n\n\n\n<p>Texto: Brenda Larios<\/p>\n\n\n\n<figure class=\"wp-block-gallery has-nested-images columns-default is-cropped wp-block-gallery-1 is-layout-flex wp-block-gallery-is-layout-flex\">\n<figure class=\"wp-block-image size-large\"><img loading=\"lazy\" decoding=\"async\" width=\"1024\" height=\"683\" data-id=\"65572\" src=\"https:\/\/elmetropolitano.com.gt\/es\/wp-content\/uploads\/2023\/05\/344721045_1005550237101163_6168497931320197227_n-1024x683.jpg\" alt=\"\" class=\"wp-image-65572\" srcset=\"https:\/\/elmetropolitano.com.gt\/es\/wp-content\/uploads\/2023\/05\/344721045_1005550237101163_6168497931320197227_n-1024x683.jpg 1024w, https:\/\/elmetropolitano.com.gt\/es\/wp-content\/uploads\/2023\/05\/344721045_1005550237101163_6168497931320197227_n-300x200.jpg 300w, https:\/\/elmetropolitano.com.gt\/es\/wp-content\/uploads\/2023\/05\/344721045_1005550237101163_6168497931320197227_n-768x512.jpg 768w, https:\/\/elmetropolitano.com.gt\/es\/wp-content\/uploads\/2023\/05\/344721045_1005550237101163_6168497931320197227_n-1536x1024.jpg 1536w, https:\/\/elmetropolitano.com.gt\/es\/wp-content\/uploads\/2023\/05\/344721045_1005550237101163_6168497931320197227_n-600x400.jpg 600w, https:\/\/elmetropolitano.com.gt\/es\/wp-content\/uploads\/2023\/05\/344721045_1005550237101163_6168497931320197227_n.jpg 1599w\" sizes=\"auto, (max-width: 1024px) 100vw, 1024px\" \/><\/figure>\n\n\n\n<figure class=\"wp-block-image size-large\"><img loading=\"lazy\" decoding=\"async\" width=\"1024\" height=\"683\" data-id=\"65570\" src=\"https:\/\/elmetropolitano.com.gt\/es\/wp-content\/uploads\/2023\/05\/345026773_771241954458138_6937276182900599036_n-1024x683.jpg\" alt=\"\" class=\"wp-image-65570\" srcset=\"https:\/\/elmetropolitano.com.gt\/es\/wp-content\/uploads\/2023\/05\/345026773_771241954458138_6937276182900599036_n-1024x683.jpg 1024w, https:\/\/elmetropolitano.com.gt\/es\/wp-content\/uploads\/2023\/05\/345026773_771241954458138_6937276182900599036_n-300x200.jpg 300w, https:\/\/elmetropolitano.com.gt\/es\/wp-content\/uploads\/2023\/05\/345026773_771241954458138_6937276182900599036_n-768x512.jpg 768w, https:\/\/elmetropolitano.com.gt\/es\/wp-content\/uploads\/2023\/05\/345026773_771241954458138_6937276182900599036_n-1536x1024.jpg 1536w, https:\/\/elmetropolitano.com.gt\/es\/wp-content\/uploads\/2023\/05\/345026773_771241954458138_6937276182900599036_n-600x400.jpg 600w, https:\/\/elmetropolitano.com.gt\/es\/wp-content\/uploads\/2023\/05\/345026773_771241954458138_6937276182900599036_n.jpg 1599w\" sizes=\"auto, (max-width: 1024px) 100vw, 1024px\" \/><\/figure>\n\n\n\n<figure class=\"wp-block-image size-large\"><img loading=\"lazy\" decoding=\"async\" width=\"787\" height=\"524\" data-id=\"65573\" src=\"https:\/\/elmetropolitano.com.gt\/es\/wp-content\/uploads\/2023\/05\/346084348_949908209586856_132583737267137267_n.jpg\" alt=\"\" class=\"wp-image-65573\" srcset=\"https:\/\/elmetropolitano.com.gt\/es\/wp-content\/uploads\/2023\/05\/346084348_949908209586856_132583737267137267_n.jpg 787w, https:\/\/elmetropolitano.com.gt\/es\/wp-content\/uploads\/2023\/05\/346084348_949908209586856_132583737267137267_n-300x200.jpg 300w, https:\/\/elmetropolitano.com.gt\/es\/wp-content\/uploads\/2023\/05\/346084348_949908209586856_132583737267137267_n-768x511.jpg 768w, https:\/\/elmetropolitano.com.gt\/es\/wp-content\/uploads\/2023\/05\/346084348_949908209586856_132583737267137267_n-600x399.jpg 600w\" sizes=\"auto, (max-width: 787px) 100vw, 787px\" \/><\/figure>\n\n\n\n<figure class=\"wp-block-image size-large\"><img loading=\"lazy\" decoding=\"async\" width=\"458\" height=\"306\" data-id=\"65571\" src=\"https:\/\/elmetropolitano.com.gt\/es\/wp-content\/uploads\/2023\/05\/346289433_1926538584356233_2823423922199879843_n.jpg\" alt=\"\" class=\"wp-image-65571\" srcset=\"https:\/\/elmetropolitano.com.gt\/es\/wp-content\/uploads\/2023\/05\/346289433_1926538584356233_2823423922199879843_n.jpg 458w, https:\/\/elmetropolitano.com.gt\/es\/wp-content\/uploads\/2023\/05\/346289433_1926538584356233_2823423922199879843_n-300x200.jpg 300w\" sizes=\"auto, (max-width: 458px) 100vw, 458px\" \/><\/figure>\n<\/figure>\n","protected":false},"excerpt":{"rendered":"<p>En el marco de la transformaci\u00f3n digital aduanera, este martes se suscribi\u00f3 un convenio interinstitucional para implementar una ventanilla \u00fanica mar\u00edtima (Vumar). Dicho proyecto busca reducir los tiempos y costos log\u00edsticos v\u00eda mar\u00edtima en el pa\u00eds. Este fue suscrito por autoridades de la Superintendencia de Administraci\u00f3n Tributaria (SAT), los ministerios de la Defensa Nacional; de <a class=\"read-more\" href=\"https:\/\/elmetropolitano.com.gt\/es\/firman-convenio-interinstitucional-para-implementar-la-ventanilla-unica-maritima\/\">Leer m\u00e1s<\/a><\/p>\n","protected":false},"author":1,"featured_media":65569,"comment_status":"open","ping_status":"closed","sticky":false,"template":"","format":"standard","meta":{"footnotes":""},"categories":[2],"tags":[12],"class_list":["post-65568","post","type-post","status-publish","format-standard","has-post-thumbnail","hentry","category-nacionales","tag-nacionales"],"_links":{"self":[{"href":"https:\/\/elmetropolitano.com.gt\/es\/wp-json\/wp\/v2\/posts\/65568","targetHints":{"allow":["GET"]}}],"collection":[{"href":"https:\/\/elmetropolitano.com.gt\/es\/wp-json\/wp\/v2\/posts"}],"about":[{"href":"https:\/\/elmetropolitano.com.gt\/es\/wp-json\/wp\/v2\/types\/post"}],"author":[{"embeddable":true,"href":"https:\/\/elmetropolitano.com.gt\/es\/wp-json\/wp\/v2\/users\/1"}],"replies":[{"embeddable":true,"href":"https:\/\/elmetropolitano.com.gt\/es\/wp-json\/wp\/v2\/comments?post=65568"}],"version-history":[{"count":1,"href":"https:\/\/elmetropolitano.com.gt\/es\/wp-json\/wp\/v2\/posts\/65568\/revisions"}],"predecessor-version":[{"id":65574,"href":"https:\/\/elmetropolitano.com.gt\/es\/wp-json\/wp\/v2\/posts\/65568\/revisions\/65574"}],"wp:featuredmedia":[{"embeddable":true,"href":"https:\/\/elmetropolitano.com.gt\/es\/wp-json\/wp\/v2\/media\/65569"}],"wp:attachment":[{"href":"https:\/\/elmetropolitano.com.gt\/es\/wp-json\/wp\/v2\/media?parent=65568"}],"wp:term":[{"taxonomy":"category","embeddable":true,"href":"https:\/\/elmetropolitano.com.gt\/es\/wp-json\/wp\/v2\/categories?post=65568"},{"taxonomy":"post_tag","embeddable":true,"href":"https:\/\/elmetropolitano.com.gt\/es\/wp-json\/wp\/v2\/tags?post=65568"}],"curies":[{"name":"wp","href":"https:\/\/api.w.org\/{rel}","templated":true}]}}