{"id":65588,"date":"2023-05-11T18:58:55","date_gmt":"2023-05-12T00:58:55","guid":{"rendered":"https:\/\/elmetropolitano.com.gt\/es\/?p=65588"},"modified":"2023-05-11T18:58:56","modified_gmt":"2023-05-12T00:58:56","slug":"presidente-se-reune-con-mision-de-observadores-electorales-de-la-oea","status":"publish","type":"post","link":"https:\/\/elmetropolitano.com.gt\/es\/presidente-se-reune-con-mision-de-observadores-electorales-de-la-oea\/","title":{"rendered":"Presidente se re\u00fane con misi\u00f3n de observadores electorales de la OEA"},"content":{"rendered":"\n<p>El Presidente de Guatemala Alejandro Giammattei se reuni\u00f3 este mi\u00e9rcoles con autoridades de la misi\u00f3n de observadores electorales de la Organizaci\u00f3n de los Estados Americanos (OEA).<\/p>\n\n\n\n<p>A trav\u00e9s de sus redes oficiales, el jefe del Ejecutivo inform\u00f3 que en dicha reuni\u00f3n se abordaron las labores interinstitucionales a favor de las elecciones generales, que se celebrar\u00e1n el domingo 25 de junio.<\/p><div class=\"elmet-contenido\" id=\"elmet-1989652545\"><div class=\"elmet-adlabel\">Anuncios<\/div><div style=\"margin-top: 20px;margin-right: 20px;margin-bottom: 20px;margin-left: 20px;\" id=\"elmet-848084970\"><a href=\"https:\/\/www.facebook.com\/arrincuanantigua\/\" aria-label=\"cintillo-arrin-cual\"><img loading=\"lazy\" decoding=\"async\" src=\"https:\/\/elmetropolitano.com.gt\/es\/wp-content\/uploads\/2021\/11\/cintillo-arrin-cual-1.jpg\" alt=\"\"  srcset=\"https:\/\/elmetropolitano.com.gt\/es\/wp-content\/uploads\/2021\/11\/cintillo-arrin-cual-1.jpg 750w, https:\/\/elmetropolitano.com.gt\/es\/wp-content\/uploads\/2021\/11\/cintillo-arrin-cual-1-300x36.jpg 300w, https:\/\/elmetropolitano.com.gt\/es\/wp-content\/uploads\/2021\/11\/cintillo-arrin-cual-1-600x72.jpg 600w\" sizes=\"(max-width: 750px) 100vw, 750px\" width=\"750\" height=\"90\"   \/><\/a><\/div><\/div>\n\n\n\n<p>Me <a><\/a>reun\u00ed con la misi\u00f3n de observaci\u00f3n electoral de la OEA, con la que abordamos las labores interinstitucionales en favor del proceso electoral, para asegurar que nuestra fiesta c\u00edvica se lleve a cabo con las condiciones \u00f3ptimas en nuestra democracia, refiere el mensaje.<\/p>\n\n\n\n<p>La delegaci\u00f3n<\/p>\n\n\n\n<p>La misi\u00f3n de observaci\u00f3n electoral (MOE) de la OEA es encabezada por el excanciller de Paraguay Eladio Loizaga.<\/p>\n\n\n\n<p>El primer grupo lleg\u00f3 este mi\u00e9rcoles y para las elecciones habr\u00e1 entre 80 y 90 observadores a nivel nacional.<\/p>\n\n\n\n<p>Se contar\u00e1 con especialistas en organizaci\u00f3n, justicia y tecnolog\u00eda electoral, adem\u00e1s de observadores en la delegaci\u00f3n.<\/p>\n\n\n\n<p>Esta es la vigesimoprimera misi\u00f3n que la OEA despliega en Guatemala. La misi\u00f3n llegar\u00e1 al pa\u00eds a mediados de junio y contar\u00e1 con 90 expertos y observadores.<\/p>\n\n\n\n<p>Firma de acuerdo<\/p>\n\n\n\n<p>El pasado 8 de mayo, los representantes de la OEA firmaron un acuerdo con los magistrados del Tribunal Supremo Electoral (TSE).<\/p>\n\n\n\n<p>Dicho convenio tiene como objetivo el proceso de observaci\u00f3n de las elecciones generales en Guatemala, el domingo 25 de junio.<\/p>\n\n\n\n<p>En tal sentido, este es uno de los par\u00e1metros para el ejercicio de la observaci\u00f3n electoral a nivel nacional.<\/p>\n\n\n\n<p>Dicha instancia inici\u00f3 el lunes una visita a Guatemala de cara a las elecciones generales del 25 de junio.<\/p>\n\n\n\n<p>El primer equipo t\u00e9cnico de cuatro personas est\u00e1 liderado por el jefe de cooperaci\u00f3n electoral del DECO\/OEA, Crist\u00f3bal Fern\u00e1ndez, adem\u00e1s del cuerpo de especialistas en organizaci\u00f3n y tecnolog\u00eda electoral.<\/p>\n\n\n\n<p>En las pr\u00f3ximas elecciones, m\u00e1s de 9 millones de personas est\u00e1n llamadas a emitir su voto, con el cual podr\u00e1n elegir presidente y vicepresidente de la Rep\u00fablica.<\/p>\n\n\n\n<p>Asimismo, se podr\u00e1 elegir a los 160 diputados al Congreso, 340 corporaciones municipales y 20 diputados al Parlamento Centroamericano.<\/p>\n\n\n\n<p>Esta especificaci\u00f3n se incluye en el Decreto 1-2023 del Tribunal Supremo Electoral (TSE), el cual entr\u00f3 en vigor a las cero horas del s\u00e1bado 21 de enero.<\/p>\n\n\n\n<p>Texto: Brenda Larios<\/p>\n\n\n\n<p><a href=\"https:\/\/www.facebook.com\/hashtag\/eleccionesgt2023?__eep__=6&amp;__cft__[0]=AZWoIR4XvQ4iF2HiodTA39-kw9-W7E54z_Uchv9DnTZ-Sz6m6z2baBKiG5ySUZpEt_vXP42ZZRnHjLLELbG2jbQn2jnUfULpRzPg6D63y6ARPKyQSQRtOBthIioh4eIDSqYogDmLtPcEqAqXXI6ioW7HqS_Q5Yj3aOkzAoNYxzpNYBXII5rkZ0F0ji_u2AtrAyw&amp;__tn__=*NK-R\">#EleccionesGT2023<\/a><a href=\"https:\/\/www.facebook.com\/hashtag\/tseguatemala?__eep__=6&amp;__cft__[0]=AZWoIR4XvQ4iF2HiodTA39-kw9-W7E54z_Uchv9DnTZ-Sz6m6z2baBKiG5ySUZpEt_vXP42ZZRnHjLLELbG2jbQn2jnUfULpRzPg6D63y6ARPKyQSQRtOBthIioh4eIDSqYogDmLtPcEqAqXXI6ioW7HqS_Q5Yj3aOkzAoNYxzpNYBXII5rkZ0F0ji_u2AtrAyw&amp;__tn__=*NK-R\">#TSEGuatemala<\/a><a href=\"https:\/\/www.facebook.com\/hashtag\/yovoto?__eep__=6&amp;__cft__[0]=AZWoIR4XvQ4iF2HiodTA39-kw9-W7E54z_Uchv9DnTZ-Sz6m6z2baBKiG5ySUZpEt_vXP42ZZRnHjLLELbG2jbQn2jnUfULpRzPg6D63y6ARPKyQSQRtOBthIioh4eIDSqYogDmLtPcEqAqXXI6ioW7HqS_Q5Yj3aOkzAoNYxzpNYBXII5rkZ0F0ji_u2AtrAyw&amp;__tn__=*NK-R\">#Yovoto<\/a><a href=\"https:\/\/www.facebook.com\/hashtag\/oea?__eep__=6&amp;__cft__[0]=AZWoIR4XvQ4iF2HiodTA39-kw9-W7E54z_Uchv9DnTZ-Sz6m6z2baBKiG5ySUZpEt_vXP42ZZRnHjLLELbG2jbQn2jnUfULpRzPg6D63y6ARPKyQSQRtOBthIioh4eIDSqYogDmLtPcEqAqXXI6ioW7HqS_Q5Yj3aOkzAoNYxzpNYBXII5rkZ0F0ji_u2AtrAyw&amp;__tn__=*NK-R\">#OEA<\/a><\/p>\n\n\n\n<figure class=\"wp-block-gallery has-nested-images columns-default is-cropped wp-block-gallery-1 is-layout-flex wp-block-gallery-is-layout-flex\">\n<figure class=\"wp-block-image size-large\"><img loading=\"lazy\" decoding=\"async\" width=\"679\" height=\"372\" data-id=\"65591\" src=\"https:\/\/elmetropolitano.com.gt\/es\/wp-content\/uploads\/2023\/05\/346101126_132975149772752_8106037532908225066_n.jpg\" alt=\"\" class=\"wp-image-65591\" srcset=\"https:\/\/elmetropolitano.com.gt\/es\/wp-content\/uploads\/2023\/05\/346101126_132975149772752_8106037532908225066_n.jpg 679w, https:\/\/elmetropolitano.com.gt\/es\/wp-content\/uploads\/2023\/05\/346101126_132975149772752_8106037532908225066_n-300x164.jpg 300w, https:\/\/elmetropolitano.com.gt\/es\/wp-content\/uploads\/2023\/05\/346101126_132975149772752_8106037532908225066_n-600x329.jpg 600w\" sizes=\"auto, (max-width: 679px) 100vw, 679px\" \/><\/figure>\n\n\n\n<figure class=\"wp-block-image size-large\"><img loading=\"lazy\" decoding=\"async\" width=\"680\" height=\"454\" data-id=\"65592\" src=\"https:\/\/elmetropolitano.com.gt\/es\/wp-content\/uploads\/2023\/05\/346288531_1311183086273782_2188763938289053336_n.jpg\" alt=\"\" class=\"wp-image-65592\" srcset=\"https:\/\/elmetropolitano.com.gt\/es\/wp-content\/uploads\/2023\/05\/346288531_1311183086273782_2188763938289053336_n.jpg 680w, https:\/\/elmetropolitano.com.gt\/es\/wp-content\/uploads\/2023\/05\/346288531_1311183086273782_2188763938289053336_n-300x200.jpg 300w, https:\/\/elmetropolitano.com.gt\/es\/wp-content\/uploads\/2023\/05\/346288531_1311183086273782_2188763938289053336_n-600x401.jpg 600w\" sizes=\"auto, (max-width: 680px) 100vw, 680px\" \/><\/figure>\n\n\n\n<figure class=\"wp-block-image size-large\"><img loading=\"lazy\" decoding=\"async\" width=\"678\" height=\"268\" data-id=\"65590\" src=\"https:\/\/elmetropolitano.com.gt\/es\/wp-content\/uploads\/2023\/05\/346451685_749411130210601_4155543066823663421_n.jpg\" alt=\"\" class=\"wp-image-65590\" srcset=\"https:\/\/elmetropolitano.com.gt\/es\/wp-content\/uploads\/2023\/05\/346451685_749411130210601_4155543066823663421_n.jpg 678w, https:\/\/elmetropolitano.com.gt\/es\/wp-content\/uploads\/2023\/05\/346451685_749411130210601_4155543066823663421_n-300x119.jpg 300w, https:\/\/elmetropolitano.com.gt\/es\/wp-content\/uploads\/2023\/05\/346451685_749411130210601_4155543066823663421_n-600x237.jpg 600w\" sizes=\"auto, (max-width: 678px) 100vw, 678px\" \/><\/figure>\n<\/figure>\n","protected":false},"excerpt":{"rendered":"<p>El Presidente de Guatemala Alejandro Giammattei se reuni\u00f3 este mi\u00e9rcoles con autoridades de la misi\u00f3n de observadores electorales de la Organizaci\u00f3n de los Estados Americanos (OEA). A trav\u00e9s de sus redes oficiales, el jefe del Ejecutivo inform\u00f3 que en dicha reuni\u00f3n se abordaron las labores interinstitucionales a favor de las elecciones generales, que se celebrar\u00e1n <a class=\"read-more\" href=\"https:\/\/elmetropolitano.com.gt\/es\/presidente-se-reune-con-mision-de-observadores-electorales-de-la-oea\/\">Leer m\u00e1s<\/a><\/p>\n","protected":false},"author":1,"featured_media":65589,"comment_status":"open","ping_status":"closed","sticky":false,"template":"","format":"standard","meta":{"footnotes":""},"categories":[2],"tags":[12],"class_list":["post-65588","post","type-post","status-publish","format-standard","has-post-thumbnail","hentry","category-nacionales","tag-nacionales"],"_links":{"self":[{"href":"https:\/\/elmetropolitano.com.gt\/es\/wp-json\/wp\/v2\/posts\/65588","targetHints":{"allow":["GET"]}}],"collection":[{"href":"https:\/\/elmetropolitano.com.gt\/es\/wp-json\/wp\/v2\/posts"}],"about":[{"href":"https:\/\/elmetropolitano.com.gt\/es\/wp-json\/wp\/v2\/types\/post"}],"author":[{"embeddable":true,"href":"https:\/\/elmetropolitano.com.gt\/es\/wp-json\/wp\/v2\/users\/1"}],"replies":[{"embeddable":true,"href":"https:\/\/elmetropolitano.com.gt\/es\/wp-json\/wp\/v2\/comments?post=65588"}],"version-history":[{"count":1,"href":"https:\/\/elmetropolitano.com.gt\/es\/wp-json\/wp\/v2\/posts\/65588\/revisions"}],"predecessor-version":[{"id":65593,"href":"https:\/\/elmetropolitano.com.gt\/es\/wp-json\/wp\/v2\/posts\/65588\/revisions\/65593"}],"wp:featuredmedia":[{"embeddable":true,"href":"https:\/\/elmetropolitano.com.gt\/es\/wp-json\/wp\/v2\/media\/65589"}],"wp:attachment":[{"href":"https:\/\/elmetropolitano.com.gt\/es\/wp-json\/wp\/v2\/media?parent=65588"}],"wp:term":[{"taxonomy":"category","embeddable":true,"href":"https:\/\/elmetropolitano.com.gt\/es\/wp-json\/wp\/v2\/categories?post=65588"},{"taxonomy":"post_tag","embeddable":true,"href":"https:\/\/elmetropolitano.com.gt\/es\/wp-json\/wp\/v2\/tags?post=65588"}],"curies":[{"name":"wp","href":"https:\/\/api.w.org\/{rel}","templated":true}]}}