{"id":65706,"date":"2023-05-13T19:36:39","date_gmt":"2023-05-14T01:36:39","guid":{"rendered":"https:\/\/elmetropolitano.com.gt\/es\/?p=65706"},"modified":"2023-05-13T19:36:40","modified_gmt":"2023-05-14T01:36:40","slug":"expertos-en-inteligencia-artificial-podran-compartir-sus-experiencias-en-converciencia-2023","status":"publish","type":"post","link":"https:\/\/elmetropolitano.com.gt\/es\/expertos-en-inteligencia-artificial-podran-compartir-sus-experiencias-en-converciencia-2023\/","title":{"rendered":"<strong>Expertos en inteligencia artificial podr\u00e1n compartir sus experiencias en CONVERCIENCIA 2023<\/strong>"},"content":{"rendered":"\n<p>Senacyt invita a expertos en el tema para ser conferencista del evento de divulgaci\u00f3n CONVERCIENCIA 2023<\/p>\n\n\n\n<p>\u00bfLa inteligencia artificial es un aliado o una amenaza para la humanidad? respuesta a preguntas como esta podr\u00e1n ser resueltas en CONVERCIENCIA 2023, un evento que est\u00e1 organizando la Secretar\u00eda Nacional de Ciencia y Tecnolog\u00eda (Senacyt), quien lanza la convocatoria para que expertos y apasionados en el tema de inteligencia artificial (IA) tengan un encuentro en el que puedan conversar sobre su experiencia, y tambi\u00e9n compartir sus conocimientos.<\/p><div class=\"elmet-contenido\" id=\"elmet-1428603495\"><div class=\"elmet-adlabel\">Anuncios<\/div><div style=\"margin-top: 20px;margin-right: 20px;margin-bottom: 20px;margin-left: 20px;\" id=\"elmet-3896541260\"><a href=\"https:\/\/www.facebook.com\/arrincuanantigua\/\" aria-label=\"cintillo-arrin-cual\"><img loading=\"lazy\" decoding=\"async\" src=\"https:\/\/elmetropolitano.com.gt\/es\/wp-content\/uploads\/2021\/11\/cintillo-arrin-cual-1.jpg\" alt=\"\"  srcset=\"https:\/\/elmetropolitano.com.gt\/es\/wp-content\/uploads\/2021\/11\/cintillo-arrin-cual-1.jpg 750w, https:\/\/elmetropolitano.com.gt\/es\/wp-content\/uploads\/2021\/11\/cintillo-arrin-cual-1-300x36.jpg 300w, https:\/\/elmetropolitano.com.gt\/es\/wp-content\/uploads\/2021\/11\/cintillo-arrin-cual-1-600x72.jpg 600w\" sizes=\"(max-width: 750px) 100vw, 750px\" width=\"750\" height=\"90\"   \/><\/a><\/div><\/div>\n\n\n\n<p>Los interesados en postularse tienen hasta el 25 de mayo de 2023 para enviar su propuesta al siguiente enlace <a href=\"https:\/\/forms.office.com\/r\/6Z3ysvRUA2\">https:\/\/forms.office.com\/r\/6Z3ysvRUA2<\/a> o escribir al correo <a href=\"mailto:otrejo@senacyt.gob.gt\">otrejo@senacyt.gob.gt<\/a> para resolver sus dudas.<\/p>\n\n\n\n<p><a href=\"https:\/\/converciencia.senacyt.gob.gt\/portal\/\">CONVERCIENCIA<\/a>&nbsp;tiene como objeto estimular la difusi\u00f3n, promoci\u00f3n y popularizaci\u00f3n de la producci\u00f3n cient\u00edfica y tecnol\u00f3gica por medio de la convergencia entre cient\u00edficos guatemaltecos e internacionales con el sector de investigaci\u00f3n del sector p\u00fablico, privado y academia de Guatemala. Para 2023, el tema se enfoca en <strong>Inteligencia artificial, m\u00e1s all\u00e1 de la inteligencia humana<\/strong>.<\/p>\n\n\n\n<p>La IA ha llegado para quedarse y aunque ha generado dudas y preocupaciones tambi\u00e9n presenta grandes oportunidades para los profesionales al abrir las puertas a un mundo tecnol\u00f3gico que optimiza los recursos y crea nuevas formas de solucionar los problemas sociales.<\/p>\n\n\n\n<p>Los interesados en ser conferencistas pueden ser investigadores cient\u00edficos enfocados en la IA y conocer las tendencias innovadoras que presenta esta tecnolog\u00eda, as\u00ed como casos de \u00e9xitos en los que la IA hayan dotado herramientas o soluciones atractivas y actualizadas.<\/p>\n\n\n\n<p>La inteligencia artificial es un tema en el que la Senacyt ha puesto especial atenci\u00f3n y por tal motivo se han realizado talleres para docentes de Totonicap\u00e1n y Sacatep\u00e9quez en los cuales se han visto el inter\u00e9s de los educadores para poner en pr\u00e1ctica esta tecnolog\u00eda para ense\u00f1ar a las nuevas generaciones de c\u00f3mo hacer uso y adaptarse a las herramientas digitales que est\u00e1n revolucionando el mundo.<\/p>\n\n\n\n<p>#metroredes<\/p>\n\n\n\n<figure class=\"wp-block-gallery has-nested-images columns-default is-cropped wp-block-gallery-1 is-layout-flex wp-block-gallery-is-layout-flex\">\n<figure class=\"wp-block-image size-large\"><img loading=\"lazy\" decoding=\"async\" width=\"1024\" height=\"1014\" data-id=\"65708\" src=\"https:\/\/elmetropolitano.com.gt\/es\/wp-content\/uploads\/2023\/05\/imagen-Converciencia2023_Mesa-de-trabajo-1-1024x1014.jpg\" alt=\"\" class=\"wp-image-65708\" srcset=\"https:\/\/elmetropolitano.com.gt\/es\/wp-content\/uploads\/2023\/05\/imagen-Converciencia2023_Mesa-de-trabajo-1-1024x1014.jpg 1024w, https:\/\/elmetropolitano.com.gt\/es\/wp-content\/uploads\/2023\/05\/imagen-Converciencia2023_Mesa-de-trabajo-1-300x297.jpg 300w, https:\/\/elmetropolitano.com.gt\/es\/wp-content\/uploads\/2023\/05\/imagen-Converciencia2023_Mesa-de-trabajo-1-150x150.jpg 150w, https:\/\/elmetropolitano.com.gt\/es\/wp-content\/uploads\/2023\/05\/imagen-Converciencia2023_Mesa-de-trabajo-1-768x761.jpg 768w, https:\/\/elmetropolitano.com.gt\/es\/wp-content\/uploads\/2023\/05\/imagen-Converciencia2023_Mesa-de-trabajo-1-1536x1521.jpg 1536w, https:\/\/elmetropolitano.com.gt\/es\/wp-content\/uploads\/2023\/05\/imagen-Converciencia2023_Mesa-de-trabajo-1-2048x2028.jpg 2048w, https:\/\/elmetropolitano.com.gt\/es\/wp-content\/uploads\/2023\/05\/imagen-Converciencia2023_Mesa-de-trabajo-1-600x594.jpg 600w, https:\/\/elmetropolitano.com.gt\/es\/wp-content\/uploads\/2023\/05\/imagen-Converciencia2023_Mesa-de-trabajo-1-100x100.jpg 100w\" sizes=\"auto, (max-width: 1024px) 100vw, 1024px\" \/><\/figure>\n<\/figure>\n","protected":false},"excerpt":{"rendered":"<p>Senacyt invita a expertos en el tema para ser conferencista del evento de divulgaci\u00f3n CONVERCIENCIA 2023 \u00bfLa inteligencia artificial es un aliado o una amenaza para la humanidad? respuesta a preguntas como esta podr\u00e1n ser resueltas en CONVERCIENCIA 2023, un evento que est\u00e1 organizando la Secretar\u00eda Nacional de Ciencia y Tecnolog\u00eda (Senacyt), quien lanza la <a class=\"read-more\" href=\"https:\/\/elmetropolitano.com.gt\/es\/expertos-en-inteligencia-artificial-podran-compartir-sus-experiencias-en-converciencia-2023\/\">Leer m\u00e1s<\/a><\/p>\n","protected":false},"author":1,"featured_media":65707,"comment_status":"open","ping_status":"closed","sticky":false,"template":"","format":"standard","meta":{"footnotes":""},"categories":[2],"tags":[12],"class_list":["post-65706","post","type-post","status-publish","format-standard","has-post-thumbnail","hentry","category-nacionales","tag-nacionales"],"_links":{"self":[{"href":"https:\/\/elmetropolitano.com.gt\/es\/wp-json\/wp\/v2\/posts\/65706","targetHints":{"allow":["GET"]}}],"collection":[{"href":"https:\/\/elmetropolitano.com.gt\/es\/wp-json\/wp\/v2\/posts"}],"about":[{"href":"https:\/\/elmetropolitano.com.gt\/es\/wp-json\/wp\/v2\/types\/post"}],"author":[{"embeddable":true,"href":"https:\/\/elmetropolitano.com.gt\/es\/wp-json\/wp\/v2\/users\/1"}],"replies":[{"embeddable":true,"href":"https:\/\/elmetropolitano.com.gt\/es\/wp-json\/wp\/v2\/comments?post=65706"}],"version-history":[{"count":1,"href":"https:\/\/elmetropolitano.com.gt\/es\/wp-json\/wp\/v2\/posts\/65706\/revisions"}],"predecessor-version":[{"id":65709,"href":"https:\/\/elmetropolitano.com.gt\/es\/wp-json\/wp\/v2\/posts\/65706\/revisions\/65709"}],"wp:featuredmedia":[{"embeddable":true,"href":"https:\/\/elmetropolitano.com.gt\/es\/wp-json\/wp\/v2\/media\/65707"}],"wp:attachment":[{"href":"https:\/\/elmetropolitano.com.gt\/es\/wp-json\/wp\/v2\/media?parent=65706"}],"wp:term":[{"taxonomy":"category","embeddable":true,"href":"https:\/\/elmetropolitano.com.gt\/es\/wp-json\/wp\/v2\/categories?post=65706"},{"taxonomy":"post_tag","embeddable":true,"href":"https:\/\/elmetropolitano.com.gt\/es\/wp-json\/wp\/v2\/tags?post=65706"}],"curies":[{"name":"wp","href":"https:\/\/api.w.org\/{rel}","templated":true}]}}