{"id":65781,"date":"2023-05-14T22:18:14","date_gmt":"2023-05-15T04:18:14","guid":{"rendered":"https:\/\/elmetropolitano.com.gt\/es\/?p=65781"},"modified":"2023-05-14T22:18:15","modified_gmt":"2023-05-15T04:18:15","slug":"habitantes-de-san-jose-pinula-y-fraijanes-escuchan-propuestas-de-edmond-mulet","status":"publish","type":"post","link":"https:\/\/elmetropolitano.com.gt\/es\/habitantes-de-san-jose-pinula-y-fraijanes-escuchan-propuestas-de-edmond-mulet\/","title":{"rendered":"Habitantes de San Jos\u00e9 Pinula y Fraijanes escuchan propuestas de Edmond Mulet"},"content":{"rendered":"\n<p>Los municipios de San Jos\u00e9 Pinula y Fraijanes dieron el Marco para la visita del candidato a presidente por CABAL, Edmond Mulet, quien reconoci\u00f3 y abord\u00f3 los problemas que enfrentan los vecinos desde la falta de servicios, seguridad, accesibilidad y trabajo que les permita fortalecer su econom\u00eda y seguridad.<\/p>\n\n\n\n<p>Mulet destac\u00f3 que de la mano de todos los alcaldes que resulten electos trabajar\u00e1 para <a><\/a>mejorar la seguridad, el sistema de salud, el transporte p\u00fablico y en general recuperar a Guatemala del abandono que ha sufrido durante varias d\u00e9cadas.<\/p><div class=\"elmet-contenido\" id=\"elmet-1918073458\"><div class=\"elmet-adlabel\">Anuncios<\/div><div style=\"margin-top: 20px;margin-right: 20px;margin-bottom: 20px;margin-left: 20px;\" id=\"elmet-176982472\"><a href=\"https:\/\/www.facebook.com\/arrincuanantigua\/\" aria-label=\"cintillo-arrin-cual\"><img loading=\"lazy\" decoding=\"async\" src=\"https:\/\/elmetropolitano.com.gt\/es\/wp-content\/uploads\/2021\/11\/cintillo-arrin-cual-1.jpg\" alt=\"\"  srcset=\"https:\/\/elmetropolitano.com.gt\/es\/wp-content\/uploads\/2021\/11\/cintillo-arrin-cual-1.jpg 750w, https:\/\/elmetropolitano.com.gt\/es\/wp-content\/uploads\/2021\/11\/cintillo-arrin-cual-1-300x36.jpg 300w, https:\/\/elmetropolitano.com.gt\/es\/wp-content\/uploads\/2021\/11\/cintillo-arrin-cual-1-600x72.jpg 600w\" sizes=\"(max-width: 750px) 100vw, 750px\" width=\"750\" height=\"90\"   \/><\/a><\/div><\/div>\n\n\n\n<p>\u00abEl proyecto de Cabal no es un proyecto peque\u00f1o, porque recoge los anhelos de miles de mujeres, j\u00f3venes, de gente que trabaja con fuerza. Gracias por esta reuni\u00f3n tan productiva, cuentan con nuestro apoyo. Somos Gente CABAL<\/p>\n\n\n\n<p>Hagamos lo correcto\u00bb, reiter\u00f3.<\/p>\n\n\n\n<p>#metroredes<\/p>\n\n\n\n<figure class=\"wp-block-gallery has-nested-images columns-default is-cropped wp-block-gallery-1 is-layout-flex wp-block-gallery-is-layout-flex\">\n<figure class=\"wp-block-image size-large\"><img loading=\"lazy\" decoding=\"async\" width=\"1024\" height=\"666\" data-id=\"65783\" src=\"https:\/\/elmetropolitano.com.gt\/es\/wp-content\/uploads\/2023\/05\/345052577_621370943371797_6280392327659087174_n.jpg\" alt=\"\" class=\"wp-image-65783\" srcset=\"https:\/\/elmetropolitano.com.gt\/es\/wp-content\/uploads\/2023\/05\/345052577_621370943371797_6280392327659087174_n.jpg 1024w, https:\/\/elmetropolitano.com.gt\/es\/wp-content\/uploads\/2023\/05\/345052577_621370943371797_6280392327659087174_n-300x195.jpg 300w, https:\/\/elmetropolitano.com.gt\/es\/wp-content\/uploads\/2023\/05\/345052577_621370943371797_6280392327659087174_n-768x500.jpg 768w, https:\/\/elmetropolitano.com.gt\/es\/wp-content\/uploads\/2023\/05\/345052577_621370943371797_6280392327659087174_n-600x390.jpg 600w\" sizes=\"auto, (max-width: 1024px) 100vw, 1024px\" \/><\/figure>\n\n\n\n<figure class=\"wp-block-image size-large\"><img loading=\"lazy\" decoding=\"async\" width=\"1024\" height=\"684\" data-id=\"65785\" src=\"https:\/\/elmetropolitano.com.gt\/es\/wp-content\/uploads\/2023\/05\/345068547_1469265390548333_1128566412702825829_n.jpg\" alt=\"\" class=\"wp-image-65785\" srcset=\"https:\/\/elmetropolitano.com.gt\/es\/wp-content\/uploads\/2023\/05\/345068547_1469265390548333_1128566412702825829_n.jpg 1024w, https:\/\/elmetropolitano.com.gt\/es\/wp-content\/uploads\/2023\/05\/345068547_1469265390548333_1128566412702825829_n-300x200.jpg 300w, https:\/\/elmetropolitano.com.gt\/es\/wp-content\/uploads\/2023\/05\/345068547_1469265390548333_1128566412702825829_n-768x513.jpg 768w, https:\/\/elmetropolitano.com.gt\/es\/wp-content\/uploads\/2023\/05\/345068547_1469265390548333_1128566412702825829_n-600x401.jpg 600w\" sizes=\"auto, (max-width: 1024px) 100vw, 1024px\" \/><\/figure>\n\n\n\n<figure class=\"wp-block-image size-large\"><img loading=\"lazy\" decoding=\"async\" width=\"1024\" height=\"684\" data-id=\"65784\" src=\"https:\/\/elmetropolitano.com.gt\/es\/wp-content\/uploads\/2023\/05\/345466869_3427414097513660_3795741698124009189_n.jpg\" alt=\"\" class=\"wp-image-65784\" srcset=\"https:\/\/elmetropolitano.com.gt\/es\/wp-content\/uploads\/2023\/05\/345466869_3427414097513660_3795741698124009189_n.jpg 1024w, https:\/\/elmetropolitano.com.gt\/es\/wp-content\/uploads\/2023\/05\/345466869_3427414097513660_3795741698124009189_n-300x200.jpg 300w, https:\/\/elmetropolitano.com.gt\/es\/wp-content\/uploads\/2023\/05\/345466869_3427414097513660_3795741698124009189_n-768x513.jpg 768w, https:\/\/elmetropolitano.com.gt\/es\/wp-content\/uploads\/2023\/05\/345466869_3427414097513660_3795741698124009189_n-600x401.jpg 600w\" sizes=\"auto, (max-width: 1024px) 100vw, 1024px\" \/><\/figure>\n<\/figure>\n","protected":false},"excerpt":{"rendered":"<p>Los municipios de San Jos\u00e9 Pinula y Fraijanes dieron el Marco para la visita del candidato a presidente por CABAL, Edmond Mulet, quien reconoci\u00f3 y abord\u00f3 los problemas que enfrentan los vecinos desde la falta de servicios, seguridad, accesibilidad y trabajo que les permita fortalecer su econom\u00eda y seguridad. Mulet destac\u00f3 que de la mano <a class=\"read-more\" href=\"https:\/\/elmetropolitano.com.gt\/es\/habitantes-de-san-jose-pinula-y-fraijanes-escuchan-propuestas-de-edmond-mulet\/\">Leer m\u00e1s<\/a><\/p>\n","protected":false},"author":1,"featured_media":65782,"comment_status":"open","ping_status":"closed","sticky":false,"template":"","format":"standard","meta":{"footnotes":""},"categories":[97],"tags":[98],"class_list":["post-65781","post","type-post","status-publish","format-standard","has-post-thumbnail","hentry","category-politica","tag-politica"],"_links":{"self":[{"href":"https:\/\/elmetropolitano.com.gt\/es\/wp-json\/wp\/v2\/posts\/65781","targetHints":{"allow":["GET"]}}],"collection":[{"href":"https:\/\/elmetropolitano.com.gt\/es\/wp-json\/wp\/v2\/posts"}],"about":[{"href":"https:\/\/elmetropolitano.com.gt\/es\/wp-json\/wp\/v2\/types\/post"}],"author":[{"embeddable":true,"href":"https:\/\/elmetropolitano.com.gt\/es\/wp-json\/wp\/v2\/users\/1"}],"replies":[{"embeddable":true,"href":"https:\/\/elmetropolitano.com.gt\/es\/wp-json\/wp\/v2\/comments?post=65781"}],"version-history":[{"count":1,"href":"https:\/\/elmetropolitano.com.gt\/es\/wp-json\/wp\/v2\/posts\/65781\/revisions"}],"predecessor-version":[{"id":65786,"href":"https:\/\/elmetropolitano.com.gt\/es\/wp-json\/wp\/v2\/posts\/65781\/revisions\/65786"}],"wp:featuredmedia":[{"embeddable":true,"href":"https:\/\/elmetropolitano.com.gt\/es\/wp-json\/wp\/v2\/media\/65782"}],"wp:attachment":[{"href":"https:\/\/elmetropolitano.com.gt\/es\/wp-json\/wp\/v2\/media?parent=65781"}],"wp:term":[{"taxonomy":"category","embeddable":true,"href":"https:\/\/elmetropolitano.com.gt\/es\/wp-json\/wp\/v2\/categories?post=65781"},{"taxonomy":"post_tag","embeddable":true,"href":"https:\/\/elmetropolitano.com.gt\/es\/wp-json\/wp\/v2\/tags?post=65781"}],"curies":[{"name":"wp","href":"https:\/\/api.w.org\/{rel}","templated":true}]}}