{"id":65829,"date":"2023-05-15T14:43:34","date_gmt":"2023-05-15T20:43:34","guid":{"rendered":"https:\/\/elmetropolitano.com.gt\/es\/?p=65829"},"modified":"2023-05-15T14:43:37","modified_gmt":"2023-05-15T20:43:37","slug":"tse-distribuye-mobiliario-electoral-y-prepara-kit-para-centros-de-votacion","status":"publish","type":"post","link":"https:\/\/elmetropolitano.com.gt\/es\/tse-distribuye-mobiliario-electoral-y-prepara-kit-para-centros-de-votacion\/","title":{"rendered":"TSE distribuye mobiliario electoral y prepara kit para centros de votaci\u00f3n"},"content":{"rendered":"\n<p>Atriles y mesas electorales es parte de mobiliario destinado a los centros de votaci\u00f3n que se distribuye por el Tribunal Supremo Electora TSE los cuales ya est\u00e1n en Quetzaltenango. Huehuetenango, Solol\u00e1, Izabal y El Progreso, seg\u00fan explic\u00f3 Mario R\u00edos, coordinador de Log\u00edstica y Mobiliario Electoral de la Instituci\u00f3n.<\/p>\n\n\n\n<p><a><\/a>Mientras que el 16 de junio ser\u00e1n distribuidos en Guatemala y el distrito central. El mobiliario tambi\u00e9n est\u00e1 compuesto por sillas, que ser\u00e1n usadas por los integrantes de las Juntas Receptoras de Votos (JRV) el 25 de junio, d\u00eda de las elecciones generales 2023.<\/p><div class=\"elmet-contenido\" id=\"elmet-1511048685\"><div class=\"elmet-adlabel\">Anuncios<\/div><div style=\"margin-top: 20px;margin-right: 20px;margin-bottom: 20px;margin-left: 20px;\" id=\"elmet-1978268268\"><a href=\"https:\/\/www.facebook.com\/arrincuanantigua\/\" aria-label=\"cintillo-arrin-cual\"><img loading=\"lazy\" decoding=\"async\" src=\"https:\/\/elmetropolitano.com.gt\/es\/wp-content\/uploads\/2021\/11\/cintillo-arrin-cual-1.jpg\" alt=\"\"  srcset=\"https:\/\/elmetropolitano.com.gt\/es\/wp-content\/uploads\/2021\/11\/cintillo-arrin-cual-1.jpg 750w, https:\/\/elmetropolitano.com.gt\/es\/wp-content\/uploads\/2021\/11\/cintillo-arrin-cual-1-300x36.jpg 300w, https:\/\/elmetropolitano.com.gt\/es\/wp-content\/uploads\/2021\/11\/cintillo-arrin-cual-1-600x72.jpg 600w\" sizes=\"(max-width: 750px) 100vw, 750px\" width=\"750\" height=\"90\"   \/><\/a><\/div><\/div>\n\n\n\n<p>La distribuci\u00f3n de mobiliario, como parte de la log\u00edstica coordinada por la Direcci\u00f3n Electoral, se suma a otros preparativos como los insumos para las JRV. Gloria L\u00f3pez, directora Electoral del TSE, explic\u00f3 que se integran los kits que contienen brazaletes para identificar a cada integrante de las JRV, rollo de papel que sirve para secar el exceso de tinta indeleble, una cuenta f\u00e1cil que se usa en el conteo de las papeletas, masking tape, lapiceros y crayones para marcar el voto.<\/p>\n\n\n\n<p>#metroredes<\/p>\n\n\n\n<p><\/p>\n\n\n\n<p>L\u00f3pez agreg\u00f3 que m\u00e1s adelante elaborar\u00e1n otro kit que incluye: calculadora, tinta indeleble y el sello que identifica las Elecciones Generales 2023. Adem\u00e1s, un tercer kit que contiene documentos electorales, el acta de inicio, control de votantes y el acta final de cierre de escrutinios, conocida como acta 4.<\/p>\n\n\n\n<p>El traslado de estos kits a los diferentes departamentos se realizar\u00e1 bajo fuertes medidas de seguridad empleando veh\u00edculos con GPS, y el acompa\u00f1amiento de agentes de seguridad. Las medidas de resguardo se coordinan con diferentes instituciones p\u00fablicas y privadas, destac\u00f3 la Directora Electoral<\/p>\n\n\n\n<p><a href=\"https:\/\/www.facebook.com\/hashtag\/eleccionesgt2023?__eep__=6&amp;__cft__[0]=AZX2tssDiEDXeKLWRsyVRDA5RbtyrOVLE1S1NnTl-UhL31A_GlX4X31RcMOIJCKWzpu4z5wcyJs_S67MgWT09pjr-DWwQSvzalwbTLxhiWq4LlbO66iAQdQenGU2LCKxSaKADUAq8_qk7pzPkl0NvgLiK3e0w3yZmQ1N9PL9dpf-gxl8cPkFvOXf97lggtxccug&amp;__tn__=*NK-R\">#EleccionesGT2023<\/a><a href=\"https:\/\/www.facebook.com\/hashtag\/yovoto?__eep__=6&amp;__cft__[0]=AZX2tssDiEDXeKLWRsyVRDA5RbtyrOVLE1S1NnTl-UhL31A_GlX4X31RcMOIJCKWzpu4z5wcyJs_S67MgWT09pjr-DWwQSvzalwbTLxhiWq4LlbO66iAQdQenGU2LCKxSaKADUAq8_qk7pzPkl0NvgLiK3e0w3yZmQ1N9PL9dpf-gxl8cPkFvOXf97lggtxccug&amp;__tn__=*NK-R\">#YoVoto<\/a><\/p>\n\n\n\n<p><\/p>\n","protected":false},"excerpt":{"rendered":"<p>Atriles y mesas electorales es parte de mobiliario destinado a los centros de votaci\u00f3n que se distribuye por el Tribunal Supremo Electora TSE los cuales ya est\u00e1n en Quetzaltenango. Huehuetenango, Solol\u00e1, Izabal y El Progreso, seg\u00fan explic\u00f3 Mario R\u00edos, coordinador de Log\u00edstica y Mobiliario Electoral de la Instituci\u00f3n. Mientras que el 16 de junio ser\u00e1n <a class=\"read-more\" href=\"https:\/\/elmetropolitano.com.gt\/es\/tse-distribuye-mobiliario-electoral-y-prepara-kit-para-centros-de-votacion\/\">Leer m\u00e1s<\/a><\/p>\n","protected":false},"author":1,"featured_media":65830,"comment_status":"open","ping_status":"closed","sticky":false,"template":"","format":"standard","meta":{"footnotes":""},"categories":[2],"tags":[12],"class_list":["post-65829","post","type-post","status-publish","format-standard","has-post-thumbnail","hentry","category-nacionales","tag-nacionales"],"_links":{"self":[{"href":"https:\/\/elmetropolitano.com.gt\/es\/wp-json\/wp\/v2\/posts\/65829","targetHints":{"allow":["GET"]}}],"collection":[{"href":"https:\/\/elmetropolitano.com.gt\/es\/wp-json\/wp\/v2\/posts"}],"about":[{"href":"https:\/\/elmetropolitano.com.gt\/es\/wp-json\/wp\/v2\/types\/post"}],"author":[{"embeddable":true,"href":"https:\/\/elmetropolitano.com.gt\/es\/wp-json\/wp\/v2\/users\/1"}],"replies":[{"embeddable":true,"href":"https:\/\/elmetropolitano.com.gt\/es\/wp-json\/wp\/v2\/comments?post=65829"}],"version-history":[{"count":1,"href":"https:\/\/elmetropolitano.com.gt\/es\/wp-json\/wp\/v2\/posts\/65829\/revisions"}],"predecessor-version":[{"id":65831,"href":"https:\/\/elmetropolitano.com.gt\/es\/wp-json\/wp\/v2\/posts\/65829\/revisions\/65831"}],"wp:featuredmedia":[{"embeddable":true,"href":"https:\/\/elmetropolitano.com.gt\/es\/wp-json\/wp\/v2\/media\/65830"}],"wp:attachment":[{"href":"https:\/\/elmetropolitano.com.gt\/es\/wp-json\/wp\/v2\/media?parent=65829"}],"wp:term":[{"taxonomy":"category","embeddable":true,"href":"https:\/\/elmetropolitano.com.gt\/es\/wp-json\/wp\/v2\/categories?post=65829"},{"taxonomy":"post_tag","embeddable":true,"href":"https:\/\/elmetropolitano.com.gt\/es\/wp-json\/wp\/v2\/tags?post=65829"}],"curies":[{"name":"wp","href":"https:\/\/api.w.org\/{rel}","templated":true}]}}