{"id":65843,"date":"2023-05-15T16:53:07","date_gmt":"2023-05-15T22:53:07","guid":{"rendered":"https:\/\/elmetropolitano.com.gt\/es\/?p=65843"},"modified":"2023-05-15T16:53:09","modified_gmt":"2023-05-15T22:53:09","slug":"dan-tramite-a-amparo-que-pone-en-riesgo-la-candidatura-de-carlos-pineda","status":"publish","type":"post","link":"https:\/\/elmetropolitano.com.gt\/es\/dan-tramite-a-amparo-que-pone-en-riesgo-la-candidatura-de-carlos-pineda\/","title":{"rendered":"Dan tr\u00e1mite a amparo que pone en riesgo la candidatura de Carlos Pineda"},"content":{"rendered":"\n<p>La Sala Sexta del Tribunal de lo Contencioso Administrativo dio tr\u00e1mite al Amparo interpuesto por el partido pol\u00edtico Cambio, de la familia de Manuel Baldiz\u00f3n, en contra de la Segunda Asamblea Nacional del Partido Prosperidad Ciudadana PC, lo que pone en peligro la candidatura presidencial del empresario Carlos Pineda.<\/p>\n\n\n\n<p>Ante esto el tribunal ordena, por medio de un oficio a la Direcci\u00f3n General del Registro de Ciudadanos del Tribunal Supremo Electoral (TSE), entregar un informe circunstanciado acerca del caso, otorgando un plazo 48 horas.<\/p><div class=\"elmet-contenido\" id=\"elmet-301945166\"><div class=\"elmet-adlabel\">Anuncios<\/div><div style=\"margin-top: 20px;margin-right: 20px;margin-bottom: 20px;margin-left: 20px;\" id=\"elmet-1372357337\"><a href=\"https:\/\/www.facebook.com\/arrincuanantigua\/\" aria-label=\"cintillo-arrin-cual\"><img loading=\"lazy\" decoding=\"async\" src=\"https:\/\/elmetropolitano.com.gt\/es\/wp-content\/uploads\/2021\/11\/cintillo-arrin-cual-1.jpg\" alt=\"\"  srcset=\"https:\/\/elmetropolitano.com.gt\/es\/wp-content\/uploads\/2021\/11\/cintillo-arrin-cual-1.jpg 750w, https:\/\/elmetropolitano.com.gt\/es\/wp-content\/uploads\/2021\/11\/cintillo-arrin-cual-1-300x36.jpg 300w, https:\/\/elmetropolitano.com.gt\/es\/wp-content\/uploads\/2021\/11\/cintillo-arrin-cual-1-600x72.jpg 600w\" sizes=\"(max-width: 750px) 100vw, 750px\" width=\"750\" height=\"90\"   \/><\/a><\/div><\/div>\n\n\n\n<p>Por lo que se espera&nbsp; que el fallo de la sala, despu\u00e9s de conocer las exposiciones sobre si procede o no el amparo provisional solicitado por el partido Cambio, sea esta misma semana.<\/p>\n\n\n\n<p>Si este amparo es otorgado de forma provisional, tanto Carlos Pineda, los candidatos a diputados y alcaldes, no podr\u00edan participar en las elecciones del domingo 25 de junio y aunque lo apelen a la Corte de Constitucionalidad, CC, no les dar\u00eda tiempo de participar cuando faltan pocas semanas para las elecciones generales.<\/p>\n\n\n\n<p>Por qu\u00e9 el amparo se cambi\u00f3<\/p>\n\n\n\n<p>El amparo fue presentado por el Secretario General&nbsp; del Partido Cambi\u00f3, Edwin Flores, al considerar que el Tribunal Supremo Electoral incurri\u00f3 en ilegalidades en la inscripci\u00f3n del partido Prosperidad Ciudadana, debido a las irregularidades que se dieron en la segunda asamblea ordinaria de esa agrupaci\u00f3n pol\u00edtica.&nbsp;<\/p>\n\n\n\n<p>El 5 de mayo, Edwin Flores, secretario general partido Cambio, de los hijos de Manuel Baldiz\u00f3n, present\u00f3 un amparo en lo Contencioso Administrativo, donde alegaba que el TSE incurri\u00f3 en irregularidades al permitir la inscripci\u00f3n de Prosperidad Ciudadana, ya que hubo varios vicios durante la Segunda Asamblea Ordinaria de ese partido.<\/p>\n\n\n\n<p>Durante esta Asamblea se omiti\u00f3 presentar informes econ\u00f3micos, listado de firmas de los delegados presentes&#8230;, y se incumpli\u00f3 con la representaci\u00f3n de minor\u00edas de lo que el &nbsp;Registro de Ciudadanos tiene constancia.<\/p>\n\n\n\n<p>#EleccionesGT2023 #metroredes #ProsperidadCiudadana<\/p>\n\n\n\n<figure class=\"wp-block-gallery has-nested-images columns-default is-cropped wp-block-gallery-1 is-layout-flex wp-block-gallery-is-layout-flex\">\n<figure class=\"wp-block-image size-large\"><img loading=\"lazy\" decoding=\"async\" width=\"1024\" height=\"1024\" data-id=\"65845\" src=\"https:\/\/elmetropolitano.com.gt\/es\/wp-content\/uploads\/2023\/05\/347548988_195549533408499_2550648799854285937_n-1-1024x1024.jpg\" alt=\"\" class=\"wp-image-65845\" srcset=\"https:\/\/elmetropolitano.com.gt\/es\/wp-content\/uploads\/2023\/05\/347548988_195549533408499_2550648799854285937_n-1-1024x1024.jpg 1024w, https:\/\/elmetropolitano.com.gt\/es\/wp-content\/uploads\/2023\/05\/347548988_195549533408499_2550648799854285937_n-1-300x300.jpg 300w, https:\/\/elmetropolitano.com.gt\/es\/wp-content\/uploads\/2023\/05\/347548988_195549533408499_2550648799854285937_n-1-150x150.jpg 150w, https:\/\/elmetropolitano.com.gt\/es\/wp-content\/uploads\/2023\/05\/347548988_195549533408499_2550648799854285937_n-1-768x768.jpg 768w, https:\/\/elmetropolitano.com.gt\/es\/wp-content\/uploads\/2023\/05\/347548988_195549533408499_2550648799854285937_n-1-600x600.jpg 600w, https:\/\/elmetropolitano.com.gt\/es\/wp-content\/uploads\/2023\/05\/347548988_195549533408499_2550648799854285937_n-1-100x100.jpg 100w, https:\/\/elmetropolitano.com.gt\/es\/wp-content\/uploads\/2023\/05\/347548988_195549533408499_2550648799854285937_n-1.jpg 1500w\" sizes=\"auto, (max-width: 1024px) 100vw, 1024px\" \/><\/figure>\n<\/figure>\n","protected":false},"excerpt":{"rendered":"<p>La Sala Sexta del Tribunal de lo Contencioso Administrativo dio tr\u00e1mite al Amparo interpuesto por el partido pol\u00edtico Cambio, de la familia de Manuel Baldiz\u00f3n, en contra de la Segunda Asamblea Nacional del Partido Prosperidad Ciudadana PC, lo que pone en peligro la candidatura presidencial del empresario Carlos Pineda. Ante esto el tribunal ordena, por <a class=\"read-more\" href=\"https:\/\/elmetropolitano.com.gt\/es\/dan-tramite-a-amparo-que-pone-en-riesgo-la-candidatura-de-carlos-pineda\/\">Leer m\u00e1s<\/a><\/p>\n","protected":false},"author":1,"featured_media":65844,"comment_status":"open","ping_status":"closed","sticky":false,"template":"","format":"standard","meta":{"footnotes":""},"categories":[97],"tags":[98],"class_list":["post-65843","post","type-post","status-publish","format-standard","has-post-thumbnail","hentry","category-politica","tag-politica"],"_links":{"self":[{"href":"https:\/\/elmetropolitano.com.gt\/es\/wp-json\/wp\/v2\/posts\/65843","targetHints":{"allow":["GET"]}}],"collection":[{"href":"https:\/\/elmetropolitano.com.gt\/es\/wp-json\/wp\/v2\/posts"}],"about":[{"href":"https:\/\/elmetropolitano.com.gt\/es\/wp-json\/wp\/v2\/types\/post"}],"author":[{"embeddable":true,"href":"https:\/\/elmetropolitano.com.gt\/es\/wp-json\/wp\/v2\/users\/1"}],"replies":[{"embeddable":true,"href":"https:\/\/elmetropolitano.com.gt\/es\/wp-json\/wp\/v2\/comments?post=65843"}],"version-history":[{"count":1,"href":"https:\/\/elmetropolitano.com.gt\/es\/wp-json\/wp\/v2\/posts\/65843\/revisions"}],"predecessor-version":[{"id":65846,"href":"https:\/\/elmetropolitano.com.gt\/es\/wp-json\/wp\/v2\/posts\/65843\/revisions\/65846"}],"wp:featuredmedia":[{"embeddable":true,"href":"https:\/\/elmetropolitano.com.gt\/es\/wp-json\/wp\/v2\/media\/65844"}],"wp:attachment":[{"href":"https:\/\/elmetropolitano.com.gt\/es\/wp-json\/wp\/v2\/media?parent=65843"}],"wp:term":[{"taxonomy":"category","embeddable":true,"href":"https:\/\/elmetropolitano.com.gt\/es\/wp-json\/wp\/v2\/categories?post=65843"},{"taxonomy":"post_tag","embeddable":true,"href":"https:\/\/elmetropolitano.com.gt\/es\/wp-json\/wp\/v2\/tags?post=65843"}],"curies":[{"name":"wp","href":"https:\/\/api.w.org\/{rel}","templated":true}]}}