{"id":65848,"date":"2023-05-16T10:41:39","date_gmt":"2023-05-16T16:41:39","guid":{"rendered":"https:\/\/elmetropolitano.com.gt\/es\/?p=65848"},"modified":"2023-05-16T10:41:41","modified_gmt":"2023-05-16T16:41:41","slug":"sandra-torres-ordenara-el-estado-para-facilitar-exportaciones","status":"publish","type":"post","link":"https:\/\/elmetropolitano.com.gt\/es\/sandra-torres-ordenara-el-estado-para-facilitar-exportaciones\/","title":{"rendered":"Sandra Torres ordenar\u00e1 el Estado para facilitar exportaciones"},"content":{"rendered":"\n<p>Durante los pr\u00f3ximos 4 a\u00f1os de gobierno ser\u00e1 posible incrementar el aporte del sector exportador al Producto Interno Bruto ( PIB) al 30 por ciento de \u00e9ste, seg\u00fan estimaciones de la presidenciable Sandra Torres, quien dialog\u00f3 sobre diversos t\u00f3picos con 28 sectores de la Asociaci\u00f3n Nacional Guatemalteca de Exportadores (AGEXPORT), con la direcci\u00f3n de Gabriel Biguria, presidente de la entidad.<\/p>\n\n\n\n<p><a><\/a>Conforme lo explicado por Sandra Torres, el sector exportador puede llegar a producir 31 mil 700 millones de d\u00f3lares y generar m\u00e1s de 2 millones de empleo en todo el pa\u00eds.<\/p><div class=\"elmet-contenido\" id=\"elmet-3197098150\"><div class=\"elmet-adlabel\">Anuncios<\/div><div style=\"margin-top: 20px;margin-right: 20px;margin-bottom: 20px;margin-left: 20px;\" id=\"elmet-1714945268\"><a href=\"https:\/\/www.facebook.com\/arrincuanantigua\/\" aria-label=\"cintillo-arrin-cual\"><img loading=\"lazy\" decoding=\"async\" src=\"https:\/\/elmetropolitano.com.gt\/es\/wp-content\/uploads\/2021\/11\/cintillo-arrin-cual-1.jpg\" alt=\"\"  srcset=\"https:\/\/elmetropolitano.com.gt\/es\/wp-content\/uploads\/2021\/11\/cintillo-arrin-cual-1.jpg 750w, https:\/\/elmetropolitano.com.gt\/es\/wp-content\/uploads\/2021\/11\/cintillo-arrin-cual-1-300x36.jpg 300w, https:\/\/elmetropolitano.com.gt\/es\/wp-content\/uploads\/2021\/11\/cintillo-arrin-cual-1-600x72.jpg 600w\" sizes=\"(max-width: 750px) 100vw, 750px\" width=\"750\" height=\"90\"   \/><\/a><\/div><\/div>\n\n\n\n<p>Actualmente este rubro econ\u00f3mico genera el 18 por ciento al PIB y representa una fuerza laboral de cientos de miles de empleos.<\/p>\n\n\n\n<p>Para lograr los objetivos descritos, la presidenciable de la UNE propone entre otras cosas un gobierno digital para agilizar procesos en aduanas, pago de impuestos, principalmente estar interconectados por la v\u00eda terrestre y electr\u00f3nicamente .<\/p>\n\n\n\n<p>Durante la reuni\u00f3n, Sandra Torres adelant\u00f3 que por medio de un Acuerdo Nacional coordinar\u00e1 con diversos sectores para sacar adelante a Guatemala.<\/p>\n\n\n\n<p>Fortalecimiento<\/p>\n\n\n\n<p>Adem\u00e1s, el pr\u00f3ximo gobierno de la UNE propone combate al contrabando, fortalecimiento de Puertos y Aeropuertos, estandarizar el pago del Impuesto \u00danico sobre Inmuebles ( IUSI) y exoneraci\u00f3n de impuestos a insumos agr\u00edcolas.<\/p>\n\n\n\n<p>Inversi\u00f3n en la gente<\/p>\n\n\n\n<p>Fortalecer las capacidades del capital humano guatemalteco, es otro de los objetivos del plan de gobierno de Sandra Torres. Para ello, se plantea aprendizaje del idioma ingl\u00e9s, as\u00ed como tecnificaci\u00f3n en carreras que permitan que las personas sean m\u00e1s competitivas en el mundo laboral.<\/p>\n\n\n\n<p>En relaci\u00f3n con la agenda legislativa, Sandra Torres explic\u00f3 que urge la aprobaci\u00f3n de la Ley de Competencia, reformas a la Ley de Servicio Civil, Ley de Contrataciones por Capitulo y Ley de alumbrado p\u00fablico, entre otras.<\/p>\n\n\n\n<p><a href=\"https:\/\/www.facebook.com\/hashtag\/eleccionesgt2023?__eep__=6&amp;__cft__[0]=AZU61lJMq7D6I4HXqbnDvr_HdrYYceMmYtlGFRjrXqD_IZu3sLxmoOZUGDQeJo2r9P782LevEpRKg2PhieN5pxzv9HT9VM_wPWvegVWolkgle8jkgB5ap3q_e6fnp3FiZXPMa2CsxoAlBGGzVfuVNx-riwmFDg6uDxzsq4K7zyVTio5N0pyOiAAkkbpR1I2F2Hk&amp;__tn__=*NK-R\">#EleccionesGT2023<\/a><a href=\"https:\/\/www.facebook.com\/hashtag\/agexport?__eep__=6&amp;__cft__[0]=AZU61lJMq7D6I4HXqbnDvr_HdrYYceMmYtlGFRjrXqD_IZu3sLxmoOZUGDQeJo2r9P782LevEpRKg2PhieN5pxzv9HT9VM_wPWvegVWolkgle8jkgB5ap3q_e6fnp3FiZXPMa2CsxoAlBGGzVfuVNx-riwmFDg6uDxzsq4K7zyVTio5N0pyOiAAkkbpR1I2F2Hk&amp;__tn__=*NK-R\">#Agexport<\/a><a href=\"https:\/\/www.facebook.com\/hashtag\/yovoro?__eep__=6&amp;__cft__[0]=AZU61lJMq7D6I4HXqbnDvr_HdrYYceMmYtlGFRjrXqD_IZu3sLxmoOZUGDQeJo2r9P782LevEpRKg2PhieN5pxzv9HT9VM_wPWvegVWolkgle8jkgB5ap3q_e6fnp3FiZXPMa2CsxoAlBGGzVfuVNx-riwmFDg6uDxzsq4K7zyVTio5N0pyOiAAkkbpR1I2F2Hk&amp;__tn__=*NK-R\">#YoVoro<\/a><a href=\"https:\/\/www.facebook.com\/hashtag\/metroredes?__eep__=6&amp;__cft__[0]=AZU61lJMq7D6I4HXqbnDvr_HdrYYceMmYtlGFRjrXqD_IZu3sLxmoOZUGDQeJo2r9P782LevEpRKg2PhieN5pxzv9HT9VM_wPWvegVWolkgle8jkgB5ap3q_e6fnp3FiZXPMa2CsxoAlBGGzVfuVNx-riwmFDg6uDxzsq4K7zyVTio5N0pyOiAAkkbpR1I2F2Hk&amp;__tn__=*NK-R\">#metroredes<\/a><a href=\"https:\/\/www.facebook.com\/hashtag\/sandratorres?__eep__=6&amp;__cft__[0]=AZU61lJMq7D6I4HXqbnDvr_HdrYYceMmYtlGFRjrXqD_IZu3sLxmoOZUGDQeJo2r9P782LevEpRKg2PhieN5pxzv9HT9VM_wPWvegVWolkgle8jkgB5ap3q_e6fnp3FiZXPMa2CsxoAlBGGzVfuVNx-riwmFDg6uDxzsq4K7zyVTio5N0pyOiAAkkbpR1I2F2Hk&amp;__tn__=*NK-R\">#SandraTorres<\/a><\/p>\n\n\n\n<p><a rel=\"noreferrer noopener\" href=\"https:\/\/l.facebook.com\/l.php?u=http%3A%2F%2FWww.elmetropolitano.com.gt%2F%3Ffbclid%3DIwAR1L1sgpaeor1zayWNLumkBpQjLRAZv_maOG8tEZWKVyNcQplrYFABHK2DQ&amp;h=AT0bEJ50-IJJNUpo2HVHPk4w3NT3l2YRpz39f1Y2TJarj6P5wafhnB6mTJF2DB7nE4iEuVhWUg47Ddg9niSfIoKbXOx3JO9Vr36xljmDhjkcvTnaGabgdQV9dPExWMTbymLh0MHmd8-N8PEm2_LL&amp;__tn__=-UK-R&amp;c[0]=AT1lB2PGy_Ioj-qIpoFWnZyLB9nurj_gvtSc3mdO7yYXaJdUjxpdVAO-HSOe71muQFQi1Ag-JD0rTLUWNuVdqZf9k_jCmXLgSDZQO-ikYCjSXd4qi0VNbWhH4HyLXaUV8b8f8SKQufsRK34Xo6li_prChf4QZr_lnw9CQDyv-FnEbV-lEStRdB8NoiSahuqLaqq9I2sD93Sk\" target=\"_blank\">Www.elmetropolitano.com.gt<\/a><\/p>\n\n\n\n<figure class=\"wp-block-gallery has-nested-images columns-default is-cropped wp-block-gallery-1 is-layout-flex wp-block-gallery-is-layout-flex\">\n<figure class=\"wp-block-image size-large\"><img loading=\"lazy\" decoding=\"async\" width=\"1024\" height=\"683\" data-id=\"65851\" src=\"https:\/\/elmetropolitano.com.gt\/es\/wp-content\/uploads\/2023\/05\/345037412_567350642185325_6019854724622123515_n-1024x683.jpg\" alt=\"\" class=\"wp-image-65851\" srcset=\"https:\/\/elmetropolitano.com.gt\/es\/wp-content\/uploads\/2023\/05\/345037412_567350642185325_6019854724622123515_n-1024x683.jpg 1024w, https:\/\/elmetropolitano.com.gt\/es\/wp-content\/uploads\/2023\/05\/345037412_567350642185325_6019854724622123515_n-300x200.jpg 300w, https:\/\/elmetropolitano.com.gt\/es\/wp-content\/uploads\/2023\/05\/345037412_567350642185325_6019854724622123515_n-768x512.jpg 768w, https:\/\/elmetropolitano.com.gt\/es\/wp-content\/uploads\/2023\/05\/345037412_567350642185325_6019854724622123515_n-600x400.jpg 600w, https:\/\/elmetropolitano.com.gt\/es\/wp-content\/uploads\/2023\/05\/345037412_567350642185325_6019854724622123515_n.jpg 1296w\" sizes=\"auto, (max-width: 1024px) 100vw, 1024px\" \/><\/figure>\n\n\n\n<figure class=\"wp-block-image size-large\"><img loading=\"lazy\" decoding=\"async\" width=\"683\" height=\"1024\" data-id=\"65850\" src=\"https:\/\/elmetropolitano.com.gt\/es\/wp-content\/uploads\/2023\/05\/345633930_205469349004728_3158208736987053072_n-683x1024.jpg\" alt=\"\" class=\"wp-image-65850\" srcset=\"https:\/\/elmetropolitano.com.gt\/es\/wp-content\/uploads\/2023\/05\/345633930_205469349004728_3158208736987053072_n-683x1024.jpg 683w, https:\/\/elmetropolitano.com.gt\/es\/wp-content\/uploads\/2023\/05\/345633930_205469349004728_3158208736987053072_n-200x300.jpg 200w, https:\/\/elmetropolitano.com.gt\/es\/wp-content\/uploads\/2023\/05\/345633930_205469349004728_3158208736987053072_n-768x1152.jpg 768w, https:\/\/elmetropolitano.com.gt\/es\/wp-content\/uploads\/2023\/05\/345633930_205469349004728_3158208736987053072_n-600x900.jpg 600w, https:\/\/elmetropolitano.com.gt\/es\/wp-content\/uploads\/2023\/05\/345633930_205469349004728_3158208736987053072_n.jpg 864w\" sizes=\"auto, (max-width: 683px) 100vw, 683px\" \/><\/figure>\n<\/figure>\n","protected":false},"excerpt":{"rendered":"<p>Durante los pr\u00f3ximos 4 a\u00f1os de gobierno ser\u00e1 posible incrementar el aporte del sector exportador al Producto Interno Bruto ( PIB) al 30 por ciento de \u00e9ste, seg\u00fan estimaciones de la presidenciable Sandra Torres, quien dialog\u00f3 sobre diversos t\u00f3picos con 28 sectores de la Asociaci\u00f3n Nacional Guatemalteca de Exportadores (AGEXPORT), con la direcci\u00f3n de Gabriel <a class=\"read-more\" href=\"https:\/\/elmetropolitano.com.gt\/es\/sandra-torres-ordenara-el-estado-para-facilitar-exportaciones\/\">Leer m\u00e1s<\/a><\/p>\n","protected":false},"author":1,"featured_media":65849,"comment_status":"open","ping_status":"closed","sticky":false,"template":"","format":"standard","meta":{"footnotes":""},"categories":[97],"tags":[98],"class_list":["post-65848","post","type-post","status-publish","format-standard","has-post-thumbnail","hentry","category-politica","tag-politica"],"_links":{"self":[{"href":"https:\/\/elmetropolitano.com.gt\/es\/wp-json\/wp\/v2\/posts\/65848","targetHints":{"allow":["GET"]}}],"collection":[{"href":"https:\/\/elmetropolitano.com.gt\/es\/wp-json\/wp\/v2\/posts"}],"about":[{"href":"https:\/\/elmetropolitano.com.gt\/es\/wp-json\/wp\/v2\/types\/post"}],"author":[{"embeddable":true,"href":"https:\/\/elmetropolitano.com.gt\/es\/wp-json\/wp\/v2\/users\/1"}],"replies":[{"embeddable":true,"href":"https:\/\/elmetropolitano.com.gt\/es\/wp-json\/wp\/v2\/comments?post=65848"}],"version-history":[{"count":1,"href":"https:\/\/elmetropolitano.com.gt\/es\/wp-json\/wp\/v2\/posts\/65848\/revisions"}],"predecessor-version":[{"id":65852,"href":"https:\/\/elmetropolitano.com.gt\/es\/wp-json\/wp\/v2\/posts\/65848\/revisions\/65852"}],"wp:featuredmedia":[{"embeddable":true,"href":"https:\/\/elmetropolitano.com.gt\/es\/wp-json\/wp\/v2\/media\/65849"}],"wp:attachment":[{"href":"https:\/\/elmetropolitano.com.gt\/es\/wp-json\/wp\/v2\/media?parent=65848"}],"wp:term":[{"taxonomy":"category","embeddable":true,"href":"https:\/\/elmetropolitano.com.gt\/es\/wp-json\/wp\/v2\/categories?post=65848"},{"taxonomy":"post_tag","embeddable":true,"href":"https:\/\/elmetropolitano.com.gt\/es\/wp-json\/wp\/v2\/tags?post=65848"}],"curies":[{"name":"wp","href":"https:\/\/api.w.org\/{rel}","templated":true}]}}