{"id":65870,"date":"2023-05-16T11:06:59","date_gmt":"2023-05-16T17:06:59","guid":{"rendered":"https:\/\/elmetropolitano.com.gt\/es\/?p=65870"},"modified":"2023-05-16T11:07:01","modified_gmt":"2023-05-16T17:07:01","slug":"asi-lo-dijo-10","status":"publish","type":"post","link":"https:\/\/elmetropolitano.com.gt\/es\/asi-lo-dijo-10\/","title":{"rendered":"As\u00ed lo dijo"},"content":{"rendered":"\n<p><a href=\"https:\/\/www.facebook.com\/hashtag\/asilodijo?__eep__=6&amp;__cft__[0]=AZU5mh_Q6lLeZYCDGccEvyZi5YgaFq4cAVL1dMgU_pCA_bD7Ouw2OluD8kbLXCMLRrVyDXPglmQAD0ngV5W0x0BmQ_nnOPP10A6wiMaHu4YXLvo-MdfQXzZcM9WoFRlM__UesLd7qbVrOODA-ARnqYnHcdnbJqtTgmOzIZSBJuGiS0YGsacTNozeoWgM2ky3eis&amp;__tn__=*NK-R\">#AsiLoDijo<\/a><\/p>\n\n\n\n<p>\u201cNo se dejen enga\u00f1ar, seguimos inscritos y confiamos en el sistema de justicia, y como era de esperarse, dentro del tr\u00e1mite com\u00fan del amparo, la Sala Sexta del Tribunal de lo Contencioso Administrativo, resolvi\u00f3 en este momento inicial \u00fanicamente solicitar los antecedentes de la acci\u00f3n constitucional interpuesta por el partido pol\u00edtico Cambio del ex convicto Baldizon e hijos, por lo que la Direcci\u00f3n General del Registro de Ciudadanos del Tribunal Supremo Electoral <a><\/a>(TSE) deber\u00e1 entregar un informe acerca del caso, tal como lo ordena la Ley.\u201d<\/p><div class=\"elmet-contenido\" id=\"elmet-456091328\"><div class=\"elmet-adlabel\">Anuncios<\/div><div style=\"margin-top: 20px;margin-right: 20px;margin-bottom: 20px;margin-left: 20px;\" id=\"elmet-1636816669\"><a href=\"https:\/\/www.facebook.com\/arrincuanantigua\/\" aria-label=\"cintillo-arrin-cual\"><img loading=\"lazy\" decoding=\"async\" src=\"https:\/\/elmetropolitano.com.gt\/es\/wp-content\/uploads\/2021\/11\/cintillo-arrin-cual-1.jpg\" alt=\"\"  srcset=\"https:\/\/elmetropolitano.com.gt\/es\/wp-content\/uploads\/2021\/11\/cintillo-arrin-cual-1.jpg 750w, https:\/\/elmetropolitano.com.gt\/es\/wp-content\/uploads\/2021\/11\/cintillo-arrin-cual-1-300x36.jpg 300w, https:\/\/elmetropolitano.com.gt\/es\/wp-content\/uploads\/2021\/11\/cintillo-arrin-cual-1-600x72.jpg 600w\" sizes=\"(max-width: 750px) 100vw, 750px\" width=\"750\" height=\"90\"   \/><\/a><\/div><\/div>\n\n\n\n<p>Carlos Pineda<\/p>\n\n\n\n<p>Presidenciable PC<\/p>\n","protected":false},"excerpt":{"rendered":"<p>#AsiLoDijo \u201cNo se dejen enga\u00f1ar, seguimos inscritos y confiamos en el sistema de justicia, y como era de esperarse, dentro del tr\u00e1mite com\u00fan del amparo, la Sala Sexta del Tribunal de lo Contencioso Administrativo, resolvi\u00f3 en este momento inicial \u00fanicamente solicitar los antecedentes de la acci\u00f3n constitucional interpuesta por el partido pol\u00edtico Cambio del ex <a class=\"read-more\" href=\"https:\/\/elmetropolitano.com.gt\/es\/asi-lo-dijo-10\/\">Leer m\u00e1s<\/a><\/p>\n","protected":false},"author":1,"featured_media":65871,"comment_status":"open","ping_status":"closed","sticky":false,"template":"","format":"standard","meta":{"footnotes":""},"categories":[97],"tags":[98],"class_list":["post-65870","post","type-post","status-publish","format-standard","has-post-thumbnail","hentry","category-politica","tag-politica"],"_links":{"self":[{"href":"https:\/\/elmetropolitano.com.gt\/es\/wp-json\/wp\/v2\/posts\/65870","targetHints":{"allow":["GET"]}}],"collection":[{"href":"https:\/\/elmetropolitano.com.gt\/es\/wp-json\/wp\/v2\/posts"}],"about":[{"href":"https:\/\/elmetropolitano.com.gt\/es\/wp-json\/wp\/v2\/types\/post"}],"author":[{"embeddable":true,"href":"https:\/\/elmetropolitano.com.gt\/es\/wp-json\/wp\/v2\/users\/1"}],"replies":[{"embeddable":true,"href":"https:\/\/elmetropolitano.com.gt\/es\/wp-json\/wp\/v2\/comments?post=65870"}],"version-history":[{"count":1,"href":"https:\/\/elmetropolitano.com.gt\/es\/wp-json\/wp\/v2\/posts\/65870\/revisions"}],"predecessor-version":[{"id":65872,"href":"https:\/\/elmetropolitano.com.gt\/es\/wp-json\/wp\/v2\/posts\/65870\/revisions\/65872"}],"wp:featuredmedia":[{"embeddable":true,"href":"https:\/\/elmetropolitano.com.gt\/es\/wp-json\/wp\/v2\/media\/65871"}],"wp:attachment":[{"href":"https:\/\/elmetropolitano.com.gt\/es\/wp-json\/wp\/v2\/media?parent=65870"}],"wp:term":[{"taxonomy":"category","embeddable":true,"href":"https:\/\/elmetropolitano.com.gt\/es\/wp-json\/wp\/v2\/categories?post=65870"},{"taxonomy":"post_tag","embeddable":true,"href":"https:\/\/elmetropolitano.com.gt\/es\/wp-json\/wp\/v2\/tags?post=65870"}],"curies":[{"name":"wp","href":"https:\/\/api.w.org\/{rel}","templated":true}]}}