{"id":65907,"date":"2023-05-17T12:03:24","date_gmt":"2023-05-17T18:03:24","guid":{"rendered":"https:\/\/elmetropolitano.com.gt\/es\/?p=65907"},"modified":"2023-05-17T12:03:26","modified_gmt":"2023-05-17T18:03:26","slug":"presidente-de-ecuador-disuelve-la-asamblea-nacional","status":"publish","type":"post","link":"https:\/\/elmetropolitano.com.gt\/es\/presidente-de-ecuador-disuelve-la-asamblea-nacional\/","title":{"rendered":"Presidente de Ecuador disuelve la Asamblea Nacional"},"content":{"rendered":"\n<p>El presidente de Ecuador Guillermo Lasso disuelve la Asamblea Nacional de Ecuador seg\u00fan lo a anunciado esta ma\u00f1ana en la televisi\u00f3n con lo que intenta huir del juicio pol\u00edtico al que est\u00e1 sometido por denuncias de corrupci\u00f3n.<\/p>\n\n\n\n<p>\u201cHe decidido aplicar el art\u00edculo 148 de la Constituci\u00f3n de la Rep\u00fablica, que me otorga la facultad de disolver la Asamblea Nacional por grave crisis pol\u00edtica y conmoci\u00f3n interna\u201d indic\u00f3 en su mensaje el presidente de Ecuador.<\/p><div class=\"elmet-contenido\" id=\"elmet-4104752503\"><div class=\"elmet-adlabel\">Anuncios<\/div><div style=\"margin-top: 20px;margin-right: 20px;margin-bottom: 20px;margin-left: 20px;\" id=\"elmet-1777453725\"><a href=\"https:\/\/www.facebook.com\/arrincuanantigua\/\" aria-label=\"cintillo-arrin-cual\"><img loading=\"lazy\" decoding=\"async\" src=\"https:\/\/elmetropolitano.com.gt\/es\/wp-content\/uploads\/2021\/11\/cintillo-arrin-cual-1.jpg\" alt=\"\"  srcset=\"https:\/\/elmetropolitano.com.gt\/es\/wp-content\/uploads\/2021\/11\/cintillo-arrin-cual-1.jpg 750w, https:\/\/elmetropolitano.com.gt\/es\/wp-content\/uploads\/2021\/11\/cintillo-arrin-cual-1-300x36.jpg 300w, https:\/\/elmetropolitano.com.gt\/es\/wp-content\/uploads\/2021\/11\/cintillo-arrin-cual-1-600x72.jpg 600w\" sizes=\"(max-width: 750px) 100vw, 750px\" width=\"750\" height=\"90\"   \/><\/a><\/div><\/div>\n\n\n\n<figure class=\"wp-block-gallery has-nested-images columns-default is-cropped wp-block-gallery-1 is-layout-flex wp-block-gallery-is-layout-flex\">\n<figure class=\"wp-block-image size-large\"><img loading=\"lazy\" decoding=\"async\" width=\"762\" height=\"1024\" data-id=\"65910\" src=\"https:\/\/elmetropolitano.com.gt\/es\/wp-content\/uploads\/2023\/05\/345320458_3126277987671053_6122775392248297690_n-762x1024.jpg\" alt=\"\" class=\"wp-image-65910\" srcset=\"https:\/\/elmetropolitano.com.gt\/es\/wp-content\/uploads\/2023\/05\/345320458_3126277987671053_6122775392248297690_n-762x1024.jpg 762w, https:\/\/elmetropolitano.com.gt\/es\/wp-content\/uploads\/2023\/05\/345320458_3126277987671053_6122775392248297690_n-223x300.jpg 223w, https:\/\/elmetropolitano.com.gt\/es\/wp-content\/uploads\/2023\/05\/345320458_3126277987671053_6122775392248297690_n-768x1032.jpg 768w, https:\/\/elmetropolitano.com.gt\/es\/wp-content\/uploads\/2023\/05\/345320458_3126277987671053_6122775392248297690_n-600x806.jpg 600w, https:\/\/elmetropolitano.com.gt\/es\/wp-content\/uploads\/2023\/05\/345320458_3126277987671053_6122775392248297690_n.jpg 829w\" sizes=\"auto, (max-width: 762px) 100vw, 762px\" \/><\/figure>\n\n\n\n<figure class=\"wp-block-image size-large\"><img loading=\"lazy\" decoding=\"async\" width=\"731\" height=\"1024\" data-id=\"65909\" src=\"https:\/\/elmetropolitano.com.gt\/es\/wp-content\/uploads\/2023\/05\/345043841_270512592007693_1427163187770274136_n-731x1024.jpg\" alt=\"\" class=\"wp-image-65909\" srcset=\"https:\/\/elmetropolitano.com.gt\/es\/wp-content\/uploads\/2023\/05\/345043841_270512592007693_1427163187770274136_n-731x1024.jpg 731w, https:\/\/elmetropolitano.com.gt\/es\/wp-content\/uploads\/2023\/05\/345043841_270512592007693_1427163187770274136_n-214x300.jpg 214w, https:\/\/elmetropolitano.com.gt\/es\/wp-content\/uploads\/2023\/05\/345043841_270512592007693_1427163187770274136_n-768x1076.jpg 768w, https:\/\/elmetropolitano.com.gt\/es\/wp-content\/uploads\/2023\/05\/345043841_270512592007693_1427163187770274136_n-600x841.jpg 600w, https:\/\/elmetropolitano.com.gt\/es\/wp-content\/uploads\/2023\/05\/345043841_270512592007693_1427163187770274136_n.jpg 813w\" sizes=\"auto, (max-width: 731px) 100vw, 731px\" \/><\/figure>\n<\/figure>\n","protected":false},"excerpt":{"rendered":"<p>El presidente de Ecuador Guillermo Lasso disuelve la Asamblea Nacional de Ecuador seg\u00fan lo a anunciado esta ma\u00f1ana en la televisi\u00f3n con lo que intenta huir del juicio pol\u00edtico al que est\u00e1 sometido por denuncias de corrupci\u00f3n. \u201cHe decidido aplicar el art\u00edculo 148 de la Constituci\u00f3n de la Rep\u00fablica, que me otorga la facultad de <a class=\"read-more\" href=\"https:\/\/elmetropolitano.com.gt\/es\/presidente-de-ecuador-disuelve-la-asamblea-nacional\/\">Leer m\u00e1s<\/a><\/p>\n","protected":false},"author":1,"featured_media":65908,"comment_status":"open","ping_status":"closed","sticky":false,"template":"","format":"standard","meta":{"footnotes":""},"categories":[14],"tags":[15],"class_list":["post-65907","post","type-post","status-publish","format-standard","has-post-thumbnail","hentry","category-internacionales","tag-internacionales"],"_links":{"self":[{"href":"https:\/\/elmetropolitano.com.gt\/es\/wp-json\/wp\/v2\/posts\/65907","targetHints":{"allow":["GET"]}}],"collection":[{"href":"https:\/\/elmetropolitano.com.gt\/es\/wp-json\/wp\/v2\/posts"}],"about":[{"href":"https:\/\/elmetropolitano.com.gt\/es\/wp-json\/wp\/v2\/types\/post"}],"author":[{"embeddable":true,"href":"https:\/\/elmetropolitano.com.gt\/es\/wp-json\/wp\/v2\/users\/1"}],"replies":[{"embeddable":true,"href":"https:\/\/elmetropolitano.com.gt\/es\/wp-json\/wp\/v2\/comments?post=65907"}],"version-history":[{"count":1,"href":"https:\/\/elmetropolitano.com.gt\/es\/wp-json\/wp\/v2\/posts\/65907\/revisions"}],"predecessor-version":[{"id":65911,"href":"https:\/\/elmetropolitano.com.gt\/es\/wp-json\/wp\/v2\/posts\/65907\/revisions\/65911"}],"wp:featuredmedia":[{"embeddable":true,"href":"https:\/\/elmetropolitano.com.gt\/es\/wp-json\/wp\/v2\/media\/65908"}],"wp:attachment":[{"href":"https:\/\/elmetropolitano.com.gt\/es\/wp-json\/wp\/v2\/media?parent=65907"}],"wp:term":[{"taxonomy":"category","embeddable":true,"href":"https:\/\/elmetropolitano.com.gt\/es\/wp-json\/wp\/v2\/categories?post=65907"},{"taxonomy":"post_tag","embeddable":true,"href":"https:\/\/elmetropolitano.com.gt\/es\/wp-json\/wp\/v2\/tags?post=65907"}],"curies":[{"name":"wp","href":"https:\/\/api.w.org\/{rel}","templated":true}]}}