{"id":66018,"date":"2023-05-19T09:47:13","date_gmt":"2023-05-19T15:47:13","guid":{"rendered":"https:\/\/elmetropolitano.com.gt\/es\/?p=66018"},"modified":"2023-05-19T09:47:57","modified_gmt":"2023-05-19T15:47:57","slug":"fernando-alcayaga-candidato-de-viva-sufre-atentado-en-ciudad-san-cristobal-zona-8-de-mixco","status":"publish","type":"post","link":"https:\/\/elmetropolitano.com.gt\/es\/fernando-alcayaga-candidato-de-viva-sufre-atentado-en-ciudad-san-cristobal-zona-8-de-mixco\/","title":{"rendered":"Fernando Alcayaga candidato de VIVA sufre atentado en Ciudad San Crist\u00f3bal, zona 8 de Mixco"},"content":{"rendered":"\n<p>El candidato a la alcald\u00eda de Mixco, por el partido Visi\u00f3n con Valores Viva, Fernando Alcayaga fue atacado a balazos la noche de este jueves cuando se desplazaba por Ciudad San Crist\u00f3bal.<\/p>\n\n\n\n<p>Alcayaga viajaba a una actividad pol\u00edtica con su esposa M\u00f3nica de Alcayaga se a indicado que \u00e9l sali\u00f3 ileso pero un miembro de su familia sali\u00f3 herido.<\/p><div class=\"elmet-contenido\" id=\"elmet-2300404677\"><div class=\"elmet-adlabel\">Anuncios<\/div><div style=\"margin-top: 20px;margin-right: 20px;margin-bottom: 20px;margin-left: 20px;\" id=\"elmet-2634646863\"><a href=\"https:\/\/www.facebook.com\/arrincuanantigua\/\" aria-label=\"cintillo-arrin-cual\"><img loading=\"lazy\" decoding=\"async\" src=\"https:\/\/elmetropolitano.com.gt\/es\/wp-content\/uploads\/2021\/11\/cintillo-arrin-cual-1.jpg\" alt=\"\"  srcset=\"https:\/\/elmetropolitano.com.gt\/es\/wp-content\/uploads\/2021\/11\/cintillo-arrin-cual-1.jpg 750w, https:\/\/elmetropolitano.com.gt\/es\/wp-content\/uploads\/2021\/11\/cintillo-arrin-cual-1-300x36.jpg 300w, https:\/\/elmetropolitano.com.gt\/es\/wp-content\/uploads\/2021\/11\/cintillo-arrin-cual-1-600x72.jpg 600w\" sizes=\"(max-width: 750px) 100vw, 750px\" width=\"750\" height=\"90\"   \/><\/a><\/div><\/div>\n\n\n\n<p>En un comunicado de prensa el partido VIVA conden\u00f3 el atentado e exigen a las autoridades una investigaci\u00f3n para dar con los responsables del atentado.<\/p>\n\n\n\n<p>\u201cMixco merece un proceso electoral limpio y vivir una verdadera fiesta c\u00edvica\u201d expresa en su pronunciamiento el Partido Viva<\/p>\n\n\n\n<p>\u201cMixque\u00f1os que el miedo no los invada , porque como oartido seguiremos trabajando duro e incansablemente por un Mixco grande y desarrollado\u201d enfatiza el comunicado de prensa.<\/p>\n\n\n\n<p><a href=\"https:\/\/www.facebook.com\/hashtag\/eleccionesgt2023?__eep__=6&amp;__cft__[0]=AZVJvsKI8ON7dDif0a6hj8lL2fQ7JG0RNr-xjjWrv48jECABE4i3U9zvpov5kbBDLhLpL6rzf6M3fNxij_c0ZPFYqrJk8w4BalkuSkjL88EXprc9KqROSsIC7KndMgCpqBODxVRbwrbXrMKOvhommhgKH1HAedCXdcDoxjHdioSaBSGNJ1JBjSiRsBlGd0XrR34&amp;__tn__=*NK-R\">#EleccionesGT2023<\/a><a href=\"https:\/\/www.facebook.com\/hashtag\/partidoviva?__eep__=6&amp;__cft__[0]=AZVJvsKI8ON7dDif0a6hj8lL2fQ7JG0RNr-xjjWrv48jECABE4i3U9zvpov5kbBDLhLpL6rzf6M3fNxij_c0ZPFYqrJk8w4BalkuSkjL88EXprc9KqROSsIC7KndMgCpqBODxVRbwrbXrMKOvhommhgKH1HAedCXdcDoxjHdioSaBSGNJ1JBjSiRsBlGd0XrR34&amp;__tn__=*NK-R\">#PartidoViva<\/a><\/p>\n\n\n\n<figure class=\"wp-block-gallery has-nested-images columns-default is-cropped wp-block-gallery-1 is-layout-flex wp-block-gallery-is-layout-flex\">\n<figure class=\"wp-block-image size-large\"><img loading=\"lazy\" decoding=\"async\" width=\"576\" height=\"1024\" data-id=\"66020\" src=\"https:\/\/elmetropolitano.com.gt\/es\/wp-content\/uploads\/2023\/05\/347555618_1019133095716469_5619589737335675853_n-1-576x1024.jpg\" alt=\"\" class=\"wp-image-66020\" srcset=\"https:\/\/elmetropolitano.com.gt\/es\/wp-content\/uploads\/2023\/05\/347555618_1019133095716469_5619589737335675853_n-1-576x1024.jpg 576w, https:\/\/elmetropolitano.com.gt\/es\/wp-content\/uploads\/2023\/05\/347555618_1019133095716469_5619589737335675853_n-1-169x300.jpg 169w, https:\/\/elmetropolitano.com.gt\/es\/wp-content\/uploads\/2023\/05\/347555618_1019133095716469_5619589737335675853_n-1-768x1365.jpg 768w, https:\/\/elmetropolitano.com.gt\/es\/wp-content\/uploads\/2023\/05\/347555618_1019133095716469_5619589737335675853_n-1-864x1536.jpg 864w, https:\/\/elmetropolitano.com.gt\/es\/wp-content\/uploads\/2023\/05\/347555618_1019133095716469_5619589737335675853_n-1-600x1067.jpg 600w, https:\/\/elmetropolitano.com.gt\/es\/wp-content\/uploads\/2023\/05\/347555618_1019133095716469_5619589737335675853_n-1.jpg 900w\" sizes=\"auto, (max-width: 576px) 100vw, 576px\" \/><\/figure>\n<\/figure>\n","protected":false},"excerpt":{"rendered":"<p>El candidato a la alcald\u00eda de Mixco, por el partido Visi\u00f3n con Valores Viva, Fernando Alcayaga fue atacado a balazos la noche de este jueves cuando se desplazaba por Ciudad San Crist\u00f3bal. Alcayaga viajaba a una actividad pol\u00edtica con su esposa M\u00f3nica de Alcayaga se a indicado que \u00e9l sali\u00f3 ileso pero un miembro de <a class=\"read-more\" href=\"https:\/\/elmetropolitano.com.gt\/es\/fernando-alcayaga-candidato-de-viva-sufre-atentado-en-ciudad-san-cristobal-zona-8-de-mixco\/\">Leer m\u00e1s<\/a><\/p>\n","protected":false},"author":1,"featured_media":66019,"comment_status":"open","ping_status":"closed","sticky":false,"template":"","format":"standard","meta":{"footnotes":""},"categories":[97],"tags":[98],"class_list":["post-66018","post","type-post","status-publish","format-standard","has-post-thumbnail","hentry","category-politica","tag-politica"],"_links":{"self":[{"href":"https:\/\/elmetropolitano.com.gt\/es\/wp-json\/wp\/v2\/posts\/66018","targetHints":{"allow":["GET"]}}],"collection":[{"href":"https:\/\/elmetropolitano.com.gt\/es\/wp-json\/wp\/v2\/posts"}],"about":[{"href":"https:\/\/elmetropolitano.com.gt\/es\/wp-json\/wp\/v2\/types\/post"}],"author":[{"embeddable":true,"href":"https:\/\/elmetropolitano.com.gt\/es\/wp-json\/wp\/v2\/users\/1"}],"replies":[{"embeddable":true,"href":"https:\/\/elmetropolitano.com.gt\/es\/wp-json\/wp\/v2\/comments?post=66018"}],"version-history":[{"count":1,"href":"https:\/\/elmetropolitano.com.gt\/es\/wp-json\/wp\/v2\/posts\/66018\/revisions"}],"predecessor-version":[{"id":66021,"href":"https:\/\/elmetropolitano.com.gt\/es\/wp-json\/wp\/v2\/posts\/66018\/revisions\/66021"}],"wp:featuredmedia":[{"embeddable":true,"href":"https:\/\/elmetropolitano.com.gt\/es\/wp-json\/wp\/v2\/media\/66019"}],"wp:attachment":[{"href":"https:\/\/elmetropolitano.com.gt\/es\/wp-json\/wp\/v2\/media?parent=66018"}],"wp:term":[{"taxonomy":"category","embeddable":true,"href":"https:\/\/elmetropolitano.com.gt\/es\/wp-json\/wp\/v2\/categories?post=66018"},{"taxonomy":"post_tag","embeddable":true,"href":"https:\/\/elmetropolitano.com.gt\/es\/wp-json\/wp\/v2\/tags?post=66018"}],"curies":[{"name":"wp","href":"https:\/\/api.w.org\/{rel}","templated":true}]}}