{"id":66090,"date":"2023-05-20T00:27:31","date_gmt":"2023-05-20T06:27:31","guid":{"rendered":"https:\/\/elmetropolitano.com.gt\/es\/?p=66090"},"modified":"2023-05-20T00:27:32","modified_gmt":"2023-05-20T06:27:32","slug":"sala-suspende-la-candidatura-presidencial-de-carlos-pineda","status":"publish","type":"post","link":"https:\/\/elmetropolitano.com.gt\/es\/sala-suspende-la-candidatura-presidencial-de-carlos-pineda\/","title":{"rendered":"Sala suspende la candidatura presidencial de Carlos Pineda"},"content":{"rendered":"\n<p>La Candidatura Presidencial del Empresario Carlos Pineda qued\u00f3 suspendida provisionalmente la tarde de este viernes al otorgar un amparo provisional la sala sexta de lo contencioso administrativo al Partido Cambio.<\/p>\n\n\n\n<p>El Partido Cambi\u00f3 de la familia de Manuel Baldizon hab\u00eda presentado un amparo impugnando la Segunda Asamblea Nacional de Prosperidad Ciudadana, con este amparo provisional quedan tambi\u00e9n suspendidas todas <a><\/a>las candidaturas de esa agrupaci\u00f3n pol\u00edtica.<\/p><div class=\"elmet-contenido\" id=\"elmet-3425537484\"><div class=\"elmet-adlabel\">Anuncios<\/div><div style=\"margin-top: 20px;margin-right: 20px;margin-bottom: 20px;margin-left: 20px;\" id=\"elmet-2881986413\"><a href=\"https:\/\/www.facebook.com\/arrincuanantigua\/\" aria-label=\"cintillo-arrin-cual\"><img loading=\"lazy\" decoding=\"async\" src=\"https:\/\/elmetropolitano.com.gt\/es\/wp-content\/uploads\/2021\/11\/cintillo-arrin-cual-1.jpg\" alt=\"\"  srcset=\"https:\/\/elmetropolitano.com.gt\/es\/wp-content\/uploads\/2021\/11\/cintillo-arrin-cual-1.jpg 750w, https:\/\/elmetropolitano.com.gt\/es\/wp-content\/uploads\/2021\/11\/cintillo-arrin-cual-1-300x36.jpg 300w, https:\/\/elmetropolitano.com.gt\/es\/wp-content\/uploads\/2021\/11\/cintillo-arrin-cual-1-600x72.jpg 600w\" sizes=\"(max-width: 750px) 100vw, 750px\" width=\"750\" height=\"90\"   \/><\/a><\/div><\/div>\n\n\n\n<p>Seg\u00fan la documentaci\u00f3n del<\/p>\n\n\n\n<p>Amparo partido PC incurri\u00f3 en varios vicios durante la realizaci\u00f3n de la Segunda Asamblea Nacional efectuada el 20 de noviembre de 2022 y donde eligieron al Comit\u00e9 Ejecutivo Nacional, realizada el 20 de noviembre del 2022, raz\u00f3n, por la que pidieron suspender la participaci\u00f3n de Prosperidad Ciudadana y de todos los candidatos proclamados para los distintos cargos de elecci\u00f3n popular.<\/p>\n\n\n\n<p>Ahora Carlos Pineda y ning\u00fan candidato a diputado a las municipalidades al Parlacen podr\u00e1n hacer campa\u00f1a pol\u00edtica hasta que no haya una decisi\u00f3n firma<\/p>\n\n\n\n<p>Ahora el partido Prosperidad Ciudadana a\u00fan puede apelar ante la Corte de Constitucionalidad (CC), y si le otorgara la suspensi\u00f3n del amparo provisional, la agrupaci\u00f3n Cambio tambi\u00e9n puede presentar sus alegatos, retrasando as\u00ed, la participaci\u00f3n de Pineda como candidato presidencial y de todas sus candidaturas<\/p>\n\n\n\n<p>Carlos Pineda esta en el primer lugar de todas las encuestas de opini\u00f3n p\u00fablica y algunas expresaban que podr\u00eda ganar en primera Vuelta, lo que gener\u00f3 un verdadero terremoto en la clase pol\u00edtica tradicional del pa\u00eds<\/p>\n\n\n\n<p><a href=\"https:\/\/www.facebook.com\/hashtag\/eleccionesgt2023?__eep__=6&amp;__cft__[0]=AZWVkBCT3kGyXBgeBEQtfjSBqtjnHvEcFW4myODI6eHSGibXqHGOGd_HAn1WviiU-krclFET8EO5O_BIqoDfjRfcMkT-qB470hhRdmgPg_Xe6UUz6wkhZDUHmYYplRUc1uViFxU9F_e3I7gL1sTOwAigmHCRvRHlrb2XZX0ahqokdb4QVX6UbN7I8m870gNSQ1Q&amp;__tn__=*NK-R\">#EleccionesGT2023<\/a><a href=\"https:\/\/www.facebook.com\/hashtag\/yovoto?__eep__=6&amp;__cft__[0]=AZWVkBCT3kGyXBgeBEQtfjSBqtjnHvEcFW4myODI6eHSGibXqHGOGd_HAn1WviiU-krclFET8EO5O_BIqoDfjRfcMkT-qB470hhRdmgPg_Xe6UUz6wkhZDUHmYYplRUc1uViFxU9F_e3I7gL1sTOwAigmHCRvRHlrb2XZX0ahqokdb4QVX6UbN7I8m870gNSQ1Q&amp;__tn__=*NK-R\">#YoVoto<\/a><\/p>\n\n\n\n<p><\/p>\n","protected":false},"excerpt":{"rendered":"<p>La Candidatura Presidencial del Empresario Carlos Pineda qued\u00f3 suspendida provisionalmente la tarde de este viernes al otorgar un amparo provisional la sala sexta de lo contencioso administrativo al Partido Cambio. El Partido Cambi\u00f3 de la familia de Manuel Baldizon hab\u00eda presentado un amparo impugnando la Segunda Asamblea Nacional de Prosperidad Ciudadana, con este amparo provisional <a class=\"read-more\" href=\"https:\/\/elmetropolitano.com.gt\/es\/sala-suspende-la-candidatura-presidencial-de-carlos-pineda\/\">Leer m\u00e1s<\/a><\/p>\n","protected":false},"author":1,"featured_media":66091,"comment_status":"open","ping_status":"closed","sticky":false,"template":"","format":"standard","meta":{"footnotes":""},"categories":[97],"tags":[98],"class_list":["post-66090","post","type-post","status-publish","format-standard","has-post-thumbnail","hentry","category-politica","tag-politica"],"_links":{"self":[{"href":"https:\/\/elmetropolitano.com.gt\/es\/wp-json\/wp\/v2\/posts\/66090","targetHints":{"allow":["GET"]}}],"collection":[{"href":"https:\/\/elmetropolitano.com.gt\/es\/wp-json\/wp\/v2\/posts"}],"about":[{"href":"https:\/\/elmetropolitano.com.gt\/es\/wp-json\/wp\/v2\/types\/post"}],"author":[{"embeddable":true,"href":"https:\/\/elmetropolitano.com.gt\/es\/wp-json\/wp\/v2\/users\/1"}],"replies":[{"embeddable":true,"href":"https:\/\/elmetropolitano.com.gt\/es\/wp-json\/wp\/v2\/comments?post=66090"}],"version-history":[{"count":1,"href":"https:\/\/elmetropolitano.com.gt\/es\/wp-json\/wp\/v2\/posts\/66090\/revisions"}],"predecessor-version":[{"id":66092,"href":"https:\/\/elmetropolitano.com.gt\/es\/wp-json\/wp\/v2\/posts\/66090\/revisions\/66092"}],"wp:featuredmedia":[{"embeddable":true,"href":"https:\/\/elmetropolitano.com.gt\/es\/wp-json\/wp\/v2\/media\/66091"}],"wp:attachment":[{"href":"https:\/\/elmetropolitano.com.gt\/es\/wp-json\/wp\/v2\/media?parent=66090"}],"wp:term":[{"taxonomy":"category","embeddable":true,"href":"https:\/\/elmetropolitano.com.gt\/es\/wp-json\/wp\/v2\/categories?post=66090"},{"taxonomy":"post_tag","embeddable":true,"href":"https:\/\/elmetropolitano.com.gt\/es\/wp-json\/wp\/v2\/tags?post=66090"}],"curies":[{"name":"wp","href":"https:\/\/api.w.org\/{rel}","templated":true}]}}