{"id":66123,"date":"2023-05-20T12:53:28","date_gmt":"2023-05-20T18:53:28","guid":{"rendered":"https:\/\/elmetropolitano.com.gt\/es\/?p=66123"},"modified":"2023-05-20T12:53:29","modified_gmt":"2023-05-20T18:53:29","slug":"ricardo-quinones-se-desborona-en-la-ciudad-capital-y-cae-en-las-encuestas","status":"publish","type":"post","link":"https:\/\/elmetropolitano.com.gt\/es\/ricardo-quinones-se-desborona-en-la-ciudad-capital-y-cae-en-las-encuestas\/","title":{"rendered":"Ricardo Qui\u00f1ones se desborona en la ciudad capital y cae en las encuestas"},"content":{"rendered":"\n<p>Los problemas que los citadinos est\u00e1n atravesando en la ciudad capital, finalmente desataron el descontento de los vecinos y le pasaron la factura al alcalde capitalino y en la cuarta entrega de la encuesta realizada por la empresa Con Datos coloca a Roberto Gonz\u00e1lez con 26.7% y a Ricardo Qui\u00f1onez con 22.1%.<\/p>\n\n\n\n<p>Lo <a><\/a>que esta encuesta refleja es solo parte de los que vecinos viven a diario en la ciudad capital con los terribles congestionamientos, la falta de agua, los drenajes y sobre todo la delincuencia e inseguridad.<\/p><div class=\"elmet-contenido\" id=\"elmet-749543440\"><div class=\"elmet-adlabel\">Anuncios<\/div><div style=\"margin-top: 20px;margin-right: 20px;margin-bottom: 20px;margin-left: 20px;\" id=\"elmet-3164525312\"><a href=\"https:\/\/www.facebook.com\/arrincuanantigua\/\" aria-label=\"cintillo-arrin-cual\"><img loading=\"lazy\" decoding=\"async\" src=\"https:\/\/elmetropolitano.com.gt\/es\/wp-content\/uploads\/2021\/11\/cintillo-arrin-cual-1.jpg\" alt=\"\"  srcset=\"https:\/\/elmetropolitano.com.gt\/es\/wp-content\/uploads\/2021\/11\/cintillo-arrin-cual-1.jpg 750w, https:\/\/elmetropolitano.com.gt\/es\/wp-content\/uploads\/2021\/11\/cintillo-arrin-cual-1-300x36.jpg 300w, https:\/\/elmetropolitano.com.gt\/es\/wp-content\/uploads\/2021\/11\/cintillo-arrin-cual-1-600x72.jpg 600w\" sizes=\"(max-width: 750px) 100vw, 750px\" width=\"750\" height=\"90\"   \/><\/a><\/div><\/div>\n\n\n\n<p>En las primeras tres entregas se vio como Roberto Gonz\u00e1lez alcanzaba poco a poco al alcalde Qui\u00f1onez hasta llegar a un empate t\u00e9cnico, pero a poco mas de un mes, el jefe edil capitalino cay\u00f3 estrepitosamente ya con una considerable distancia en cuento al porcentaje de la intenci\u00f3n de voto.<\/p>\n\n\n\n<p>Analistas pol\u00edticos se\u00f1alan que este podr\u00eda ser el fin de los unionistas al frente de la comuna, quienes desde hace a\u00f1os se hab\u00edan adue\u00f1ado del palacio de la loba y estaban tan seguros de ganar que muy poco ha sido la publicidad que han empleado, confiados en que nuevamente quedar\u00edan.<\/p>\n\n\n\n<p>A\u00f1adieron que la encuesta solo refleja el descontento de los vecinos quienes a diario viven el calvario del transito y lo que m\u00e1s molestia causa es la falta de agua, en algunos sectores el agua solo le lega dos veces a la semana y se hartaron de la forma de administrar de Qui\u00f1onez y el pago a su mala administraci\u00f3n tendr\u00e1 que despedirse de su asiento en la oficina principal del palacio de la loba.<\/p>\n\n\n\n<p>Texto Mario Rolandi Reyes<\/p>\n\n\n\n<p><a href=\"https:\/\/www.facebook.com\/hashtag\/eleccionesgt2023?__eep__=6&amp;__cft__[0]=AZXVtKx-Rq8CdpVPa_8HFL2a_lT7t01dveedVQthBke4lPPuCBnAvribbdTONi4C3aQLvev0pz21ZnQKxiZjtVCcWE6k4G7Qk4g1gOkPxKucdztPJursNqs2wN2ziHUnXWhOCKST39bI8wXueS07xAFDNgAuUk8EKanj8mL30Zafuii9ozF_PSkV26V4ya9xhPg&amp;__tn__=*NK-R\">#EleccionesGT2023<\/a><a href=\"https:\/\/www.facebook.com\/hashtag\/yovoto?__eep__=6&amp;__cft__[0]=AZXVtKx-Rq8CdpVPa_8HFL2a_lT7t01dveedVQthBke4lPPuCBnAvribbdTONi4C3aQLvev0pz21ZnQKxiZjtVCcWE6k4G7Qk4g1gOkPxKucdztPJursNqs2wN2ziHUnXWhOCKST39bI8wXueS07xAFDNgAuUk8EKanj8mL30Zafuii9ozF_PSkV26V4ya9xhPg&amp;__tn__=*NK-R\">#YoVoto<\/a><a href=\"https:\/\/www.facebook.com\/hashtag\/partidocreo?__eep__=6&amp;__cft__[0]=AZXVtKx-Rq8CdpVPa_8HFL2a_lT7t01dveedVQthBke4lPPuCBnAvribbdTONi4C3aQLvev0pz21ZnQKxiZjtVCcWE6k4G7Qk4g1gOkPxKucdztPJursNqs2wN2ziHUnXWhOCKST39bI8wXueS07xAFDNgAuUk8EKanj8mL30Zafuii9ozF_PSkV26V4ya9xhPg&amp;__tn__=*NK-R\">#PartidoCreo<\/a><a href=\"https:\/\/www.facebook.com\/hashtag\/partidounionista?__eep__=6&amp;__cft__[0]=AZXVtKx-Rq8CdpVPa_8HFL2a_lT7t01dveedVQthBke4lPPuCBnAvribbdTONi4C3aQLvev0pz21ZnQKxiZjtVCcWE6k4G7Qk4g1gOkPxKucdztPJursNqs2wN2ziHUnXWhOCKST39bI8wXueS07xAFDNgAuUk8EKanj8mL30Zafuii9ozF_PSkV26V4ya9xhPg&amp;__tn__=*NK-R\">#PartidoUnionista<\/a><\/p>\n\n\n\n<figure class=\"wp-block-gallery has-nested-images columns-default is-cropped wp-block-gallery-1 is-layout-flex wp-block-gallery-is-layout-flex\">\n<figure class=\"wp-block-image size-large\"><img loading=\"lazy\" decoding=\"async\" width=\"1024\" height=\"682\" data-id=\"66125\" src=\"https:\/\/elmetropolitano.com.gt\/es\/wp-content\/uploads\/2023\/05\/CDT-IntencionVotoMayo-5-1-1024x682.jpg\" alt=\"\" class=\"wp-image-66125\" srcset=\"https:\/\/elmetropolitano.com.gt\/es\/wp-content\/uploads\/2023\/05\/CDT-IntencionVotoMayo-5-1-1024x682.jpg 1024w, https:\/\/elmetropolitano.com.gt\/es\/wp-content\/uploads\/2023\/05\/CDT-IntencionVotoMayo-5-1-300x200.jpg 300w, https:\/\/elmetropolitano.com.gt\/es\/wp-content\/uploads\/2023\/05\/CDT-IntencionVotoMayo-5-1-768x511.jpg 768w, https:\/\/elmetropolitano.com.gt\/es\/wp-content\/uploads\/2023\/05\/CDT-IntencionVotoMayo-5-1-1536x1023.jpg 1536w, https:\/\/elmetropolitano.com.gt\/es\/wp-content\/uploads\/2023\/05\/CDT-IntencionVotoMayo-5-1-2048x1364.jpg 2048w, https:\/\/elmetropolitano.com.gt\/es\/wp-content\/uploads\/2023\/05\/CDT-IntencionVotoMayo-5-1-600x400.jpg 600w\" sizes=\"auto, (max-width: 1024px) 100vw, 1024px\" \/><\/figure>\n<\/figure>\n","protected":false},"excerpt":{"rendered":"<p>Los problemas que los citadinos est\u00e1n atravesando en la ciudad capital, finalmente desataron el descontento de los vecinos y le pasaron la factura al alcalde capitalino y en la cuarta entrega de la encuesta realizada por la empresa Con Datos coloca a Roberto Gonz\u00e1lez con 26.7% y a Ricardo Qui\u00f1onez con 22.1%. Lo que esta <a class=\"read-more\" href=\"https:\/\/elmetropolitano.com.gt\/es\/ricardo-quinones-se-desborona-en-la-ciudad-capital-y-cae-en-las-encuestas\/\">Leer m\u00e1s<\/a><\/p>\n","protected":false},"author":1,"featured_media":66124,"comment_status":"open","ping_status":"closed","sticky":false,"template":"","format":"standard","meta":{"footnotes":""},"categories":[97],"tags":[98],"class_list":["post-66123","post","type-post","status-publish","format-standard","has-post-thumbnail","hentry","category-politica","tag-politica"],"_links":{"self":[{"href":"https:\/\/elmetropolitano.com.gt\/es\/wp-json\/wp\/v2\/posts\/66123","targetHints":{"allow":["GET"]}}],"collection":[{"href":"https:\/\/elmetropolitano.com.gt\/es\/wp-json\/wp\/v2\/posts"}],"about":[{"href":"https:\/\/elmetropolitano.com.gt\/es\/wp-json\/wp\/v2\/types\/post"}],"author":[{"embeddable":true,"href":"https:\/\/elmetropolitano.com.gt\/es\/wp-json\/wp\/v2\/users\/1"}],"replies":[{"embeddable":true,"href":"https:\/\/elmetropolitano.com.gt\/es\/wp-json\/wp\/v2\/comments?post=66123"}],"version-history":[{"count":1,"href":"https:\/\/elmetropolitano.com.gt\/es\/wp-json\/wp\/v2\/posts\/66123\/revisions"}],"predecessor-version":[{"id":66126,"href":"https:\/\/elmetropolitano.com.gt\/es\/wp-json\/wp\/v2\/posts\/66123\/revisions\/66126"}],"wp:featuredmedia":[{"embeddable":true,"href":"https:\/\/elmetropolitano.com.gt\/es\/wp-json\/wp\/v2\/media\/66124"}],"wp:attachment":[{"href":"https:\/\/elmetropolitano.com.gt\/es\/wp-json\/wp\/v2\/media?parent=66123"}],"wp:term":[{"taxonomy":"category","embeddable":true,"href":"https:\/\/elmetropolitano.com.gt\/es\/wp-json\/wp\/v2\/categories?post=66123"},{"taxonomy":"post_tag","embeddable":true,"href":"https:\/\/elmetropolitano.com.gt\/es\/wp-json\/wp\/v2\/tags?post=66123"}],"curies":[{"name":"wp","href":"https:\/\/api.w.org\/{rel}","templated":true}]}}