{"id":66241,"date":"2023-05-22T12:36:31","date_gmt":"2023-05-22T18:36:31","guid":{"rendered":"https:\/\/elmetropolitano.com.gt\/es\/?p=66241"},"modified":"2023-05-22T12:36:32","modified_gmt":"2023-05-22T18:36:32","slug":"cientifico-guatemalteco-es-parte-de-la-mision-juice-que-se-dirige-a-jupiter","status":"publish","type":"post","link":"https:\/\/elmetropolitano.com.gt\/es\/cientifico-guatemalteco-es-parte-de-la-mision-juice-que-se-dirige-a-jupiter\/","title":{"rendered":"Cient\u00edfico guatemalteco es parte de la misi\u00f3n Juice que se dirige a J\u00fapiter"},"content":{"rendered":"\n<p>En el cap\u00edtulo 100 del podcast \u201cCiencia al servicio de la sociedad\u201d de la Senacyt puede escuchar al cient\u00edfico guatemalteco que es parte de este proyecto espacial que llegar\u00e1 en 2031 a J\u00fapiter<\/p>\n\n\n\n<p>El <a><\/a>podcast Ciencia al servicio de la sociedad es un proyecto de la Secretar\u00eda Nacional de Ciencia y Tecnolog\u00eda (Senacyt) que surgi\u00f3 como parte de la divulgaci\u00f3n cient\u00edfica y tecnolog\u00eda que impulsa la instituci\u00f3n. En este espacio se abordan temas cient\u00edficos, tecnol\u00f3gicos y de innovaci\u00f3n, el 22 de mayo llega a cap\u00edtulo n\u00famero cien.<\/p><div class=\"elmet-contenido\" id=\"elmet-1791860319\"><div class=\"elmet-adlabel\">Anuncios<\/div><div style=\"margin-top: 20px;margin-right: 20px;margin-bottom: 20px;margin-left: 20px;\" id=\"elmet-1643801457\"><a href=\"https:\/\/www.facebook.com\/arrincuanantigua\/\" aria-label=\"cintillo-arrin-cual\"><img loading=\"lazy\" decoding=\"async\" src=\"https:\/\/elmetropolitano.com.gt\/es\/wp-content\/uploads\/2021\/11\/cintillo-arrin-cual-1.jpg\" alt=\"\"  srcset=\"https:\/\/elmetropolitano.com.gt\/es\/wp-content\/uploads\/2021\/11\/cintillo-arrin-cual-1.jpg 750w, https:\/\/elmetropolitano.com.gt\/es\/wp-content\/uploads\/2021\/11\/cintillo-arrin-cual-1-300x36.jpg 300w, https:\/\/elmetropolitano.com.gt\/es\/wp-content\/uploads\/2021\/11\/cintillo-arrin-cual-1-600x72.jpg 600w\" sizes=\"(max-width: 750px) 100vw, 750px\" width=\"750\" height=\"90\"   \/><\/a><\/div><\/div>\n\n\n\n<p>Para este cap\u00edtulo especial se cuenta con la participaci\u00f3n del doctor en Astrof\u00edsica, Julio Gallegos, quien en la actualidad es parte de la misi\u00f3n Juice que se dirige a J\u00fapiter.<\/p>\n\n\n\n<p>El cient\u00edfico guatemalteco se despe\u00f1a como mission assurance manager del Centro Europeo de Astronom\u00eda Espacial (ESA); en donde ha trabajado con las misiones Lisa Pathfinder, Euclid, BepiColombo y JUICE.<\/p>\n\n\n\n<p>El experto conversa a cerca de la misi\u00f3n a J\u00fapiter que fue lanzada con \u00e9xito, el 14 de abril pasado, la cual se espera que llegue a J\u00fapiter en julio de 2031 para estudiar tres lunas heladas de este planeta: Europa, Gan\u00edmedes y Calisto.<\/p>\n\n\n\n<p>Durante la conversaci\u00f3n nos da detalles sobre en qu\u00e9 consiste la misi\u00f3n y c\u00f3mo surgi\u00f3 la idea de realizar esta investigaci\u00f3n. Qu\u00e9 datos se pueden encontrar durante la misi\u00f3n en J\u00fapiter, entre otros aspectos relevantes.<\/p>\n\n\n\n<p>Gallegos agradeci\u00f3 ser parte del cap\u00edtulo 100 del podcast cient\u00edfico de la Senacyt, y poder compartir con los guatemaltecos en este espacio su experiencia al ser parte de un proyecto tan importante y que sin duda es de transcendencia para la humanidad y que inspira a las nuevas generaciones para estudiar carreras cient\u00edficas, tecnol\u00f3gicas e innovadoras.<\/p>\n\n\n\n<p>Ana Chan, secretaria de la Senacyt, afirma que el podcast ha permitido \u201cconocer la historia y experiencias de j\u00f3venes, de cient\u00edficos, investigadores e innovadores guatemaltecos quienes nos han compartido sus proyectos, aportes, conocimiento, su mirada desde la ciencia\u201d.<\/p>\n\n\n\n<p>El primer podcast se transmiti\u00f3 en el marco del D\u00eda Internacional de la Mujer, en marzo de 2021, y desde entonces han participado expertos que han abordado diferentes contenidos que acercan a los guatemaltecos con temas cient\u00edficos y tecnol\u00f3gicos, conocimientos ancestrales, innovaci\u00f3n para el desarrollo, diplomacia cient\u00edfica, transformaci\u00f3n digital, entre otros.<\/p>\n\n\n\n<p>Para escuchar los cap\u00edtulos del podcast puede ingresar a la plataforma de Spotify y buscar con el nombre \u201cCiencia al servicio de la sociedad\u201d o ingresar en este enlace <a rel=\"noreferrer noopener\" href=\"https:\/\/open.spotify.com\/show\/2JIzIkcY8vPmBkplJxFza0?fbclid=IwAR2zmO8ygo4lYkFrf8xzX1l831gvXn21tLAqEt9fwfuBw_SiXyuXIrLau7U\" target=\"_blank\">https:\/\/open.spotify.com\/show\/2JIzIkcY8vPmBkplJxFza0<\/a><\/p>\n\n\n\n<figure class=\"wp-block-gallery has-nested-images columns-default is-cropped wp-block-gallery-1 is-layout-flex wp-block-gallery-is-layout-flex\">\n<figure class=\"wp-block-image size-large\"><img loading=\"lazy\" decoding=\"async\" width=\"1024\" height=\"1024\" data-id=\"66243\" src=\"https:\/\/elmetropolitano.com.gt\/es\/wp-content\/uploads\/2023\/05\/348876505_110718392028353_7763200698415686298_n-1-1024x1024.jpg\" alt=\"\" class=\"wp-image-66243\" srcset=\"https:\/\/elmetropolitano.com.gt\/es\/wp-content\/uploads\/2023\/05\/348876505_110718392028353_7763200698415686298_n-1-1024x1024.jpg 1024w, https:\/\/elmetropolitano.com.gt\/es\/wp-content\/uploads\/2023\/05\/348876505_110718392028353_7763200698415686298_n-1-300x300.jpg 300w, https:\/\/elmetropolitano.com.gt\/es\/wp-content\/uploads\/2023\/05\/348876505_110718392028353_7763200698415686298_n-1-150x150.jpg 150w, https:\/\/elmetropolitano.com.gt\/es\/wp-content\/uploads\/2023\/05\/348876505_110718392028353_7763200698415686298_n-1-768x768.jpg 768w, https:\/\/elmetropolitano.com.gt\/es\/wp-content\/uploads\/2023\/05\/348876505_110718392028353_7763200698415686298_n-1-600x600.jpg 600w, https:\/\/elmetropolitano.com.gt\/es\/wp-content\/uploads\/2023\/05\/348876505_110718392028353_7763200698415686298_n-1-100x100.jpg 100w, https:\/\/elmetropolitano.com.gt\/es\/wp-content\/uploads\/2023\/05\/348876505_110718392028353_7763200698415686298_n-1.jpg 1080w\" sizes=\"auto, (max-width: 1024px) 100vw, 1024px\" \/><\/figure>\n<\/figure>\n","protected":false},"excerpt":{"rendered":"<p>En el cap\u00edtulo 100 del podcast \u201cCiencia al servicio de la sociedad\u201d de la Senacyt puede escuchar al cient\u00edfico guatemalteco que es parte de este proyecto espacial que llegar\u00e1 en 2031 a J\u00fapiter El podcast Ciencia al servicio de la sociedad es un proyecto de la Secretar\u00eda Nacional de Ciencia y Tecnolog\u00eda (Senacyt) que surgi\u00f3 <a class=\"read-more\" href=\"https:\/\/elmetropolitano.com.gt\/es\/cientifico-guatemalteco-es-parte-de-la-mision-juice-que-se-dirige-a-jupiter\/\">Leer m\u00e1s<\/a><\/p>\n","protected":false},"author":1,"featured_media":66242,"comment_status":"open","ping_status":"closed","sticky":false,"template":"","format":"standard","meta":{"footnotes":""},"categories":[14],"tags":[15],"class_list":["post-66241","post","type-post","status-publish","format-standard","has-post-thumbnail","hentry","category-internacionales","tag-internacionales"],"_links":{"self":[{"href":"https:\/\/elmetropolitano.com.gt\/es\/wp-json\/wp\/v2\/posts\/66241","targetHints":{"allow":["GET"]}}],"collection":[{"href":"https:\/\/elmetropolitano.com.gt\/es\/wp-json\/wp\/v2\/posts"}],"about":[{"href":"https:\/\/elmetropolitano.com.gt\/es\/wp-json\/wp\/v2\/types\/post"}],"author":[{"embeddable":true,"href":"https:\/\/elmetropolitano.com.gt\/es\/wp-json\/wp\/v2\/users\/1"}],"replies":[{"embeddable":true,"href":"https:\/\/elmetropolitano.com.gt\/es\/wp-json\/wp\/v2\/comments?post=66241"}],"version-history":[{"count":1,"href":"https:\/\/elmetropolitano.com.gt\/es\/wp-json\/wp\/v2\/posts\/66241\/revisions"}],"predecessor-version":[{"id":66244,"href":"https:\/\/elmetropolitano.com.gt\/es\/wp-json\/wp\/v2\/posts\/66241\/revisions\/66244"}],"wp:featuredmedia":[{"embeddable":true,"href":"https:\/\/elmetropolitano.com.gt\/es\/wp-json\/wp\/v2\/media\/66242"}],"wp:attachment":[{"href":"https:\/\/elmetropolitano.com.gt\/es\/wp-json\/wp\/v2\/media?parent=66241"}],"wp:term":[{"taxonomy":"category","embeddable":true,"href":"https:\/\/elmetropolitano.com.gt\/es\/wp-json\/wp\/v2\/categories?post=66241"},{"taxonomy":"post_tag","embeddable":true,"href":"https:\/\/elmetropolitano.com.gt\/es\/wp-json\/wp\/v2\/tags?post=66241"}],"curies":[{"name":"wp","href":"https:\/\/api.w.org\/{rel}","templated":true}]}}