{"id":66662,"date":"2023-05-29T20:25:27","date_gmt":"2023-05-30T02:25:27","guid":{"rendered":"https:\/\/elmetropolitano.com.gt\/es\/?p=66662"},"modified":"2023-05-29T20:25:30","modified_gmt":"2023-05-30T02:25:30","slug":"velasquez-promueve-ley-para-modernizar-aeropuertos","status":"publish","type":"post","link":"https:\/\/elmetropolitano.com.gt\/es\/velasquez-promueve-ley-para-modernizar-aeropuertos\/","title":{"rendered":"Vel\u00e1squez promueve ley para modernizar aeropuertos"},"content":{"rendered":"\n<p>La creaci\u00f3n de las leyes de Aviaci\u00f3n Civil, Aviaci\u00f3n General y de la creaci\u00f3n de la Superintendencia de Aeropuertos propone el capit\u00e1n piloto aviador Calos Fernando Vel\u00e1squez Monge, candidato a diputado por Lista Nacional por el Partido Republicano PR<\/p>\n\n\n\n<p>Con <a><\/a>esta legislaci\u00f3n se le dar\u00e1 un fuerte impulso a la aviaci\u00f3n nacional, una de las m\u00e1s grandes de Centroam\u00e9rica, destac\u00f3 Vel\u00e1squez Monge, quien fue el art\u00edfice la construcci\u00f3n del aeropuerto de Los Altos, de Quetzaltenango, cuando e director general de Aeron\u00e1utica Civil de 2016 a abril de 2018.<\/p><div class=\"elmet-contenido\" id=\"elmet-3883970229\"><div class=\"elmet-adlabel\">Anuncios<\/div><div style=\"margin-top: 20px;margin-right: 20px;margin-bottom: 20px;margin-left: 20px;\" id=\"elmet-1124111210\"><a href=\"https:\/\/www.facebook.com\/arrincuanantigua\/\" aria-label=\"cintillo-arrin-cual\"><img loading=\"lazy\" decoding=\"async\" src=\"https:\/\/elmetropolitano.com.gt\/es\/wp-content\/uploads\/2021\/11\/cintillo-arrin-cual-1.jpg\" alt=\"\"  srcset=\"https:\/\/elmetropolitano.com.gt\/es\/wp-content\/uploads\/2021\/11\/cintillo-arrin-cual-1.jpg 750w, https:\/\/elmetropolitano.com.gt\/es\/wp-content\/uploads\/2021\/11\/cintillo-arrin-cual-1-300x36.jpg 300w, https:\/\/elmetropolitano.com.gt\/es\/wp-content\/uploads\/2021\/11\/cintillo-arrin-cual-1-600x72.jpg 600w\" sizes=\"(max-width: 750px) 100vw, 750px\" width=\"750\" height=\"90\"   \/><\/a><\/div><\/div>\n\n\n\n<p>Tambi\u00e9n proyecta impulsar las Leyes de Turismo, de Actualizaci\u00f3n Fiscal, la de Acci\u00f3n P\u00fablica; del Sistema Penal, de Clasificaci\u00f3n de Reos y de la Alanzas P\u00fablico Privadas para darle un fuerte impulso al desarrollo econ\u00f3mico del pa\u00eds.<\/p>\n\n\n\n<p>Igualmente propondr\u00e1 eformas a las leyes de Desarrollo Social, de Servicio Civil y del Femicidio, las que a su criterio requieren de actualizaciones para ponerlas a la altura de las demandas de la poblaci\u00f3n<\/p>\n\n\n\n<p><a href=\"https:\/\/www.facebook.com\/hashtag\/metroredes?__eep__=6&amp;__cft__[0]=AZWVOdK91GoT-2MzrkO9CInBZXsjknjfOlar2sBylaqwcEkc9UV8o-vaaX-dP-n6Hew3Wm2T-ZmtIDo9sDhjbZSjeKwTBfOnEn49bIHmYp77boeud018Z3IjzQydjALiGKUUDFOKOTzo5b-dFgL_VFKjY92CZ7Yxqgjk-Uqbd5dDd8ByEyv0GzKqOLo_dVp6LDQ&amp;__tn__=*NK-R\">#metroredes<\/a><a href=\"https:\/\/www.facebook.com\/hashtag\/eleccionesgt2023?__eep__=6&amp;__cft__[0]=AZWVOdK91GoT-2MzrkO9CInBZXsjknjfOlar2sBylaqwcEkc9UV8o-vaaX-dP-n6Hew3Wm2T-ZmtIDo9sDhjbZSjeKwTBfOnEn49bIHmYp77boeud018Z3IjzQydjALiGKUUDFOKOTzo5b-dFgL_VFKjY92CZ7Yxqgjk-Uqbd5dDd8ByEyv0GzKqOLo_dVp6LDQ&amp;__tn__=*NK-R\">#EleccionesGT2023<\/a><a href=\"https:\/\/www.facebook.com\/hashtag\/partidorepublicano?__eep__=6&amp;__cft__[0]=AZWVOdK91GoT-2MzrkO9CInBZXsjknjfOlar2sBylaqwcEkc9UV8o-vaaX-dP-n6Hew3Wm2T-ZmtIDo9sDhjbZSjeKwTBfOnEn49bIHmYp77boeud018Z3IjzQydjALiGKUUDFOKOTzo5b-dFgL_VFKjY92CZ7Yxqgjk-Uqbd5dDd8ByEyv0GzKqOLo_dVp6LDQ&amp;__tn__=*NK-R\">#PartidoRepublicano<\/a><\/p>\n\n\n\n<p><\/p>\n","protected":false},"excerpt":{"rendered":"<p>La creaci\u00f3n de las leyes de Aviaci\u00f3n Civil, Aviaci\u00f3n General y de la creaci\u00f3n de la Superintendencia de Aeropuertos propone el capit\u00e1n piloto aviador Calos Fernando Vel\u00e1squez Monge, candidato a diputado por Lista Nacional por el Partido Republicano PR Con esta legislaci\u00f3n se le dar\u00e1 un fuerte impulso a la aviaci\u00f3n nacional, una de las <a class=\"read-more\" href=\"https:\/\/elmetropolitano.com.gt\/es\/velasquez-promueve-ley-para-modernizar-aeropuertos\/\">Leer m\u00e1s<\/a><\/p>\n","protected":false},"author":1,"featured_media":66663,"comment_status":"open","ping_status":"closed","sticky":false,"template":"","format":"standard","meta":{"footnotes":""},"categories":[2],"tags":[12],"class_list":["post-66662","post","type-post","status-publish","format-standard","has-post-thumbnail","hentry","category-nacionales","tag-nacionales"],"_links":{"self":[{"href":"https:\/\/elmetropolitano.com.gt\/es\/wp-json\/wp\/v2\/posts\/66662","targetHints":{"allow":["GET"]}}],"collection":[{"href":"https:\/\/elmetropolitano.com.gt\/es\/wp-json\/wp\/v2\/posts"}],"about":[{"href":"https:\/\/elmetropolitano.com.gt\/es\/wp-json\/wp\/v2\/types\/post"}],"author":[{"embeddable":true,"href":"https:\/\/elmetropolitano.com.gt\/es\/wp-json\/wp\/v2\/users\/1"}],"replies":[{"embeddable":true,"href":"https:\/\/elmetropolitano.com.gt\/es\/wp-json\/wp\/v2\/comments?post=66662"}],"version-history":[{"count":1,"href":"https:\/\/elmetropolitano.com.gt\/es\/wp-json\/wp\/v2\/posts\/66662\/revisions"}],"predecessor-version":[{"id":66664,"href":"https:\/\/elmetropolitano.com.gt\/es\/wp-json\/wp\/v2\/posts\/66662\/revisions\/66664"}],"wp:featuredmedia":[{"embeddable":true,"href":"https:\/\/elmetropolitano.com.gt\/es\/wp-json\/wp\/v2\/media\/66663"}],"wp:attachment":[{"href":"https:\/\/elmetropolitano.com.gt\/es\/wp-json\/wp\/v2\/media?parent=66662"}],"wp:term":[{"taxonomy":"category","embeddable":true,"href":"https:\/\/elmetropolitano.com.gt\/es\/wp-json\/wp\/v2\/categories?post=66662"},{"taxonomy":"post_tag","embeddable":true,"href":"https:\/\/elmetropolitano.com.gt\/es\/wp-json\/wp\/v2\/tags?post=66662"}],"curies":[{"name":"wp","href":"https:\/\/api.w.org\/{rel}","templated":true}]}}