{"id":66694,"date":"2023-05-30T08:48:16","date_gmt":"2023-05-30T14:48:16","guid":{"rendered":"https:\/\/elmetropolitano.com.gt\/es\/?p=66694"},"modified":"2023-05-30T08:48:17","modified_gmt":"2023-05-30T14:48:17","slug":"canciller-recibe-cartas-credenciales-del-nuevo-representante-de-la-unesco-en-guatemala","status":"publish","type":"post","link":"https:\/\/elmetropolitano.com.gt\/es\/canciller-recibe-cartas-credenciales-del-nuevo-representante-de-la-unesco-en-guatemala\/","title":{"rendered":"Canciller recibe cartas credenciales del nuevo representante de la Unesco en Guatemala"},"content":{"rendered":"\n<p>El canciller de Guatemala recibi\u00f3 este lunes las credenciales de Marco Patricio Zambrano Restrepo que lo acreditan para representar a la Organizaci\u00f3n de las Naciones Unidas para la Educaci\u00f3n, la Ciencia y la Cultura (Unesco) en el pa\u00eds.<\/p>\n\n\n\n<p>En el encuentro, el ministro de Relaciones Exteriores felicit\u00f3 al se\u00f1or Zambrano Restrepo por su designaci\u00f3n y lo invit\u00f3 a que se contin\u00fae resaltando la <a><\/a>riqueza cultural de Guatemala.<\/p><div class=\"elmet-contenido\" id=\"elmet-2493305466\"><div class=\"elmet-adlabel\">Anuncios<\/div><div style=\"margin-top: 20px;margin-right: 20px;margin-bottom: 20px;margin-left: 20px;\" id=\"elmet-2900118859\"><a href=\"https:\/\/www.facebook.com\/arrincuanantigua\/\" aria-label=\"cintillo-arrin-cual\"><img loading=\"lazy\" decoding=\"async\" src=\"https:\/\/elmetropolitano.com.gt\/es\/wp-content\/uploads\/2021\/11\/cintillo-arrin-cual-1.jpg\" alt=\"\"  srcset=\"https:\/\/elmetropolitano.com.gt\/es\/wp-content\/uploads\/2021\/11\/cintillo-arrin-cual-1.jpg 750w, https:\/\/elmetropolitano.com.gt\/es\/wp-content\/uploads\/2021\/11\/cintillo-arrin-cual-1-300x36.jpg 300w, https:\/\/elmetropolitano.com.gt\/es\/wp-content\/uploads\/2021\/11\/cintillo-arrin-cual-1-600x72.jpg 600w\" sizes=\"(max-width: 750px) 100vw, 750px\" width=\"750\" height=\"90\"   \/><\/a><\/div><\/div>\n\n\n\n<p>El 20 de mayo, Patricio Zambrano Restrepo asumi\u00f3 como nuevo representante de la Oficina de la Unesco en Guatemala. Una vez asumidas las funciones en el pa\u00eds, inici\u00f3 una agenda com\u00fan de trabajo con las instituciones de Gobierno.<\/p>\n\n\n\n<p>La reuni\u00f3n<\/p>\n\n\n\n<p>Durante la reuni\u00f3n bilateral con el canciller guatemalteco, se destac\u00f3 la importancia para el pa\u00eds de la nominaci\u00f3n del parque arqueol\u00f3gico Tak\u2019alik Ab\u2019aj para que sea inscrito en la lista como Patrimonio Mundial Cultural y Natural.<\/p>\n\n\n\n<p>El sitio arqueol\u00f3gico nacional forma parte de los asentamientos en la bocacosta del suroccidente de Guatemala. Est\u00e1 ubicado espec\u00edficamente en el municipio de El Asintal, Retalhuleu. Para visitar el lugar es necesario recorrer 199.5 kil\u00f3metros desde la Ciudad de Guatemala.<\/p>\n\n\n\n<p>El Gobierno de Guatemala present\u00f3 la nominaci\u00f3n para que el sitio arqueol\u00f3gico Tak\u2019alik Ab\u2019aj sea nombrado Patrimonio Mundial de la Humanidad.<\/p>\n\n\n\n<p>La nominaci\u00f3n la realiz\u00f3 el viernes 22 de enero el Presidente de la Rep\u00fablica ante la Unesco.<\/p>\n\n\n\n<p>Reafirma compromiso<\/p>\n\n\n\n<p>Por su parte, el nuevo representante de la Unesco manifest\u00f3 su entusiasmo de estar en Guatemala y asegur\u00f3 que trabajar\u00e1 para fortalecer el papel de nuestro pa\u00eds en el multilateralismo.<\/p>\n\n\n\n<p>Durante la conversaci\u00f3n, se abord\u00f3 tambi\u00e9n la importancia de la labor conjunta en temas relacionados con la ciencia, la tecnolog\u00eda y la cultura, a fin de que estas colaboraciones perduren en beneficio de Guatemala.<\/p>\n\n\n\n<p>Representante ante Unesco<\/p>\n\n\n\n<p>El Gobierno de Guatemala present\u00f3 ante la Unesco las cartas para acreditar a Mario Roberto Maldonado, como delegado permanente en dicho organismo, el 18 de mayo del 2023.<\/p>\n\n\n\n<p>En un encuentro en Par\u00eds, Francia, el delegado permanente del Minex se reuni\u00f3 con la directora general de la Unesco, Audrey Azoulay. En dicha reuni\u00f3n, el diplom\u00e1tico guatemalteco present\u00f3 las cartas credenciales a la funcionaria.<\/p>\n\n\n\n<p>Asimismo, en el encuentro resalt\u00f3 la importancia del sector educaci\u00f3n, ciencias y comunicaciones para el pa\u00eds.<\/p>\n\n\n\n<p>Guatemala es Estado miembro de la Unesco desde 1950.<\/p>\n\n\n\n<p>Texto: Brenda Larios<\/p>\n\n\n\n<p><a href=\"https:\/\/www.facebook.com\/hashtag\/metroredes?__eep__=6&amp;__cft__[0]=AZWLMOyJaROqYL_xRAlueUcqB403ZGIt55E1NHXe-tmArPcr8sfCi21QfQngE5Ve9QBuaHu1l9b6PJx70SaO4SwM0xYD6xE5HwDn66xjYE5QwT6bva8wN6bnVjR2q70BR-Hq4akrU_AxFG5176aNALc57F45sLBrqwErEZ67sanpmVjc7pMVYwt3qtEzc-pqGec&amp;__tn__=*NK-R\">#metroredes<\/a><a href=\"https:\/\/www.facebook.com\/hashtag\/unesco?__eep__=6&amp;__cft__[0]=AZWLMOyJaROqYL_xRAlueUcqB403ZGIt55E1NHXe-tmArPcr8sfCi21QfQngE5Ve9QBuaHu1l9b6PJx70SaO4SwM0xYD6xE5HwDn66xjYE5QwT6bva8wN6bnVjR2q70BR-Hq4akrU_AxFG5176aNALc57F45sLBrqwErEZ67sanpmVjc7pMVYwt3qtEzc-pqGec&amp;__tn__=*NK-R\">#UNESCO<\/a><a href=\"https:\/\/www.facebook.com\/hashtag\/agn?__eep__=6&amp;__cft__[0]=AZWLMOyJaROqYL_xRAlueUcqB403ZGIt55E1NHXe-tmArPcr8sfCi21QfQngE5Ve9QBuaHu1l9b6PJx70SaO4SwM0xYD6xE5HwDn66xjYE5QwT6bva8wN6bnVjR2q70BR-Hq4akrU_AxFG5176aNALc57F45sLBrqwErEZ67sanpmVjc7pMVYwt3qtEzc-pqGec&amp;__tn__=*NK-R\">#agn<\/a><\/p>\n\n\n\n<p><\/p>\n","protected":false},"excerpt":{"rendered":"<p>El canciller de Guatemala recibi\u00f3 este lunes las credenciales de Marco Patricio Zambrano Restrepo que lo acreditan para representar a la Organizaci\u00f3n de las Naciones Unidas para la Educaci\u00f3n, la Ciencia y la Cultura (Unesco) en el pa\u00eds. En el encuentro, el ministro de Relaciones Exteriores felicit\u00f3 al se\u00f1or Zambrano Restrepo por su designaci\u00f3n y <a class=\"read-more\" href=\"https:\/\/elmetropolitano.com.gt\/es\/canciller-recibe-cartas-credenciales-del-nuevo-representante-de-la-unesco-en-guatemala\/\">Leer m\u00e1s<\/a><\/p>\n","protected":false},"author":1,"featured_media":66695,"comment_status":"open","ping_status":"closed","sticky":false,"template":"","format":"standard","meta":{"footnotes":""},"categories":[2],"tags":[12],"class_list":["post-66694","post","type-post","status-publish","format-standard","has-post-thumbnail","hentry","category-nacionales","tag-nacionales"],"_links":{"self":[{"href":"https:\/\/elmetropolitano.com.gt\/es\/wp-json\/wp\/v2\/posts\/66694","targetHints":{"allow":["GET"]}}],"collection":[{"href":"https:\/\/elmetropolitano.com.gt\/es\/wp-json\/wp\/v2\/posts"}],"about":[{"href":"https:\/\/elmetropolitano.com.gt\/es\/wp-json\/wp\/v2\/types\/post"}],"author":[{"embeddable":true,"href":"https:\/\/elmetropolitano.com.gt\/es\/wp-json\/wp\/v2\/users\/1"}],"replies":[{"embeddable":true,"href":"https:\/\/elmetropolitano.com.gt\/es\/wp-json\/wp\/v2\/comments?post=66694"}],"version-history":[{"count":1,"href":"https:\/\/elmetropolitano.com.gt\/es\/wp-json\/wp\/v2\/posts\/66694\/revisions"}],"predecessor-version":[{"id":66696,"href":"https:\/\/elmetropolitano.com.gt\/es\/wp-json\/wp\/v2\/posts\/66694\/revisions\/66696"}],"wp:featuredmedia":[{"embeddable":true,"href":"https:\/\/elmetropolitano.com.gt\/es\/wp-json\/wp\/v2\/media\/66695"}],"wp:attachment":[{"href":"https:\/\/elmetropolitano.com.gt\/es\/wp-json\/wp\/v2\/media?parent=66694"}],"wp:term":[{"taxonomy":"category","embeddable":true,"href":"https:\/\/elmetropolitano.com.gt\/es\/wp-json\/wp\/v2\/categories?post=66694"},{"taxonomy":"post_tag","embeddable":true,"href":"https:\/\/elmetropolitano.com.gt\/es\/wp-json\/wp\/v2\/tags?post=66694"}],"curies":[{"name":"wp","href":"https:\/\/api.w.org\/{rel}","templated":true}]}}