{"id":66712,"date":"2023-05-31T13:02:10","date_gmt":"2023-05-31T19:02:10","guid":{"rendered":"https:\/\/elmetropolitano.com.gt\/es\/?p=66712"},"modified":"2023-05-31T13:02:12","modified_gmt":"2023-05-31T19:02:12","slug":"guatemala-reafirma-compromiso-con-la-libertad-religiosa","status":"publish","type":"post","link":"https:\/\/elmetropolitano.com.gt\/es\/guatemala-reafirma-compromiso-con-la-libertad-religiosa\/","title":{"rendered":"Guatemala reafirma compromiso con la libertad religiosa"},"content":{"rendered":"\n<p>El Presidente de la Rep\u00fablica Alejandro Giammattei reiter\u00f3 este martes el compromiso de Guatemala de impulsar y respetar la libertad religiosa en el pa\u00eds.<\/p>\n\n\n\n<p>Al <a><\/a>respecto, el mandatario destac\u00f3 las acciones que se han impulsado durante su gesti\u00f3n.<\/p><div class=\"elmet-contenido\" id=\"elmet-4205344018\"><div class=\"elmet-adlabel\">Anuncios<\/div><div style=\"margin-top: 20px;margin-right: 20px;margin-bottom: 20px;margin-left: 20px;\" id=\"elmet-248392805\"><a href=\"https:\/\/www.facebook.com\/arrincuanantigua\/\" aria-label=\"cintillo-arrin-cual\"><img loading=\"lazy\" decoding=\"async\" src=\"https:\/\/elmetropolitano.com.gt\/es\/wp-content\/uploads\/2021\/11\/cintillo-arrin-cual-1.jpg\" alt=\"\"  srcset=\"https:\/\/elmetropolitano.com.gt\/es\/wp-content\/uploads\/2021\/11\/cintillo-arrin-cual-1.jpg 750w, https:\/\/elmetropolitano.com.gt\/es\/wp-content\/uploads\/2021\/11\/cintillo-arrin-cual-1-300x36.jpg 300w, https:\/\/elmetropolitano.com.gt\/es\/wp-content\/uploads\/2021\/11\/cintillo-arrin-cual-1-600x72.jpg 600w\" sizes=\"(max-width: 750px) 100vw, 750px\" width=\"750\" height=\"90\"   \/><\/a><\/div><\/div>\n\n\n\n<p>Comparto estos logros y acciones de mi Gobierno, no con el af\u00e1n de enaltecer al Gobierno, sino, en la alegr\u00eda que siento de estar en la senda correcta. Estamos dejando y haciendo historia para que las acciones sean agradables a Dios, dijo el jefe del Ejecutivo.<\/p>\n\n\n\n<p>Las declaraciones fueron brindadas durante su participaci\u00f3n en el Congreso de Liderazgo y Foro Presidencial, que se llev\u00f3 a cabo en la iglesia Lluvias de Gracia, en la capital.<\/p>\n\n\n\n<p>Acuerdo gubernativo<\/p>\n\n\n\n<p>Durante el evento, el presidente firm\u00f3 un acuerdo gubernativo que reforma el art\u00edculo 5 del Acuerdo Gubernativo 236-2006.<\/p>\n\n\n\n<p>Con este nuevo acuerdo se reduce el tiempo para la inscripci\u00f3n de iglesias en el pa\u00eds, la cual duraba dos a\u00f1os para su tr\u00e1mite; ahora se realiza en cuatro semanas y podamos as\u00ed seguir promoviendo la fe, indic\u00f3.<\/p>\n\n\n\n<p>Las modificaciones se concretan con la derogaci\u00f3n del art\u00edculo 5 de este acuerdo, en el cual otorgaba a la Procuradur\u00eda General de la Naci\u00f3n dar su visto bueno a la inscripci\u00f3n de una iglesia, el cual posteriormente era remitido al Ministerio de Gobernaci\u00f3n.<\/p>\n\n\n\n<p>En tanto, el titular de Gobernaci\u00f3n inform\u00f3 que con estas reformas se reducir\u00e1 el tiempo para la constituci\u00f3n de las iglesias. Esto se logr\u00f3 gracias a un acuerdo con la PGN y la Secretar\u00eda General de la Presidencia.<\/p>\n\n\n\n<p>Avances<\/p>\n\n\n\n<p>Desde 2022, el Gobierno central ha impulsado acciones para fomentar la libertad religiosa en Guatemala.<\/p>\n\n\n\n<p>Una de ellas fue la creaci\u00f3n de una mesa multirreligiosa, el 18 de agosto de 2022. Esta fue liderada por el Presidente de la Rep\u00fablica y cont\u00f3 con la participaci\u00f3n de m\u00e1s de 24 entidades religiosas del pa\u00eds, en el Patio de la Vida del Palacio Nacional de la Cultura.<\/p>\n\n\n\n<p>En su discurso, el mandatario resalt\u00f3 que la Constituci\u00f3n Pol\u00edtica de la Rep\u00fablica de Guatemala demanda el respeto y la libertad religiosa, reiterando su compromiso de respetar la carta magna.<\/p>\n\n\n\n<p>Reitero mi compromiso de seguir trabajando para promover la fe. Creemos en un solo Dios y que tenemos las mismas leyes propuestas por Mois\u00e9s y avanzar en ese impulso de la fe, para tener un mejor pa\u00eds, con mayor gobernabilidad y el pensamiento positivo del desarrollo humano, dijo.<\/p>\n\n\n\n<p>En estas reuniones mensuales se cuenta con la participaci\u00f3n de integrantes del Gabinete de Gobierno y miembros de la Mesa Redonda Internacional de Libertad Religiosa, de Estados Unidos.<\/p>\n\n\n\n<p>Asimismo, el gobernante resalt\u00f3 el aporte que brindan las iglesias de diversas denominaciones en el pa\u00eds, en temas como salud, educaci\u00f3n alimentaci\u00f3n con comedores infantiles y distribuci\u00f3n de comida en lugares m\u00e1s necesitados.<\/p>\n\n\n\n<p>Pol\u00edtica p\u00fablica<\/p>\n\n\n\n<p>Durante el evento, la secretaria de Planificaci\u00f3n y Programaci\u00f3n de la Presidencia (Segeplan) indic\u00f3 que entre las acciones para fomentar la libertad de culto en el pa\u00eds se lanz\u00f3 la Pol\u00edtica P\u00fablica de Protecci\u00f3n a la Vida y la Institucionalidad de la Familia 2021-2032.<\/p>\n\n\n\n<p>El documento fue presentado el 25 de julio de 2021 por las autoridades del Gobierno central, representantes de organizaciones religiosas, la academia y la cooperaci\u00f3n internacional.<\/p>\n\n\n\n<p>Esta pol\u00edtica tiene como prop\u00f3sito garantizar el bienestar y la protecci\u00f3n de la vida y la institucionalidad de la familia en todas sus etapas, desde su concepci\u00f3n hasta la adultez mayor, indic\u00f3.<\/p>\n\n\n\n<p>Dicha pol\u00edtica cuenta con 99 programas que impulsan el apoyo a los guatemaltecos de forma interinstitucional.<\/p>\n\n\n\n<p>Patio de la Vida<\/p>\n\n\n\n<p>El Gobierno, a trav\u00e9s del Ministerio de Cultura y Deportes, public\u00f3 el Acuerdo Ministerial N\u00famero 195-2022.<\/p>\n\n\n\n<p>Este denomina como Patio de la Vida al espacio ubicado en el ala oriente del primer piso del Palacio Nacional de la Cultura.<\/p>\n\n\n\n<p>El acuerdo fue publicado en el marco de la conmemoraci\u00f3n del D\u00eda por la Vida y la Familia, Decreto 9-2022 aprobado por el Congreso de la Rep\u00fablica, que declara el 9 de marzo de cada a\u00f1o la promoci\u00f3n de actos conmemorativos por parte de los organismos Ejecutivo, Legislativo y Judicial.<\/p>\n\n\n\n<p>El objetivo es seguir resaltando la importancia del respeto por la vida y la familia, y no al aborto y la violencia. En esta \u00e1rea se cuenta con un monumento que resalta la vida y la familia, convirti\u00e9ndose en una luz para el mundo.<\/p>\n\n\n\n<p>texto: Br nada Larios<\/p>\n\n\n\n<p><a href=\"https:\/\/www.facebook.com\/hashtag\/iglesialluviasdegracia?__eep__=6&amp;__cft__[0]=AZW5dQWqVAYF-J-kNIqQSMUr7WMyF07VBNxh2vEiV2ZNxw-MbHd3CAD7Dlblr7hzCRvGiQOii0ondK7LbdnJsV_yQLzIY_fZzlB0S5VJEd8Vbb0t6ycZ2B81gnhGvQxKDPB4XJh5mcxhkvs3iJpAv6HF1Tfv3EAKwNfgXZC06mKnoW6LHkyfJjDJ1NouTXWFmvw&amp;__tn__=*NK-R\">#iglesialluviasdegracia<\/a><a href=\"https:\/\/www.facebook.com\/hashtag\/metroredes?__eep__=6&amp;__cft__[0]=AZW5dQWqVAYF-J-kNIqQSMUr7WMyF07VBNxh2vEiV2ZNxw-MbHd3CAD7Dlblr7hzCRvGiQOii0ondK7LbdnJsV_yQLzIY_fZzlB0S5VJEd8Vbb0t6ycZ2B81gnhGvQxKDPB4XJh5mcxhkvs3iJpAv6HF1Tfv3EAKwNfgXZC06mKnoW6LHkyfJjDJ1NouTXWFmvw&amp;__tn__=*NK-R\">#metroredes<\/a><\/p>\n\n\n\n<figure class=\"wp-block-gallery has-nested-images columns-default is-cropped wp-block-gallery-1 is-layout-flex wp-block-gallery-is-layout-flex\">\n<figure class=\"wp-block-image size-large\"><img loading=\"lazy\" decoding=\"async\" width=\"1024\" height=\"683\" data-id=\"66715\" src=\"https:\/\/elmetropolitano.com.gt\/es\/wp-content\/uploads\/2023\/05\/345936080_799209361601009_2502570366465209_n-1024x683.jpg\" alt=\"\" class=\"wp-image-66715\" srcset=\"https:\/\/elmetropolitano.com.gt\/es\/wp-content\/uploads\/2023\/05\/345936080_799209361601009_2502570366465209_n-1024x683.jpg 1024w, https:\/\/elmetropolitano.com.gt\/es\/wp-content\/uploads\/2023\/05\/345936080_799209361601009_2502570366465209_n-300x200.jpg 300w, https:\/\/elmetropolitano.com.gt\/es\/wp-content\/uploads\/2023\/05\/345936080_799209361601009_2502570366465209_n-768x512.jpg 768w, https:\/\/elmetropolitano.com.gt\/es\/wp-content\/uploads\/2023\/05\/345936080_799209361601009_2502570366465209_n-1536x1025.jpg 1536w, https:\/\/elmetropolitano.com.gt\/es\/wp-content\/uploads\/2023\/05\/345936080_799209361601009_2502570366465209_n-600x400.jpg 600w, https:\/\/elmetropolitano.com.gt\/es\/wp-content\/uploads\/2023\/05\/345936080_799209361601009_2502570366465209_n.jpg 2048w\" sizes=\"auto, (max-width: 1024px) 100vw, 1024px\" \/><\/figure>\n\n\n\n<figure class=\"wp-block-image size-large\"><img loading=\"lazy\" decoding=\"async\" width=\"930\" height=\"621\" data-id=\"66714\" src=\"https:\/\/elmetropolitano.com.gt\/es\/wp-content\/uploads\/2023\/05\/350039707_1242176466497683_7718107920925892993_n.jpg\" alt=\"\" class=\"wp-image-66714\" srcset=\"https:\/\/elmetropolitano.com.gt\/es\/wp-content\/uploads\/2023\/05\/350039707_1242176466497683_7718107920925892993_n.jpg 930w, https:\/\/elmetropolitano.com.gt\/es\/wp-content\/uploads\/2023\/05\/350039707_1242176466497683_7718107920925892993_n-300x200.jpg 300w, https:\/\/elmetropolitano.com.gt\/es\/wp-content\/uploads\/2023\/05\/350039707_1242176466497683_7718107920925892993_n-768x513.jpg 768w, https:\/\/elmetropolitano.com.gt\/es\/wp-content\/uploads\/2023\/05\/350039707_1242176466497683_7718107920925892993_n-600x401.jpg 600w\" sizes=\"auto, (max-width: 930px) 100vw, 930px\" \/><\/figure>\n<\/figure>\n","protected":false},"excerpt":{"rendered":"<p>El Presidente de la Rep\u00fablica Alejandro Giammattei reiter\u00f3 este martes el compromiso de Guatemala de impulsar y respetar la libertad religiosa en el pa\u00eds. Al respecto, el mandatario destac\u00f3 las acciones que se han impulsado durante su gesti\u00f3n. Comparto estos logros y acciones de mi Gobierno, no con el af\u00e1n de enaltecer al Gobierno, sino, <a class=\"read-more\" href=\"https:\/\/elmetropolitano.com.gt\/es\/guatemala-reafirma-compromiso-con-la-libertad-religiosa\/\">Leer m\u00e1s<\/a><\/p>\n","protected":false},"author":1,"featured_media":66713,"comment_status":"open","ping_status":"closed","sticky":false,"template":"","format":"standard","meta":{"footnotes":""},"categories":[2],"tags":[12],"class_list":["post-66712","post","type-post","status-publish","format-standard","has-post-thumbnail","hentry","category-nacionales","tag-nacionales"],"_links":{"self":[{"href":"https:\/\/elmetropolitano.com.gt\/es\/wp-json\/wp\/v2\/posts\/66712","targetHints":{"allow":["GET"]}}],"collection":[{"href":"https:\/\/elmetropolitano.com.gt\/es\/wp-json\/wp\/v2\/posts"}],"about":[{"href":"https:\/\/elmetropolitano.com.gt\/es\/wp-json\/wp\/v2\/types\/post"}],"author":[{"embeddable":true,"href":"https:\/\/elmetropolitano.com.gt\/es\/wp-json\/wp\/v2\/users\/1"}],"replies":[{"embeddable":true,"href":"https:\/\/elmetropolitano.com.gt\/es\/wp-json\/wp\/v2\/comments?post=66712"}],"version-history":[{"count":1,"href":"https:\/\/elmetropolitano.com.gt\/es\/wp-json\/wp\/v2\/posts\/66712\/revisions"}],"predecessor-version":[{"id":66716,"href":"https:\/\/elmetropolitano.com.gt\/es\/wp-json\/wp\/v2\/posts\/66712\/revisions\/66716"}],"wp:featuredmedia":[{"embeddable":true,"href":"https:\/\/elmetropolitano.com.gt\/es\/wp-json\/wp\/v2\/media\/66713"}],"wp:attachment":[{"href":"https:\/\/elmetropolitano.com.gt\/es\/wp-json\/wp\/v2\/media?parent=66712"}],"wp:term":[{"taxonomy":"category","embeddable":true,"href":"https:\/\/elmetropolitano.com.gt\/es\/wp-json\/wp\/v2\/categories?post=66712"},{"taxonomy":"post_tag","embeddable":true,"href":"https:\/\/elmetropolitano.com.gt\/es\/wp-json\/wp\/v2\/tags?post=66712"}],"curies":[{"name":"wp","href":"https:\/\/api.w.org\/{rel}","templated":true}]}}