{"id":66725,"date":"2023-05-31T13:11:47","date_gmt":"2023-05-31T19:11:47","guid":{"rendered":"https:\/\/elmetropolitano.com.gt\/es\/?p=66725"},"modified":"2023-05-31T13:11:48","modified_gmt":"2023-05-31T19:11:48","slug":"mesa-tecnica-para-conocer-ley-de-clases-pasivas-la-suspendieron-por-temor-y-cobrar-dietas","status":"publish","type":"post","link":"https:\/\/elmetropolitano.com.gt\/es\/mesa-tecnica-para-conocer-ley-de-clases-pasivas-la-suspendieron-por-temor-y-cobrar-dietas\/","title":{"rendered":"Mesa t\u00e9cnica para conocer ley de clases pasivas la suspendieron por temor y cobrar dietas"},"content":{"rendered":"\n<p>La ansiada mesa t\u00e9cnica en la que se iba a conocer una iniciativa de clases pasivas (la 5563) y que preside el diputado Javier Hern\u00e1ndez Franco qued\u00f3 suspendida bajo el argumento que los pensionados realizaban manifestaci\u00f3n obstruyendo el paso para que pudieran ingresar los presuntos participantes.<\/p>\n\n\n\n<p>Sin embargo, el l\u00edder del Comit\u00e9 por la Dignificaci\u00f3n de los Jubilados del Estado y al <a><\/a>Adulto Mayor (Codijeama) el ex diputado Erick Lainfiesta le aclar\u00f3 a Hern\u00e1ndez Franco que los pensionados que realizaban la manifestaci\u00f3n era pac\u00edfica y que ni siquiera estaban en las cercan\u00edas al ingreso del Palacio Legislativo.<\/p><div class=\"elmet-contenido\" id=\"elmet-1031884360\"><div class=\"elmet-adlabel\">Anuncios<\/div><div style=\"margin-top: 20px;margin-right: 20px;margin-bottom: 20px;margin-left: 20px;\" id=\"elmet-11315576\"><a href=\"https:\/\/www.facebook.com\/arrincuanantigua\/\" aria-label=\"cintillo-arrin-cual\"><img loading=\"lazy\" decoding=\"async\" src=\"https:\/\/elmetropolitano.com.gt\/es\/wp-content\/uploads\/2021\/11\/cintillo-arrin-cual-1.jpg\" alt=\"\"  srcset=\"https:\/\/elmetropolitano.com.gt\/es\/wp-content\/uploads\/2021\/11\/cintillo-arrin-cual-1.jpg 750w, https:\/\/elmetropolitano.com.gt\/es\/wp-content\/uploads\/2021\/11\/cintillo-arrin-cual-1-300x36.jpg 300w, https:\/\/elmetropolitano.com.gt\/es\/wp-content\/uploads\/2021\/11\/cintillo-arrin-cual-1-600x72.jpg 600w\" sizes=\"(max-width: 750px) 100vw, 750px\" width=\"750\" height=\"90\"   \/><\/a><\/div><\/div>\n\n\n\n<p>Lainfiesta expuso que con decisiones como las que asumi\u00f3 el actual parlamentario se da\u00f1a a 108 mil familias de jubilados y que daba la impresi\u00f3n que en el Congreso no quieren pagar los Q8,500 millones para las clases pasivas, adem\u00e1s que se estaba perdiendo el tiempo y cobrando dietas.<\/p>\n\n\n\n<p>Por su parte, Hern\u00e1ndez Franco asegur\u00f3 que esperaban que llegaran los l\u00edderes de los sindicatos de Salud y Educaci\u00f3n para poder completar la mesa t\u00e9cnica en la que ya estaban presentes los integrantes de la Comisi\u00f3n de Finanzas y de la Contralor\u00eda General de Cuentas.<\/p>\n\n\n\n<p>El l\u00edder de Codijeama se\u00f1al\u00f3 que no le parec\u00eda justo que llegaran los sindicatos, pues son de la clase activa y el tema es de la clase pasiva o de la tercera edad.<\/p>\n\n\n\n<p>Texto: Francisco Javier Hurtarte<\/p>\n\n\n\n<figure class=\"wp-block-gallery has-nested-images columns-default is-cropped wp-block-gallery-1 is-layout-flex wp-block-gallery-is-layout-flex\">\n<figure class=\"wp-block-image size-large\"><img loading=\"lazy\" decoding=\"async\" width=\"1024\" height=\"768\" data-id=\"66729\" src=\"https:\/\/elmetropolitano.com.gt\/es\/wp-content\/uploads\/2023\/05\/346652740_207481188889657_8942819931229620997_n-1024x768.jpg\" alt=\"\" class=\"wp-image-66729\" srcset=\"https:\/\/elmetropolitano.com.gt\/es\/wp-content\/uploads\/2023\/05\/346652740_207481188889657_8942819931229620997_n-1024x768.jpg 1024w, https:\/\/elmetropolitano.com.gt\/es\/wp-content\/uploads\/2023\/05\/346652740_207481188889657_8942819931229620997_n-300x225.jpg 300w, https:\/\/elmetropolitano.com.gt\/es\/wp-content\/uploads\/2023\/05\/346652740_207481188889657_8942819931229620997_n-768x576.jpg 768w, https:\/\/elmetropolitano.com.gt\/es\/wp-content\/uploads\/2023\/05\/346652740_207481188889657_8942819931229620997_n-1536x1152.jpg 1536w, https:\/\/elmetropolitano.com.gt\/es\/wp-content\/uploads\/2023\/05\/346652740_207481188889657_8942819931229620997_n-600x450.jpg 600w, https:\/\/elmetropolitano.com.gt\/es\/wp-content\/uploads\/2023\/05\/346652740_207481188889657_8942819931229620997_n.jpg 1600w\" sizes=\"auto, (max-width: 1024px) 100vw, 1024px\" \/><\/figure>\n\n\n\n<figure class=\"wp-block-image size-large\"><img loading=\"lazy\" decoding=\"async\" width=\"720\" height=\"960\" data-id=\"66727\" src=\"https:\/\/elmetropolitano.com.gt\/es\/wp-content\/uploads\/2023\/05\/348948451_1018222426253590_5115413887410245579_n.jpg\" alt=\"\" class=\"wp-image-66727\" srcset=\"https:\/\/elmetropolitano.com.gt\/es\/wp-content\/uploads\/2023\/05\/348948451_1018222426253590_5115413887410245579_n.jpg 720w, https:\/\/elmetropolitano.com.gt\/es\/wp-content\/uploads\/2023\/05\/348948451_1018222426253590_5115413887410245579_n-225x300.jpg 225w, https:\/\/elmetropolitano.com.gt\/es\/wp-content\/uploads\/2023\/05\/348948451_1018222426253590_5115413887410245579_n-600x800.jpg 600w\" sizes=\"auto, (max-width: 720px) 100vw, 720px\" \/><\/figure>\n\n\n\n<figure class=\"wp-block-image size-large\"><img loading=\"lazy\" decoding=\"async\" width=\"720\" height=\"960\" data-id=\"66728\" src=\"https:\/\/elmetropolitano.com.gt\/es\/wp-content\/uploads\/2023\/05\/349323832_2031697423837306_885042248617498545_n.jpg\" alt=\"\" class=\"wp-image-66728\" srcset=\"https:\/\/elmetropolitano.com.gt\/es\/wp-content\/uploads\/2023\/05\/349323832_2031697423837306_885042248617498545_n.jpg 720w, https:\/\/elmetropolitano.com.gt\/es\/wp-content\/uploads\/2023\/05\/349323832_2031697423837306_885042248617498545_n-225x300.jpg 225w, https:\/\/elmetropolitano.com.gt\/es\/wp-content\/uploads\/2023\/05\/349323832_2031697423837306_885042248617498545_n-600x800.jpg 600w\" sizes=\"auto, (max-width: 720px) 100vw, 720px\" \/><\/figure>\n<\/figure>\n","protected":false},"excerpt":{"rendered":"<p>La ansiada mesa t\u00e9cnica en la que se iba a conocer una iniciativa de clases pasivas (la 5563) y que preside el diputado Javier Hern\u00e1ndez Franco qued\u00f3 suspendida bajo el argumento que los pensionados realizaban manifestaci\u00f3n obstruyendo el paso para que pudieran ingresar los presuntos participantes. Sin embargo, el l\u00edder del Comit\u00e9 por la Dignificaci\u00f3n <a class=\"read-more\" href=\"https:\/\/elmetropolitano.com.gt\/es\/mesa-tecnica-para-conocer-ley-de-clases-pasivas-la-suspendieron-por-temor-y-cobrar-dietas\/\">Leer m\u00e1s<\/a><\/p>\n","protected":false},"author":1,"featured_media":66726,"comment_status":"open","ping_status":"closed","sticky":false,"template":"","format":"standard","meta":{"footnotes":""},"categories":[2],"tags":[12],"class_list":["post-66725","post","type-post","status-publish","format-standard","has-post-thumbnail","hentry","category-nacionales","tag-nacionales"],"_links":{"self":[{"href":"https:\/\/elmetropolitano.com.gt\/es\/wp-json\/wp\/v2\/posts\/66725","targetHints":{"allow":["GET"]}}],"collection":[{"href":"https:\/\/elmetropolitano.com.gt\/es\/wp-json\/wp\/v2\/posts"}],"about":[{"href":"https:\/\/elmetropolitano.com.gt\/es\/wp-json\/wp\/v2\/types\/post"}],"author":[{"embeddable":true,"href":"https:\/\/elmetropolitano.com.gt\/es\/wp-json\/wp\/v2\/users\/1"}],"replies":[{"embeddable":true,"href":"https:\/\/elmetropolitano.com.gt\/es\/wp-json\/wp\/v2\/comments?post=66725"}],"version-history":[{"count":1,"href":"https:\/\/elmetropolitano.com.gt\/es\/wp-json\/wp\/v2\/posts\/66725\/revisions"}],"predecessor-version":[{"id":66730,"href":"https:\/\/elmetropolitano.com.gt\/es\/wp-json\/wp\/v2\/posts\/66725\/revisions\/66730"}],"wp:featuredmedia":[{"embeddable":true,"href":"https:\/\/elmetropolitano.com.gt\/es\/wp-json\/wp\/v2\/media\/66726"}],"wp:attachment":[{"href":"https:\/\/elmetropolitano.com.gt\/es\/wp-json\/wp\/v2\/media?parent=66725"}],"wp:term":[{"taxonomy":"category","embeddable":true,"href":"https:\/\/elmetropolitano.com.gt\/es\/wp-json\/wp\/v2\/categories?post=66725"},{"taxonomy":"post_tag","embeddable":true,"href":"https:\/\/elmetropolitano.com.gt\/es\/wp-json\/wp\/v2\/tags?post=66725"}],"curies":[{"name":"wp","href":"https:\/\/api.w.org\/{rel}","templated":true}]}}