{"id":66731,"date":"2023-05-31T13:13:59","date_gmt":"2023-05-31T19:13:59","guid":{"rendered":"https:\/\/elmetropolitano.com.gt\/es\/?p=66731"},"modified":"2023-05-31T13:14:00","modified_gmt":"2023-05-31T19:14:00","slug":"reformas-a-la-lepp-se-daran-despues-de-las-elecciones","status":"publish","type":"post","link":"https:\/\/elmetropolitano.com.gt\/es\/reformas-a-la-lepp-se-daran-despues-de-las-elecciones\/","title":{"rendered":"Reformas a la LEPP se dar\u00e1n despu\u00e9s de las elecciones"},"content":{"rendered":"\n<p>El presidente de la Comisi\u00f3n de Asuntos Electorales, Jose In\u00e9s Castillo anunci\u00f3 hoy que despu\u00e9s de elecciones del 25 de junio, retomar\u00e1 la discusi\u00f3n de las reformas a la Ley Electoral y dePartidos Pol\u00edticos (LEPP).<\/p>\n\n\n\n<p>Su <a><\/a>anuncio lo hizo al reunirse con un grupo de j\u00f3venes que desean participar en estas elecciones conformando un comit\u00e9 c\u00edvico, pues dicen estar preocupados porque no existe mayor participaci\u00f3n.<\/p><div class=\"elmet-contenido\" id=\"elmet-2731808180\"><div class=\"elmet-adlabel\">Anuncios<\/div><div style=\"margin-top: 20px;margin-right: 20px;margin-bottom: 20px;margin-left: 20px;\" id=\"elmet-4117392449\"><a href=\"https:\/\/www.facebook.com\/arrincuanantigua\/\" aria-label=\"cintillo-arrin-cual\"><img loading=\"lazy\" decoding=\"async\" src=\"https:\/\/elmetropolitano.com.gt\/es\/wp-content\/uploads\/2021\/11\/cintillo-arrin-cual-1.jpg\" alt=\"\"  srcset=\"https:\/\/elmetropolitano.com.gt\/es\/wp-content\/uploads\/2021\/11\/cintillo-arrin-cual-1.jpg 750w, https:\/\/elmetropolitano.com.gt\/es\/wp-content\/uploads\/2021\/11\/cintillo-arrin-cual-1-300x36.jpg 300w, https:\/\/elmetropolitano.com.gt\/es\/wp-content\/uploads\/2021\/11\/cintillo-arrin-cual-1-600x72.jpg 600w\" sizes=\"(max-width: 750px) 100vw, 750px\" width=\"750\" height=\"90\"   \/><\/a><\/div><\/div>\n\n\n\n<p>Dicen que les preocupa el abstencionismo a pesar de que la democracia es relativamente joven con tan solo ocho elecciones presidenciales.<\/p>\n\n\n\n<p>Pero este comit\u00e9 c\u00edvico dice que es por falta de educaci\u00f3n y que los pol\u00edticos no pueden conectar con su electorado, ni con las redes sociales que existen hoy para poder promocionarse.<\/p>\n\n\n\n<p>Hay diferentes tipos de abstencionismopor diferentes factores.<\/p>\n\n\n\n<p>Los que no se empadronaron son otros o los que se fueron a vivir a otro departamento y que ya no les queda motivaci\u00f3n para volver al no haber actualizado la informaci\u00f3n: ya no van por econom\u00eda, por transporte o porque tienen que trabajar al siguiente d\u00eda.<\/p>\n\n\n\n<p>Pero tambi\u00e9n indicaron que los que han sufrido un accidente, tampoco podr\u00edan ir a votar.<\/p>\n\n\n\n<p>Otros que no quisieron empadronarse fueron por falta de motivaci\u00f3n de las autoridades electorales y hasta de los mismos pol\u00edticos.<\/p>\n\n\n\n<p>Por eso, dijo el diputado Castillo,es necesario realizar reformas a la Ley Electoral y de Partidos Pol\u00edticos cuanto antes y esa es la raz\u00f3n por la que empezar\u00e1n a trabajar con anticipaci\u00f3n despu\u00e9s de las elecciones.<\/p>\n\n\n\n<p>Texto: Francisco Javier Hurtarte<\/p>\n\n\n\n<p><a href=\"https:\/\/www.facebook.com\/hashtag\/eleccionesgt2023?__eep__=6&amp;__cft__[0]=AZXxVseoUpjGLBUXxw0r82EhloHPlhrdvaeCobjUZhWJm7xoKRgGTgaElDAsESb6RWYhffMqF2a1pyFm3pC7KWel5T2R0P7GjlWSkzfUND1cSJ4J52EQYVckLUJnKIBArZzBj_0Q5qagJtfG3ol2chfhpKFeGol_y94PLWClMjRzj3PjOM3fec8H_1EvVAh8-fA&amp;__tn__=*NK-R\">#EleccionesGT2023<\/a><\/p>\n\n\n\n<figure class=\"wp-block-gallery has-nested-images columns-default is-cropped wp-block-gallery-1 is-layout-flex wp-block-gallery-is-layout-flex\">\n<figure class=\"wp-block-image size-large\"><img loading=\"lazy\" decoding=\"async\" width=\"1024\" height=\"683\" data-id=\"66736\" src=\"https:\/\/elmetropolitano.com.gt\/es\/wp-content\/uploads\/2023\/05\/345639579_205425709028704_2425350075112970798_n-1024x683.jpg\" alt=\"\" class=\"wp-image-66736\" srcset=\"https:\/\/elmetropolitano.com.gt\/es\/wp-content\/uploads\/2023\/05\/345639579_205425709028704_2425350075112970798_n-1024x683.jpg 1024w, https:\/\/elmetropolitano.com.gt\/es\/wp-content\/uploads\/2023\/05\/345639579_205425709028704_2425350075112970798_n-300x200.jpg 300w, https:\/\/elmetropolitano.com.gt\/es\/wp-content\/uploads\/2023\/05\/345639579_205425709028704_2425350075112970798_n-768x512.jpg 768w, https:\/\/elmetropolitano.com.gt\/es\/wp-content\/uploads\/2023\/05\/345639579_205425709028704_2425350075112970798_n-600x400.jpg 600w, https:\/\/elmetropolitano.com.gt\/es\/wp-content\/uploads\/2023\/05\/345639579_205425709028704_2425350075112970798_n.jpg 1368w\" sizes=\"auto, (max-width: 1024px) 100vw, 1024px\" \/><\/figure>\n\n\n\n<figure class=\"wp-block-image size-large\"><img loading=\"lazy\" decoding=\"async\" width=\"960\" height=\"540\" data-id=\"66735\" src=\"https:\/\/elmetropolitano.com.gt\/es\/wp-content\/uploads\/2023\/05\/349011781_6979531298726832_6408122925820630989_n.jpg\" alt=\"\" class=\"wp-image-66735\" srcset=\"https:\/\/elmetropolitano.com.gt\/es\/wp-content\/uploads\/2023\/05\/349011781_6979531298726832_6408122925820630989_n.jpg 960w, https:\/\/elmetropolitano.com.gt\/es\/wp-content\/uploads\/2023\/05\/349011781_6979531298726832_6408122925820630989_n-300x169.jpg 300w, https:\/\/elmetropolitano.com.gt\/es\/wp-content\/uploads\/2023\/05\/349011781_6979531298726832_6408122925820630989_n-768x432.jpg 768w, https:\/\/elmetropolitano.com.gt\/es\/wp-content\/uploads\/2023\/05\/349011781_6979531298726832_6408122925820630989_n-600x338.jpg 600w\" sizes=\"auto, (max-width: 960px) 100vw, 960px\" \/><\/figure>\n\n\n\n<figure class=\"wp-block-image size-large\"><img loading=\"lazy\" decoding=\"async\" width=\"960\" height=\"640\" data-id=\"66733\" src=\"https:\/\/elmetropolitano.com.gt\/es\/wp-content\/uploads\/2023\/05\/349104287_552248213776734_5902136875705968123_n.jpg\" alt=\"\" class=\"wp-image-66733\" srcset=\"https:\/\/elmetropolitano.com.gt\/es\/wp-content\/uploads\/2023\/05\/349104287_552248213776734_5902136875705968123_n.jpg 960w, https:\/\/elmetropolitano.com.gt\/es\/wp-content\/uploads\/2023\/05\/349104287_552248213776734_5902136875705968123_n-300x200.jpg 300w, https:\/\/elmetropolitano.com.gt\/es\/wp-content\/uploads\/2023\/05\/349104287_552248213776734_5902136875705968123_n-768x512.jpg 768w, https:\/\/elmetropolitano.com.gt\/es\/wp-content\/uploads\/2023\/05\/349104287_552248213776734_5902136875705968123_n-600x400.jpg 600w\" sizes=\"auto, (max-width: 960px) 100vw, 960px\" \/><\/figure>\n\n\n\n<figure class=\"wp-block-image size-large\"><img loading=\"lazy\" decoding=\"async\" width=\"960\" height=\"640\" data-id=\"66734\" src=\"https:\/\/elmetropolitano.com.gt\/es\/wp-content\/uploads\/2023\/05\/350476526_181927481492317_8700560268552327261_n.jpg\" alt=\"\" class=\"wp-image-66734\" srcset=\"https:\/\/elmetropolitano.com.gt\/es\/wp-content\/uploads\/2023\/05\/350476526_181927481492317_8700560268552327261_n.jpg 960w, https:\/\/elmetropolitano.com.gt\/es\/wp-content\/uploads\/2023\/05\/350476526_181927481492317_8700560268552327261_n-300x200.jpg 300w, https:\/\/elmetropolitano.com.gt\/es\/wp-content\/uploads\/2023\/05\/350476526_181927481492317_8700560268552327261_n-768x512.jpg 768w, https:\/\/elmetropolitano.com.gt\/es\/wp-content\/uploads\/2023\/05\/350476526_181927481492317_8700560268552327261_n-600x400.jpg 600w\" sizes=\"auto, (max-width: 960px) 100vw, 960px\" \/><\/figure>\n<\/figure>\n","protected":false},"excerpt":{"rendered":"<p>El presidente de la Comisi\u00f3n de Asuntos Electorales, Jose In\u00e9s Castillo anunci\u00f3 hoy que despu\u00e9s de elecciones del 25 de junio, retomar\u00e1 la discusi\u00f3n de las reformas a la Ley Electoral y dePartidos Pol\u00edticos (LEPP). Su anuncio lo hizo al reunirse con un grupo de j\u00f3venes que desean participar en estas elecciones conformando un comit\u00e9 <a class=\"read-more\" href=\"https:\/\/elmetropolitano.com.gt\/es\/reformas-a-la-lepp-se-daran-despues-de-las-elecciones\/\">Leer m\u00e1s<\/a><\/p>\n","protected":false},"author":1,"featured_media":66732,"comment_status":"open","ping_status":"closed","sticky":false,"template":"","format":"standard","meta":{"footnotes":""},"categories":[2],"tags":[12],"class_list":["post-66731","post","type-post","status-publish","format-standard","has-post-thumbnail","hentry","category-nacionales","tag-nacionales"],"_links":{"self":[{"href":"https:\/\/elmetropolitano.com.gt\/es\/wp-json\/wp\/v2\/posts\/66731","targetHints":{"allow":["GET"]}}],"collection":[{"href":"https:\/\/elmetropolitano.com.gt\/es\/wp-json\/wp\/v2\/posts"}],"about":[{"href":"https:\/\/elmetropolitano.com.gt\/es\/wp-json\/wp\/v2\/types\/post"}],"author":[{"embeddable":true,"href":"https:\/\/elmetropolitano.com.gt\/es\/wp-json\/wp\/v2\/users\/1"}],"replies":[{"embeddable":true,"href":"https:\/\/elmetropolitano.com.gt\/es\/wp-json\/wp\/v2\/comments?post=66731"}],"version-history":[{"count":1,"href":"https:\/\/elmetropolitano.com.gt\/es\/wp-json\/wp\/v2\/posts\/66731\/revisions"}],"predecessor-version":[{"id":66737,"href":"https:\/\/elmetropolitano.com.gt\/es\/wp-json\/wp\/v2\/posts\/66731\/revisions\/66737"}],"wp:featuredmedia":[{"embeddable":true,"href":"https:\/\/elmetropolitano.com.gt\/es\/wp-json\/wp\/v2\/media\/66732"}],"wp:attachment":[{"href":"https:\/\/elmetropolitano.com.gt\/es\/wp-json\/wp\/v2\/media?parent=66731"}],"wp:term":[{"taxonomy":"category","embeddable":true,"href":"https:\/\/elmetropolitano.com.gt\/es\/wp-json\/wp\/v2\/categories?post=66731"},{"taxonomy":"post_tag","embeddable":true,"href":"https:\/\/elmetropolitano.com.gt\/es\/wp-json\/wp\/v2\/tags?post=66731"}],"curies":[{"name":"wp","href":"https:\/\/api.w.org\/{rel}","templated":true}]}}