{"id":66738,"date":"2023-05-31T13:15:11","date_gmt":"2023-05-31T19:15:11","guid":{"rendered":"https:\/\/elmetropolitano.com.gt\/es\/?p=66738"},"modified":"2023-05-31T13:15:12","modified_gmt":"2023-05-31T19:15:12","slug":"diputado-y-ex-funcionarios-buscan-cargos-en-conamigua","status":"publish","type":"post","link":"https:\/\/elmetropolitano.com.gt\/es\/diputado-y-ex-funcionarios-buscan-cargos-en-conamigua\/","title":{"rendered":"Diputado y ex funcionarios buscan cargos en CONAMIGUA"},"content":{"rendered":"\n<p>Ayer venci\u00f3 el plazo para entregardocumentos para los que quieran ocupar el cargo de secretario y subsecretario parala Comisi\u00f3n Nacional del Migrante de Guatemala (CONAMIGUA) cuya elecci\u00f3n se tendr\u00e1que realizar cuando los diputados al Congreso retornen del recesoparlamentario.<\/p>\n\n\n\n<p>Hoy el presidente de la comisi\u00f3n del Migrante , el diputado Juan Carlos Rodas Lucero, inform\u00f3 que luego que ayervenciera el tiempo para presentar <a><\/a>expedientes de los candidatos a dirigir dichoscargos, la Direcci\u00f3n Legislativa le entreg\u00f3 el listado de los aspirantes y queson diez.<\/p><div class=\"elmet-contenido\" id=\"elmet-3572819153\"><div class=\"elmet-adlabel\">Anuncios<\/div><div style=\"margin-top: 20px;margin-right: 20px;margin-bottom: 20px;margin-left: 20px;\" id=\"elmet-675579931\"><a href=\"https:\/\/www.facebook.com\/arrincuanantigua\/\" aria-label=\"cintillo-arrin-cual\"><img loading=\"lazy\" decoding=\"async\" src=\"https:\/\/elmetropolitano.com.gt\/es\/wp-content\/uploads\/2021\/11\/cintillo-arrin-cual-1.jpg\" alt=\"\"  srcset=\"https:\/\/elmetropolitano.com.gt\/es\/wp-content\/uploads\/2021\/11\/cintillo-arrin-cual-1.jpg 750w, https:\/\/elmetropolitano.com.gt\/es\/wp-content\/uploads\/2021\/11\/cintillo-arrin-cual-1-300x36.jpg 300w, https:\/\/elmetropolitano.com.gt\/es\/wp-content\/uploads\/2021\/11\/cintillo-arrin-cual-1-600x72.jpg 600w\" sizes=\"(max-width: 750px) 100vw, 750px\" width=\"750\" height=\"90\"   \/><\/a><\/div><\/div>\n\n\n\n<p>Entre los candidatos a secretario ysubsecretario de CONAMIGUA se encuentra el diputado Julio Lainfiesta R\u00edmola, deUCN. El ex congresista y migrante, Marcos Yax. La ex Relatora de la OficinaNacional de Prevenci\u00f3n de la Tortura, Silvia Villalta y Mildred Palencia, quientrabaja para la SAT.<\/p>\n\n\n\n<p>Adem\u00e1s de Ra\u00fal Berrios, actual secretario de CONAMIGUA y \u00c1lvaroCaballeros, subsecretario de esa entidad.<\/p>\n\n\n\n<p>A decir de Rodas Lucero la participaci\u00f3nbaj\u00f3. En la anterior oportunidad participaron 25 candidatos. Ahora s\u00f3lo 10. Detodas formas la comisi\u00f3n se reunir\u00e1 la pr\u00f3xima semana para distribuir losexpedientes, pues junio no trabajar\u00e1n por ser el mes electoral, por lo que se ver\u00e1nhasta despu\u00e9s de las elecciones.<\/p>\n\n\n\n<p>Eso s\u00ed, dijo Rodas Lucero, seanalizar\u00e1 los expedientes y llevar\u00e1n propuestas de los candidatos si llenan los requisitos o no.<\/p>\n\n\n\n<p>Texto: Francisco Javier Hurtarte<\/p>\n\n\n\n<p><\/p>\n","protected":false},"excerpt":{"rendered":"<p>Ayer venci\u00f3 el plazo para entregardocumentos para los que quieran ocupar el cargo de secretario y subsecretario parala Comisi\u00f3n Nacional del Migrante de Guatemala (CONAMIGUA) cuya elecci\u00f3n se tendr\u00e1que realizar cuando los diputados al Congreso retornen del recesoparlamentario. Hoy el presidente de la comisi\u00f3n del Migrante , el diputado Juan Carlos Rodas Lucero, inform\u00f3 que <a class=\"read-more\" href=\"https:\/\/elmetropolitano.com.gt\/es\/diputado-y-ex-funcionarios-buscan-cargos-en-conamigua\/\">Leer m\u00e1s<\/a><\/p>\n","protected":false},"author":1,"featured_media":66739,"comment_status":"open","ping_status":"closed","sticky":false,"template":"","format":"standard","meta":{"footnotes":""},"categories":[2],"tags":[12],"class_list":["post-66738","post","type-post","status-publish","format-standard","has-post-thumbnail","hentry","category-nacionales","tag-nacionales"],"_links":{"self":[{"href":"https:\/\/elmetropolitano.com.gt\/es\/wp-json\/wp\/v2\/posts\/66738","targetHints":{"allow":["GET"]}}],"collection":[{"href":"https:\/\/elmetropolitano.com.gt\/es\/wp-json\/wp\/v2\/posts"}],"about":[{"href":"https:\/\/elmetropolitano.com.gt\/es\/wp-json\/wp\/v2\/types\/post"}],"author":[{"embeddable":true,"href":"https:\/\/elmetropolitano.com.gt\/es\/wp-json\/wp\/v2\/users\/1"}],"replies":[{"embeddable":true,"href":"https:\/\/elmetropolitano.com.gt\/es\/wp-json\/wp\/v2\/comments?post=66738"}],"version-history":[{"count":1,"href":"https:\/\/elmetropolitano.com.gt\/es\/wp-json\/wp\/v2\/posts\/66738\/revisions"}],"predecessor-version":[{"id":66740,"href":"https:\/\/elmetropolitano.com.gt\/es\/wp-json\/wp\/v2\/posts\/66738\/revisions\/66740"}],"wp:featuredmedia":[{"embeddable":true,"href":"https:\/\/elmetropolitano.com.gt\/es\/wp-json\/wp\/v2\/media\/66739"}],"wp:attachment":[{"href":"https:\/\/elmetropolitano.com.gt\/es\/wp-json\/wp\/v2\/media?parent=66738"}],"wp:term":[{"taxonomy":"category","embeddable":true,"href":"https:\/\/elmetropolitano.com.gt\/es\/wp-json\/wp\/v2\/categories?post=66738"},{"taxonomy":"post_tag","embeddable":true,"href":"https:\/\/elmetropolitano.com.gt\/es\/wp-json\/wp\/v2\/tags?post=66738"}],"curies":[{"name":"wp","href":"https:\/\/api.w.org\/{rel}","templated":true}]}}