{"id":66753,"date":"2023-05-31T13:20:38","date_gmt":"2023-05-31T19:20:38","guid":{"rendered":"https:\/\/elmetropolitano.com.gt\/es\/?p=66753"},"modified":"2023-05-31T13:20:40","modified_gmt":"2023-05-31T19:20:40","slug":"visita-del-ministro-de-turismo-del-fondo-de-desarrollo-de-arabia-saudita","status":"publish","type":"post","link":"https:\/\/elmetropolitano.com.gt\/es\/visita-del-ministro-de-turismo-del-fondo-de-desarrollo-de-arabia-saudita\/","title":{"rendered":"Visita del ministro de Turismo del Fondo de Desarrollo de Arabia Saudita"},"content":{"rendered":"\n<p>El Presidente de la Rep\u00fablica Alejandro Giammattei recibi\u00f3 la visita del ministro de Turismo del Fondo de Desarrollo de Arabia Saudita, Ahmed AI Khateeb.<\/p>\n\n\n\n<p>El ministro de Relaciones Exteriores (Minex) guatemalteco coment\u00f3 acerca de la reuni\u00f3n: Vinieron a trabajar con los ministerios de Econom\u00eda y Finanzas para promover lazos de inversi\u00f3n y desarrollo de Arabia Saudita en Guatemala y de Guatemala en Arabia <a><\/a>Saudita.<\/p><div class=\"elmet-contenido\" id=\"elmet-3383681893\"><div class=\"elmet-adlabel\">Anuncios<\/div><div style=\"margin-top: 20px;margin-right: 20px;margin-bottom: 20px;margin-left: 20px;\" id=\"elmet-3974805761\"><a href=\"https:\/\/www.facebook.com\/arrincuanantigua\/\" aria-label=\"cintillo-arrin-cual\"><img loading=\"lazy\" decoding=\"async\" src=\"https:\/\/elmetropolitano.com.gt\/es\/wp-content\/uploads\/2021\/11\/cintillo-arrin-cual-1.jpg\" alt=\"\"  srcset=\"https:\/\/elmetropolitano.com.gt\/es\/wp-content\/uploads\/2021\/11\/cintillo-arrin-cual-1.jpg 750w, https:\/\/elmetropolitano.com.gt\/es\/wp-content\/uploads\/2021\/11\/cintillo-arrin-cual-1-300x36.jpg 300w, https:\/\/elmetropolitano.com.gt\/es\/wp-content\/uploads\/2021\/11\/cintillo-arrin-cual-1-600x72.jpg 600w\" sizes=\"(max-width: 750px) 100vw, 750px\" width=\"750\" height=\"90\"   \/><\/a><\/div><\/div>\n\n\n\n<p>Guatemala es el principal exportador de cardamomo para Arabia Saudita, y seguiremos trabajando con ellos en fortalecer estos lazos, expres\u00f3 el funcionario.<\/p>\n\n\n\n<p>Asimismo, queremos que Arabia Saudita se vuelva un \u2018hub\u2019 para la exportaci\u00f3n de nuestro cardamomo a otros pa\u00edses, se\u00f1al\u00f3.<\/p>\n\n\n\n<p>De igual manera, el canciller indic\u00f3 que se agradece el apoyo de Arabia Saudita en candidaturas que son importantes en planos multilaterales.<\/p>\n\n\n\n<p>Se est\u00e1 evaluando una visita de alto nivel de empresas estatales importantes de Arabia Saudita para continuar estos esfuerzos con las empresas, dijo el ministro del Minex.<\/p>\n\n\n\n<p>Cardamomo en Guatemala<\/p>\n\n\n\n<p>Se cultiva principalmente en 5 departamentos y su producci\u00f3n promedio se estima en 34 mil toneladas m\u00e9tricas. Su exportaci\u00f3n representa el 1.5 % del 15 % del producto interno bruto agr\u00edcola.<\/p>\n\n\n\n<p>De acuerdo con informes oficiales, su producci\u00f3n representa la base econ\u00f3mica de unas 350 mil personas. Las jurisdicciones en las cuales hay plantaciones del grano son Huehuetenango, Alta Verapaz, Baja Verapaz, Izabal y Quich\u00e9.<\/p>\n\n\n\n<p>Reuniones bilaterales<\/p>\n\n\n\n<p>Adem\u00e1s, en la IX Cumbre de Jefes de Estado de la Asociaci\u00f3n de Estados del Caribe, que se realiz\u00f3 del 5 al 12 de mayo, el Presidente de la Rep\u00fablica sostuvo varias reuniones bilaterales. En una de ellas se reuni\u00f3 con el ministro de Relaciones Exteriores de Arabia Saudita, el pr\u00edncipe Faisal bin Farhan Al Saud, fortaleciendo las relaciones de amistad y de cooperaci\u00f3n.<\/p>\n\n\n\n<p>Es un placer y honor estar aqu\u00ed en la Antigua Guatemala, esta hermosa e hist\u00f3rica ciudad donde tuvimos una excelente reuni\u00f3n con el Presidente y pude expresarle nuestro inter\u00e9s en incrementar el trabajo entre ambos pa\u00edses, indic\u00f3 el pr\u00edncipe.<\/p>\n\n\n\n<p>En cuanto a la historia, Guatemala y Arabia Saudita comenzaron relaciones diplom\u00e1ticas el 21 de abril de 2017. Desde esa fecha, ambas naciones han creado estrategias de trabajo para fomentar su desarrollo.<\/p>\n\n\n\n<figure class=\"wp-block-gallery has-nested-images columns-default is-cropped wp-block-gallery-1 is-layout-flex wp-block-gallery-is-layout-flex\">\n<figure class=\"wp-block-image size-large\"><img loading=\"lazy\" decoding=\"async\" width=\"1024\" height=\"678\" data-id=\"66757\" src=\"https:\/\/elmetropolitano.com.gt\/es\/wp-content\/uploads\/2023\/05\/345457023_285652463801553_2895583268710280514_n-1024x678.jpg\" alt=\"\" class=\"wp-image-66757\" srcset=\"https:\/\/elmetropolitano.com.gt\/es\/wp-content\/uploads\/2023\/05\/345457023_285652463801553_2895583268710280514_n-1024x678.jpg 1024w, https:\/\/elmetropolitano.com.gt\/es\/wp-content\/uploads\/2023\/05\/345457023_285652463801553_2895583268710280514_n-300x199.jpg 300w, https:\/\/elmetropolitano.com.gt\/es\/wp-content\/uploads\/2023\/05\/345457023_285652463801553_2895583268710280514_n-768x509.jpg 768w, https:\/\/elmetropolitano.com.gt\/es\/wp-content\/uploads\/2023\/05\/345457023_285652463801553_2895583268710280514_n-600x397.jpg 600w, https:\/\/elmetropolitano.com.gt\/es\/wp-content\/uploads\/2023\/05\/345457023_285652463801553_2895583268710280514_n.jpg 1262w\" sizes=\"auto, (max-width: 1024px) 100vw, 1024px\" \/><\/figure>\n\n\n\n<figure class=\"wp-block-image size-large\"><img loading=\"lazy\" decoding=\"async\" width=\"1024\" height=\"614\" data-id=\"66756\" src=\"https:\/\/elmetropolitano.com.gt\/es\/wp-content\/uploads\/2023\/05\/346493383_786702282803802_9079393321842804165_n-1024x614.jpg\" alt=\"\" class=\"wp-image-66756\" srcset=\"https:\/\/elmetropolitano.com.gt\/es\/wp-content\/uploads\/2023\/05\/346493383_786702282803802_9079393321842804165_n-1024x614.jpg 1024w, https:\/\/elmetropolitano.com.gt\/es\/wp-content\/uploads\/2023\/05\/346493383_786702282803802_9079393321842804165_n-300x180.jpg 300w, https:\/\/elmetropolitano.com.gt\/es\/wp-content\/uploads\/2023\/05\/346493383_786702282803802_9079393321842804165_n-768x461.jpg 768w, https:\/\/elmetropolitano.com.gt\/es\/wp-content\/uploads\/2023\/05\/346493383_786702282803802_9079393321842804165_n-600x360.jpg 600w, https:\/\/elmetropolitano.com.gt\/es\/wp-content\/uploads\/2023\/05\/346493383_786702282803802_9079393321842804165_n.jpg 1259w\" sizes=\"auto, (max-width: 1024px) 100vw, 1024px\" \/><\/figure>\n\n\n\n<figure class=\"wp-block-image size-large\"><img loading=\"lazy\" decoding=\"async\" width=\"1024\" height=\"632\" data-id=\"66755\" src=\"https:\/\/elmetropolitano.com.gt\/es\/wp-content\/uploads\/2023\/05\/348609059_272798658616424_4543325633259055594_n-1024x632.jpg\" alt=\"\" class=\"wp-image-66755\" srcset=\"https:\/\/elmetropolitano.com.gt\/es\/wp-content\/uploads\/2023\/05\/348609059_272798658616424_4543325633259055594_n-1024x632.jpg 1024w, https:\/\/elmetropolitano.com.gt\/es\/wp-content\/uploads\/2023\/05\/348609059_272798658616424_4543325633259055594_n-300x185.jpg 300w, https:\/\/elmetropolitano.com.gt\/es\/wp-content\/uploads\/2023\/05\/348609059_272798658616424_4543325633259055594_n-768x474.jpg 768w, https:\/\/elmetropolitano.com.gt\/es\/wp-content\/uploads\/2023\/05\/348609059_272798658616424_4543325633259055594_n-600x370.jpg 600w, https:\/\/elmetropolitano.com.gt\/es\/wp-content\/uploads\/2023\/05\/348609059_272798658616424_4543325633259055594_n.jpg 1261w\" sizes=\"auto, (max-width: 1024px) 100vw, 1024px\" \/><\/figure>\n<\/figure>\n","protected":false},"excerpt":{"rendered":"<p>El Presidente de la Rep\u00fablica Alejandro Giammattei recibi\u00f3 la visita del ministro de Turismo del Fondo de Desarrollo de Arabia Saudita, Ahmed AI Khateeb. El ministro de Relaciones Exteriores (Minex) guatemalteco coment\u00f3 acerca de la reuni\u00f3n: Vinieron a trabajar con los ministerios de Econom\u00eda y Finanzas para promover lazos de inversi\u00f3n y desarrollo de Arabia <a class=\"read-more\" href=\"https:\/\/elmetropolitano.com.gt\/es\/visita-del-ministro-de-turismo-del-fondo-de-desarrollo-de-arabia-saudita\/\">Leer m\u00e1s<\/a><\/p>\n","protected":false},"author":1,"featured_media":66754,"comment_status":"open","ping_status":"closed","sticky":false,"template":"","format":"standard","meta":{"footnotes":""},"categories":[2],"tags":[12],"class_list":["post-66753","post","type-post","status-publish","format-standard","has-post-thumbnail","hentry","category-nacionales","tag-nacionales"],"_links":{"self":[{"href":"https:\/\/elmetropolitano.com.gt\/es\/wp-json\/wp\/v2\/posts\/66753","targetHints":{"allow":["GET"]}}],"collection":[{"href":"https:\/\/elmetropolitano.com.gt\/es\/wp-json\/wp\/v2\/posts"}],"about":[{"href":"https:\/\/elmetropolitano.com.gt\/es\/wp-json\/wp\/v2\/types\/post"}],"author":[{"embeddable":true,"href":"https:\/\/elmetropolitano.com.gt\/es\/wp-json\/wp\/v2\/users\/1"}],"replies":[{"embeddable":true,"href":"https:\/\/elmetropolitano.com.gt\/es\/wp-json\/wp\/v2\/comments?post=66753"}],"version-history":[{"count":1,"href":"https:\/\/elmetropolitano.com.gt\/es\/wp-json\/wp\/v2\/posts\/66753\/revisions"}],"predecessor-version":[{"id":66758,"href":"https:\/\/elmetropolitano.com.gt\/es\/wp-json\/wp\/v2\/posts\/66753\/revisions\/66758"}],"wp:featuredmedia":[{"embeddable":true,"href":"https:\/\/elmetropolitano.com.gt\/es\/wp-json\/wp\/v2\/media\/66754"}],"wp:attachment":[{"href":"https:\/\/elmetropolitano.com.gt\/es\/wp-json\/wp\/v2\/media?parent=66753"}],"wp:term":[{"taxonomy":"category","embeddable":true,"href":"https:\/\/elmetropolitano.com.gt\/es\/wp-json\/wp\/v2\/categories?post=66753"},{"taxonomy":"post_tag","embeddable":true,"href":"https:\/\/elmetropolitano.com.gt\/es\/wp-json\/wp\/v2\/tags?post=66753"}],"curies":[{"name":"wp","href":"https:\/\/api.w.org\/{rel}","templated":true}]}}