{"id":66833,"date":"2023-05-31T16:54:33","date_gmt":"2023-05-31T22:54:33","guid":{"rendered":"https:\/\/elmetropolitano.com.gt\/es\/?p=66833"},"modified":"2023-05-31T16:54:34","modified_gmt":"2023-05-31T22:54:34","slug":"entidades-de-prensa-exigen-preeminencia-de-la-ley-de-emision-del-pensamiento","status":"publish","type":"post","link":"https:\/\/elmetropolitano.com.gt\/es\/entidades-de-prensa-exigen-preeminencia-de-la-ley-de-emision-del-pensamiento\/","title":{"rendered":"Entidades de prensa exigen preeminencia de la Ley de Emisi\u00f3n del Pensamiento"},"content":{"rendered":"\n<p>Entidades de prensa presentaron hoy una acci\u00f3n de amparo encaminada a que se respete la Constituci\u00f3n y que no se vulnere con una ley ordinaria, ya que sin periodismo cr\u00edtico o independiente no hay democracia, seg\u00fan expresaron por medio de un comunicado de prensa enviado a nuestra redacci\u00f3n.<\/p>\n\n\n\n<p>En el documento se\u00f1alan que en representaci\u00f3n de las entidades de prensa del pa\u00eds y de la sociedad guatemalteca, fue presentada hoy la acci\u00f3n constitucional de amparo ante una sala de apelaciones, por considerar que a la fecha se puede incurrir en vulnerar la constituci\u00f3n con una ley ordinaria, y con ello el debido proceso y la libertad de expresi\u00f3n, al perseguir judicialmente a periodistas y ciudadanos que hacen uso de ese derecho establecido en la carta magna.<\/p><div class=\"elmet-contenido\" id=\"elmet-3269135515\"><div class=\"elmet-adlabel\">Anuncios<\/div><div style=\"margin-top: 20px;margin-right: 20px;margin-bottom: 20px;margin-left: 20px;\" id=\"elmet-1627894194\"><a href=\"https:\/\/www.facebook.com\/arrincuanantigua\/\" aria-label=\"cintillo-arrin-cual\"><img loading=\"lazy\" decoding=\"async\" src=\"https:\/\/elmetropolitano.com.gt\/es\/wp-content\/uploads\/2021\/11\/cintillo-arrin-cual-1.jpg\" alt=\"\"  srcset=\"https:\/\/elmetropolitano.com.gt\/es\/wp-content\/uploads\/2021\/11\/cintillo-arrin-cual-1.jpg 750w, https:\/\/elmetropolitano.com.gt\/es\/wp-content\/uploads\/2021\/11\/cintillo-arrin-cual-1-300x36.jpg 300w, https:\/\/elmetropolitano.com.gt\/es\/wp-content\/uploads\/2021\/11\/cintillo-arrin-cual-1-600x72.jpg 600w\" sizes=\"(max-width: 750px) 100vw, 750px\" width=\"750\" height=\"90\"   \/><\/a><\/div><\/div>\n\n\n\n<p>El objetivo de la acci\u00f3n, adem\u00e1s de que se respete la preeminencia de la ley de Emisi\u00f3n del Pensamiento, es solicitarle al sistema de justicia penal de Guatemala garantizar el debido proceso y al Ministerio P\u00fablico, el estricto cumplimiento de las leyes constitucionales del pa\u00eds.<\/p>\n\n\n\n<p>Las entidades de prensa firmantes de esta acci\u00f3n son: Asociaci\u00f3n de Periodistas de Guatemala, C\u00e1mara de Locutores, Asociaci\u00f3n de Cronistas Deportivos, Federaci\u00f3n Guatemalteca de Escuelas Radiof\u00f3nicas y Red Rompe el Miedo Guatemala, quienes argumentan en el acto reclamado que prevalece la amenaza cierta y el riesgo inminente de que el MP se aleje de los principios de objetividad, transgreda su mandato legal de velar por el estricto cumplimiento de la ley y que se violenten los derechos de seguridad y certeza jur\u00eddica, as\u00ed como la Libertad de Prensa.<\/p>\n\n\n\n<p>La procedencia del amparo, en este caso, se extiende a toda situaci\u00f3n que sea susceptible de un riesgo, una amenaza, restricci\u00f3n o violaci\u00f3n a los derechos que la constituci\u00f3n y las leyes de la rep\u00fablica de Guatemala reconocen, ya sea que dicha situaci\u00f3n provenga de personas y entidades de derecho p\u00fablico o entidades de derecho privado.<\/p>\n\n\n\n<p>Las entidades de prensa se\u00f1alan que se ha observado con preocupaci\u00f3n, que se est\u00e9 utilizando la ley contra la delincuencia organizada, espec\u00edficamente en su art\u00edculo 9. Obstrucci\u00f3n de justicia, en contra de la preeminencia de la ley de emisi\u00f3n del pensamiento, que tiene rango constitucional y donde se especifica claramente: \u201ces libre la emisi\u00f3n del pensamiento por cualesquiera medio de difusi\u00f3n, sin censura ni licencia previa. Este derecho constitucional no podr\u00e1 ser restringido por ley o disposici\u00f3n gubernamental alguna\u201d.<\/p>\n\n\n\n<p>A\u00f1aden que es de resaltar que el art\u00edculo 35 de la constituci\u00f3n establece que \u201cno constituyen delito de calumnia o injuria los ataques a funcionarios o empleados p\u00fablicos por actos puramente oficiales, en el ejercicio de sus cargos, aun cuando hayan cesado en dichos cargos al momento de hab\u00e9rseles alguna imputaci\u00f3n, situaci\u00f3n que ata\u00f1e a la poblaci\u00f3n guatemalteca en general que tiene el derecho de expresarse por el actuar de los gobernantes y autoridades de su comunidad.<\/p>\n\n\n\n<p>Por tal motivo, la instancia de entidades de prensa hace un llamado para que cese el hostigamiento contra los periodistas y los medios de comunicaci\u00f3n que, haciendo\u00a0 uso de su derecho a investigar y de informar, promuevan la libertad de expresi\u00f3n en la sociedad, ya que sin periodismo cr\u00edtico e independiente, no hay democracia.<\/p>\n\n\n\n<p>#metroredes<\/p>\n\n\n\n<figure class=\"wp-block-gallery has-nested-images columns-default is-cropped wp-block-gallery-1 is-layout-flex wp-block-gallery-is-layout-flex\">\n<figure class=\"wp-block-image size-large\"><img loading=\"lazy\" decoding=\"async\" width=\"1024\" height=\"768\" data-id=\"66836\" src=\"https:\/\/elmetropolitano.com.gt\/es\/wp-content\/uploads\/2023\/05\/prensa-2-1-1024x768.jpg\" alt=\"\" class=\"wp-image-66836\" srcset=\"https:\/\/elmetropolitano.com.gt\/es\/wp-content\/uploads\/2023\/05\/prensa-2-1-1024x768.jpg 1024w, https:\/\/elmetropolitano.com.gt\/es\/wp-content\/uploads\/2023\/05\/prensa-2-1-300x225.jpg 300w, https:\/\/elmetropolitano.com.gt\/es\/wp-content\/uploads\/2023\/05\/prensa-2-1-768x576.jpg 768w, https:\/\/elmetropolitano.com.gt\/es\/wp-content\/uploads\/2023\/05\/prensa-2-1-1536x1152.jpg 1536w, https:\/\/elmetropolitano.com.gt\/es\/wp-content\/uploads\/2023\/05\/prensa-2-1-600x450.jpg 600w, https:\/\/elmetropolitano.com.gt\/es\/wp-content\/uploads\/2023\/05\/prensa-2-1.jpg 1600w\" sizes=\"auto, (max-width: 1024px) 100vw, 1024px\" \/><\/figure>\n\n\n\n<figure class=\"wp-block-image size-large\"><img loading=\"lazy\" decoding=\"async\" width=\"576\" height=\"1024\" data-id=\"66835\" src=\"https:\/\/elmetropolitano.com.gt\/es\/wp-content\/uploads\/2023\/05\/prensa-576x1024.jpg\" alt=\"\" class=\"wp-image-66835\" srcset=\"https:\/\/elmetropolitano.com.gt\/es\/wp-content\/uploads\/2023\/05\/prensa-576x1024.jpg 576w, https:\/\/elmetropolitano.com.gt\/es\/wp-content\/uploads\/2023\/05\/prensa-169x300.jpg 169w, https:\/\/elmetropolitano.com.gt\/es\/wp-content\/uploads\/2023\/05\/prensa-768x1366.jpg 768w, https:\/\/elmetropolitano.com.gt\/es\/wp-content\/uploads\/2023\/05\/prensa-864x1536.jpg 864w, https:\/\/elmetropolitano.com.gt\/es\/wp-content\/uploads\/2023\/05\/prensa-600x1067.jpg 600w, https:\/\/elmetropolitano.com.gt\/es\/wp-content\/uploads\/2023\/05\/prensa.jpg 899w\" sizes=\"auto, (max-width: 576px) 100vw, 576px\" \/><\/figure>\n<\/figure>\n","protected":false},"excerpt":{"rendered":"<p>Entidades de prensa presentaron hoy una acci\u00f3n de amparo encaminada a que se respete la Constituci\u00f3n y que no se vulnere con una ley ordinaria, ya que sin periodismo cr\u00edtico o independiente no hay democracia, seg\u00fan expresaron por medio de un comunicado de prensa enviado a nuestra redacci\u00f3n. En el documento se\u00f1alan que en representaci\u00f3n <a class=\"read-more\" href=\"https:\/\/elmetropolitano.com.gt\/es\/entidades-de-prensa-exigen-preeminencia-de-la-ley-de-emision-del-pensamiento\/\">Leer m\u00e1s<\/a><\/p>\n","protected":false},"author":1,"featured_media":66834,"comment_status":"open","ping_status":"closed","sticky":false,"template":"","format":"standard","meta":{"footnotes":""},"categories":[2],"tags":[12],"class_list":["post-66833","post","type-post","status-publish","format-standard","has-post-thumbnail","hentry","category-nacionales","tag-nacionales"],"_links":{"self":[{"href":"https:\/\/elmetropolitano.com.gt\/es\/wp-json\/wp\/v2\/posts\/66833","targetHints":{"allow":["GET"]}}],"collection":[{"href":"https:\/\/elmetropolitano.com.gt\/es\/wp-json\/wp\/v2\/posts"}],"about":[{"href":"https:\/\/elmetropolitano.com.gt\/es\/wp-json\/wp\/v2\/types\/post"}],"author":[{"embeddable":true,"href":"https:\/\/elmetropolitano.com.gt\/es\/wp-json\/wp\/v2\/users\/1"}],"replies":[{"embeddable":true,"href":"https:\/\/elmetropolitano.com.gt\/es\/wp-json\/wp\/v2\/comments?post=66833"}],"version-history":[{"count":1,"href":"https:\/\/elmetropolitano.com.gt\/es\/wp-json\/wp\/v2\/posts\/66833\/revisions"}],"predecessor-version":[{"id":66837,"href":"https:\/\/elmetropolitano.com.gt\/es\/wp-json\/wp\/v2\/posts\/66833\/revisions\/66837"}],"wp:featuredmedia":[{"embeddable":true,"href":"https:\/\/elmetropolitano.com.gt\/es\/wp-json\/wp\/v2\/media\/66834"}],"wp:attachment":[{"href":"https:\/\/elmetropolitano.com.gt\/es\/wp-json\/wp\/v2\/media?parent=66833"}],"wp:term":[{"taxonomy":"category","embeddable":true,"href":"https:\/\/elmetropolitano.com.gt\/es\/wp-json\/wp\/v2\/categories?post=66833"},{"taxonomy":"post_tag","embeddable":true,"href":"https:\/\/elmetropolitano.com.gt\/es\/wp-json\/wp\/v2\/tags?post=66833"}],"curies":[{"name":"wp","href":"https:\/\/api.w.org\/{rel}","templated":true}]}}