{"id":66838,"date":"2023-05-31T17:11:56","date_gmt":"2023-05-31T23:11:56","guid":{"rendered":"https:\/\/elmetropolitano.com.gt\/es\/?p=66838"},"modified":"2023-05-31T17:12:12","modified_gmt":"2023-05-31T23:12:12","slug":"observadores-de-naciones-unidas-visitan-el-metrpolitano","status":"publish","type":"post","link":"https:\/\/elmetropolitano.com.gt\/es\/observadores-de-naciones-unidas-visitan-el-metrpolitano\/","title":{"rendered":"Observadores de Naciones Unidas visitan El Metrpolitano"},"content":{"rendered":"\n<p>Tomas Nidr y Gloria Sierra, miembros de la misi\u00f3n de observaci\u00f3n electoral de la Uni\u00f3n Europea, visitaron nuestras instalaciones, donde se reunieron con el sub director de El Metropolitano, Mario Reyes, con quien dialogaron sobre el tema de las elecciones y nuestra labor como comunicadores.<\/p>\n\n\n\n<p>Tomas Nidr se\u00f1al\u00f3 la importancia de los medios de comunicaci\u00f3n en el proceso electoral y agradeci\u00f3 la oportunidad de poder escuchar nuestro punto de vista como medio de comunicaci\u00f3n que circula en distintos departamentos del pa\u00eds de manera gratuita.<\/p><div class=\"elmet-contenido\" id=\"elmet-1601174252\"><div class=\"elmet-adlabel\">Anuncios<\/div><div style=\"margin-top: 20px;margin-right: 20px;margin-bottom: 20px;margin-left: 20px;\" id=\"elmet-2534710503\"><a href=\"https:\/\/www.facebook.com\/arrincuanantigua\/\" aria-label=\"cintillo-arrin-cual\"><img loading=\"lazy\" decoding=\"async\" src=\"https:\/\/elmetropolitano.com.gt\/es\/wp-content\/uploads\/2021\/11\/cintillo-arrin-cual-1.jpg\" alt=\"\"  srcset=\"https:\/\/elmetropolitano.com.gt\/es\/wp-content\/uploads\/2021\/11\/cintillo-arrin-cual-1.jpg 750w, https:\/\/elmetropolitano.com.gt\/es\/wp-content\/uploads\/2021\/11\/cintillo-arrin-cual-1-300x36.jpg 300w, https:\/\/elmetropolitano.com.gt\/es\/wp-content\/uploads\/2021\/11\/cintillo-arrin-cual-1-600x72.jpg 600w\" sizes=\"(max-width: 750px) 100vw, 750px\" width=\"750\" height=\"90\"   \/><\/a><\/div><\/div>\n\n\n\n<p>A\u00f1adi\u00f3 que estar\u00e1n durante todo el proceso electoral de Guatemala en la primera y segunda vuelta, para conocer los pormenores de esta actividad que es de suma importancia para Guatemala y que los ojos de la comunidad internacional est\u00e1n puestos sobre los que los guatemaltecos hacen durante este evento c\u00edvico.<\/p>\n\n\n\n<p>Por nuestra parte el sub director del peri\u00f3dico, Mario Reyes, se\u00f1al\u00f3 que como medio de comunicaci\u00f3n hemos tratado de cumplir con nuestro deber de informar a la ciudadan\u00eda tanto en nuestros peri\u00f3dicos escritos como en nuestras plataformas digitales, para que las personas conozcan de las propuestas de los candidatos tanto a la presidencia como a las alcald\u00edas del pa\u00eds.<\/p>\n\n\n\n<p>Mario Reyes indic\u00f3 que en nuestros casi 23 a\u00f1os de ejercicio como medio de comunicaci\u00f3n&nbsp; hemos visto muchos procesos electorales y en todos hemos realizado nuestra labor de informar los programas de los distintos candidatos presidenciales, diputados y alcaldes, pues es necesario que los guatemaltecos conozcan bien los ofrecimientos para votar no por el nombre o el s\u00edmbolo sino por sus programas de gobierno local y central.<\/p>\n\n\n\n<p>Tomas Nidr agradeci\u00f3 el recibimiento y la informaci\u00f3n, pues dijo la importancia de nuestro medio que ya es conocido a nivel nacional e internacional y por esa raz\u00f3n nos buscaron para poder tener esta conversaci\u00f3n acerca del proceso electoral de Guatemala, el evento trascendental de este a\u00f1o.<\/p>\n\n\n\n<p>#metroredes<\/p>\n\n\n\n<figure class=\"wp-block-gallery has-nested-images columns-default is-cropped wp-block-gallery-1 is-layout-flex wp-block-gallery-is-layout-flex\"><\/figure>\n\n\n\n<figure class=\"wp-block-gallery has-nested-images columns-default is-cropped wp-block-gallery-2 is-layout-flex wp-block-gallery-is-layout-flex\">\n<figure class=\"wp-block-image size-large\"><img loading=\"lazy\" decoding=\"async\" width=\"1024\" height=\"682\" data-id=\"66842\" src=\"https:\/\/elmetropolitano.com.gt\/es\/wp-content\/uploads\/2023\/05\/observadores-3-1024x682.jpg\" alt=\"\" class=\"wp-image-66842\" srcset=\"https:\/\/elmetropolitano.com.gt\/es\/wp-content\/uploads\/2023\/05\/observadores-3-1024x682.jpg 1024w, https:\/\/elmetropolitano.com.gt\/es\/wp-content\/uploads\/2023\/05\/observadores-3-300x200.jpg 300w, https:\/\/elmetropolitano.com.gt\/es\/wp-content\/uploads\/2023\/05\/observadores-3-768x512.jpg 768w, https:\/\/elmetropolitano.com.gt\/es\/wp-content\/uploads\/2023\/05\/observadores-3-1536x1023.jpg 1536w, https:\/\/elmetropolitano.com.gt\/es\/wp-content\/uploads\/2023\/05\/observadores-3-600x400.jpg 600w, https:\/\/elmetropolitano.com.gt\/es\/wp-content\/uploads\/2023\/05\/observadores-3.jpg 1600w\" sizes=\"auto, (max-width: 1024px) 100vw, 1024px\" \/><\/figure>\n<\/figure>\n","protected":false},"excerpt":{"rendered":"<p>Tomas Nidr y Gloria Sierra, miembros de la misi\u00f3n de observaci\u00f3n electoral de la Uni\u00f3n Europea, visitaron nuestras instalaciones, donde se reunieron con el sub director de El Metropolitano, Mario Reyes, con quien dialogaron sobre el tema de las elecciones y nuestra labor como comunicadores. Tomas Nidr se\u00f1al\u00f3 la importancia de los medios de comunicaci\u00f3n <a class=\"read-more\" href=\"https:\/\/elmetropolitano.com.gt\/es\/observadores-de-naciones-unidas-visitan-el-metrpolitano\/\">Leer m\u00e1s<\/a><\/p>\n","protected":false},"author":1,"featured_media":66841,"comment_status":"open","ping_status":"closed","sticky":false,"template":"","format":"standard","meta":{"footnotes":""},"categories":[2],"tags":[12],"class_list":["post-66838","post","type-post","status-publish","format-standard","has-post-thumbnail","hentry","category-nacionales","tag-nacionales"],"_links":{"self":[{"href":"https:\/\/elmetropolitano.com.gt\/es\/wp-json\/wp\/v2\/posts\/66838","targetHints":{"allow":["GET"]}}],"collection":[{"href":"https:\/\/elmetropolitano.com.gt\/es\/wp-json\/wp\/v2\/posts"}],"about":[{"href":"https:\/\/elmetropolitano.com.gt\/es\/wp-json\/wp\/v2\/types\/post"}],"author":[{"embeddable":true,"href":"https:\/\/elmetropolitano.com.gt\/es\/wp-json\/wp\/v2\/users\/1"}],"replies":[{"embeddable":true,"href":"https:\/\/elmetropolitano.com.gt\/es\/wp-json\/wp\/v2\/comments?post=66838"}],"version-history":[{"count":2,"href":"https:\/\/elmetropolitano.com.gt\/es\/wp-json\/wp\/v2\/posts\/66838\/revisions"}],"predecessor-version":[{"id":66844,"href":"https:\/\/elmetropolitano.com.gt\/es\/wp-json\/wp\/v2\/posts\/66838\/revisions\/66844"}],"wp:featuredmedia":[{"embeddable":true,"href":"https:\/\/elmetropolitano.com.gt\/es\/wp-json\/wp\/v2\/media\/66841"}],"wp:attachment":[{"href":"https:\/\/elmetropolitano.com.gt\/es\/wp-json\/wp\/v2\/media?parent=66838"}],"wp:term":[{"taxonomy":"category","embeddable":true,"href":"https:\/\/elmetropolitano.com.gt\/es\/wp-json\/wp\/v2\/categories?post=66838"},{"taxonomy":"post_tag","embeddable":true,"href":"https:\/\/elmetropolitano.com.gt\/es\/wp-json\/wp\/v2\/tags?post=66838"}],"curies":[{"name":"wp","href":"https:\/\/api.w.org\/{rel}","templated":true}]}}